{"id":386155,"date":"2025-09-12T20:38:29","date_gmt":"2025-09-12T20:38:29","guid":{"rendered":"https:\/\/www.europesays.com\/fr\/386155\/"},"modified":"2025-09-12T20:38:29","modified_gmt":"2025-09-12T20:38:29","slug":"kate-middleton-comme-on-ne-la-jamais-vue-entre-t-shirt-tablier-et-chignon-noue-a-la-hate","status":"publish","type":"post","link":"https:\/\/www.europesays.com\/fr\/386155\/","title":{"rendered":"Kate Middleton comme on ne l&rsquo;a jamais vue, entre t-shirt, tablier et chignon nou\u00e9 \u00e0 la h\u00e2te"},"content":{"rendered":"<p class=\"mb-4 text-lg md:leading-8 break-words\">Depuis son arriv\u00e9e sur la sc\u00e8ne publique, il y a plus de vingt ans,\u00a0<a href=\"https:\/\/www.parismatch.com\/Royal-Blog\/Prince-William-Kate-Middleton-College-Lycee-Eton-Universite-St-Andrews-1691801\" rel=\"nofollow noopener\" target=\"_blank\" data-ylk=\"slk:au d\u00e9but de son histoire d&#039;amour avec le prince William;elm:context_link;itc:0;sec:content-canvas\" class=\"link \">au d\u00e9but de son histoire d&rsquo;amour avec le prince William<\/a>, Kate Middleton s&rsquo;est toujours appliqu\u00e9e \u00e0 pr\u00e9senter des looks impeccable o\u00f9 aucune m\u00e8che de cheveux ne d\u00e9passe. Plusieurs fois, la princesse a impressionn\u00e9 par sa capacit\u00e9 \u00e0 rester souriante et \u00e9l\u00e9gante en toute circonstance, <a href=\"https:\/\/www.parismatch.com\/Royal-Blog\/Kate-smash-gagnant-pour-une-jolie-maman-533791#3\" rel=\"nofollow noopener\" target=\"_blank\" data-ylk=\"slk:relevant des d\u00e9fis sportifs en escarpins;elm:context_link;itc:0;sec:content-canvas\" class=\"link \">relevant des d\u00e9fis sportifs en escarpins<\/a> et apparaissant coiff\u00e9e et maquill\u00e9e\u00a0<a href=\"https:\/\/www.parismatch.com\/Royal-Blog\/Kate-Middleton-sort-de-la-maternite-rayonnante-en-robe-rouge-1502333#3\" rel=\"nofollow noopener\" target=\"_blank\" data-ylk=\"slk:quelques heures apr\u00e8s avoir accouch\u00e9;elm:context_link;itc:0;sec:content-canvas\" class=\"link \">quelques heures apr\u00e8s avoir accouch\u00e9<\/a>.<\/p>\n<p class=\"mb-4 text-lg md:leading-8 break-words\">Ce 11 septembre cependant, c&rsquo;est un nouveau visage que l&rsquo;\u00e9pouse du prince William a d\u00e9voil\u00e9 <a href=\"https:\/\/www.parismatch.com\/Royal-Blog\/kate-middleton-en-solo-pour-defendre-la-mode-anglaise-grandes-retrouvailles-et-joli-clin-doeil-a-william-256897\" rel=\"nofollow noopener\" target=\"_blank\" data-ylk=\"slk:lors d&#039;une visite \u00e0 Cuxton;elm:context_link;itc:0;sec:content-canvas\" class=\"link \">lors d&rsquo;une visite \u00e0 Cuxton<\/a>, dans le Kent. Alors qu&rsquo;elle \u00e9changeait avec les ouvriers\u00a0 d&rsquo;une entreprises sp\u00e9cialis\u00e9e dans la s\u00e9rigraphie de tissus d&rsquo;ameublement, Kate Middleton a d\u00e9cid\u00e9 elle-m\u00eame de mettre la main \u00e0 la p\u00e2te, proc\u00e9dant alors \u00e0 quelques r\u00e9ajustements de style n\u00e9cessaires.<\/p>\n<p class=\"mb-4 text-lg md:leading-8 break-words\">Exit donc la veste de tailleur imprim\u00e9e prince de Galles Bella Freud, place au tablier de l&rsquo;entreprise port\u00e9 sur un t-shirt noir, la famille royale \u00e9tant officiellement toujours en deuil suite <a href=\"https:\/\/www.parismatch.com\/Royal-Blog\/mort-de-la-duchesse-de-kent-la-cousine-delizabeth-ii-la-famille-royale-britannique-en-deuil-256622\" rel=\"nofollow noopener\" target=\"_blank\" data-ylk=\"slk:au d\u00e9c\u00e8s de la duchesse de Kent;elm:context_link;itc:0;sec:content-canvas\" class=\"link \">au d\u00e9c\u00e8s de la duchesse de Kent<\/a>. Mais surtout : hors de question de garder les cheveux d\u00e9tach\u00e9s pour un travail n\u00e9cessitant de baisser la t\u00eate. Kate s&rsquo;est donc improvis\u00e9e coiffeuse afin de r\u00e9aliser un chignon \u00e0 la h\u00e2te, r\u00e9ussissant l&rsquo;exploit de maintenir sa chevelure en place, sans \u00e9pingles ni \u00e9lastique.<\/p>\n<p>Kate, s\u00e9rigraphe de talent<\/p>\n<p class=\"mb-4 text-lg md:leading-8 break-words\">Enfin pr\u00eate, la princesse a pu apprendre l&rsquo;art de la s\u00e9rigraphie, s&rsquo;appliquant \u00e0 reproduire les mouvements des profession&#8230;<\/p>\n<p class=\"mb-4 text-lg md:leading-8 break-words\"><a href=\"https:\/\/www.parismatch.com\/Royal-Blog\/kate-middleton-comme-on-ne-la-jamais-vue-entre-t-shirt-tablier-et-chignon-noue-a-la-hate-256958?at_medium=affiliate&amp;at_campaign=Yahoo\" rel=\"nofollow noopener\" target=\"_blank\" data-ylk=\"slk:Lire la suite sur ParisMatch;elm:context_link;itc:0;sec:content-canvas\" class=\"link \">Lire la suite sur ParisMatch<\/a><\/p>\n","protected":false},"excerpt":{"rendered":"Depuis son arriv\u00e9e sur la sc\u00e8ne publique, il y a plus de vingt ans,\u00a0au d\u00e9but de son histoire&hellip;\n","protected":false},"author":2,"featured_media":386156,"comment_status":"","ping_status":"","sticky":false,"template":"","format":"standard","meta":{"footnotes":""},"categories":[1359],"tags":[58,51870,59,1011,27,51869,5858,973,3936],"class_list":{"0":"post-386155","1":"post","2":"type-post","3":"status-publish","4":"format-standard","5":"has-post-thumbnail","7":"category-people","8":"tag-divertissement","9":"tag-duchesse-de-kent","10":"tag-entertainment","11":"tag-fr","12":"tag-france","13":"tag-histoire-damour","14":"tag-kate-middleton","15":"tag-people","16":"tag-prince-william"},"share_on_mastodon":{"url":"https:\/\/pubeurope.com\/@fr\/115193256707968600","error":""},"_links":{"self":[{"href":"https:\/\/www.europesays.com\/fr\/wp-json\/wp\/v2\/posts\/386155","targetHints":{"allow":["GET"]}}],"collection":[{"href":"https:\/\/www.europesays.com\/fr\/wp-json\/wp\/v2\/posts"}],"about":[{"href":"https:\/\/www.europesays.com\/fr\/wp-json\/wp\/v2\/types\/post"}],"author":[{"embeddable":true,"href":"https:\/\/www.europesays.com\/fr\/wp-json\/wp\/v2\/users\/2"}],"replies":[{"embeddable":true,"href":"https:\/\/www.europesays.com\/fr\/wp-json\/wp\/v2\/comments?post=386155"}],"version-history":[{"count":0,"href":"https:\/\/www.europesays.com\/fr\/wp-json\/wp\/v2\/posts\/386155\/revisions"}],"wp:featuredmedia":[{"embeddable":true,"href":"https:\/\/www.europesays.com\/fr\/wp-json\/wp\/v2\/media\/386156"}],"wp:attachment":[{"href":"https:\/\/www.europesays.com\/fr\/wp-json\/wp\/v2\/media?parent=386155"}],"wp:term":[{"taxonomy":"category","embeddable":true,"href":"https:\/\/www.europesays.com\/fr\/wp-json\/wp\/v2\/categories?post=386155"},{"taxonomy":"post_tag","embeddable":true,"href":"https:\/\/www.europesays.com\/fr\/wp-json\/wp\/v2\/tags?post=386155"}],"curies":[{"name":"wp","href":"https:\/\/api.w.org\/{rel}","templated":true}]}}