{"id":386159,"date":"2025-09-12T20:40:31","date_gmt":"2025-09-12T20:40:31","guid":{"rendered":"https:\/\/www.europesays.com\/fr\/386159\/"},"modified":"2025-09-12T20:40:31","modified_gmt":"2025-09-12T20:40:31","slug":"nine-antico-sur-une-obsession-ca-ne-minteresse-pas-de-dessiner-le-reel","status":"publish","type":"post","link":"https:\/\/www.europesays.com\/fr\/386159\/","title":{"rendered":"Nine Antico sur \u201cUne obsession\u201d : \u201c\u00c7a ne m\u2019int\u00e9resse pas de dessiner le r\u00e9el\u201d"},"content":{"rendered":"<p>Avec \u201cUne obsession\u201d, Nine Antico s\u2019interroge sur son d\u00e9sir en prenant Venise pour le d\u00e9cor d\u2019une autobiographie en BD percutante o\u00f9 elle revient sur les violences sexuelles qu\u2019elle a subies enfant. <\/p>\n<p>Deux ans apr\u00e8s <a href=\"https:\/\/www.lesinrocks.com\/livres\/madones-et-putains-nine-antico-poursuit-son-exploration-inspiree-du-feminin-527977-25-01-2023\/\" target=\"_blank\" rel=\"noopener\">Madones et Putains<\/a> (prix litt\u00e9raire BD les Inrockuptibles 2023) o\u00f9 elle revenait sur trois destins tragiques de femmes italiennes, la dessinatrice Nine Antico nous emm\u00e8ne cette fois-ci \u00e0 Venise pour Une obsession. Mais il s\u2019agit surtout pour elle de voyager dans sa propre histoire sentimentale et sexuelle, marqu\u00e9e par un viol commis sur elle durant l\u2019enfance, et l\u2019obsession de plaire. Ce retour \u00e0 l\u2019autobiographie \u2013 18 ans apr\u00e8s sa premi\u00e8re BD, Le Go\u00fbt du paradis \u2013 marque pour l\u2019autrice une fin de cycle.\u00a0Le court-m\u00e9trage, Le Fond Vert, prolonge Une obsession.<\/p>\n<p><strong>Comment est n\u00e9e Une Obsession\u00a0?<\/strong><\/p>\n<p><strong>Nine Antico \u2013<\/strong> Un an apr\u00e8s une s\u00e9paration, je me suis mise \u00e0 mon bureau pour r\u00e9fl\u00e9chir. Je me demandais\u00a0: \u201cqu\u2019est-ce qui m\u2019arrive\u00a0? Je suis toute perdue\u201d. J\u2019ai voulu \u00e9crire pour essayer de comprendre comment j\u2019avais d\u00e9sir\u00e9 et \u00e9t\u00e9 d\u00e9sir\u00e9e. J\u2019ai voulu d\u00e9cortiquer quelque chose dans laquelle je me noyais. J\u2019ai \u00e9crit un texte que j\u2019ai laiss\u00e9 dans un tiroir pendant deux ans, je ne suis pas \u00e9crivaine. Et puis quand je suis all\u00e9e \u00e0 Venise, j\u2019ai eu un flash\u00a0:\u00a0de par son histoire, c\u2019est la ville du d\u00e9sir, souvent compar\u00e9e \u00e0 une femme par les po\u00e8tes, donc le terrain propice. J\u2019ai exploit\u00e9 ce d\u00e9cor pour aller vers l\u2019autobiographie dessin\u00e9e.\u00a0<\/p>\n<p><strong>Tu t\u2019y livres beaucoup tout en t\u2019y repr\u00e9sentant masqu\u00e9e\u2026\u00a0<\/strong><\/p>\n<p>Les masques de carnaval cachent et r\u00e9v\u00e8lent \u00e0 la fois. Dans mon dessin, ils masquent \u00e0 peine les traits. Il y a aussi ce c\u00f4t\u00e9 commedia dell\u2019arte. \u00c0 Venise, le carnaval repr\u00e9sentait une lib\u00e9ration,\u00a0mais \u00e9tait aussi tr\u00e8s codifi\u00e9. Je joue avec les masques, mais je suis finalement tr\u00e8s sinc\u00e8re. Je ne pouvais pas tricher sinon le livre aurait perdu de sa force. Je parle de choses priv\u00e9es qui sont circonscrites \u00e0 un r\u00e9cit, il y a plein de choses que je ne dis pas. Je cache aussi avec des pixels des choses que je n\u2019avais pas envie de montrer.\u00a0<\/p>\n<p><strong>Tu sollicites beaucoup la litt\u00e9rature en commen\u00e7ant chaque chapitre par une citation au sujet de Venise.\u00a0<\/strong><\/p>\n<p>Je m\u2019imbibe de plein de livres, autant de films. Mettre en avant les citations, c\u2019est aussi l\u00e0 pour souligner l\u2019effet puzzle. Le \u201cje\u201d rejoint l\u2019universel, il s\u2019agit pour moi d\u2019essayer de comprendre ma trajectoire gr\u00e2ce au pass\u00e9, \u00e0 la culture. Dans mes bandes dessin\u00e9es, il y a d\u00e9sormais moins de cases, le texte est de plus en plus mis en avant. Je veux donner plus de poids aux mots et aux images. Trouver Venise c\u2019\u00e9tait important pour le fond et pour la forme. Je ne voulais pas faire du naturalisme, \u00e7a ne m\u2019int\u00e9resse pas de dessiner le r\u00e9el. Pour Une obsession, il fallait que je trouve une astuce pour d\u00e9caler le c\u00f4t\u00e9 prosa\u00efque d\u2019une phrase et avoir envie de la dessiner.\u00a0<\/p>\n<p><a href=\"https:\/\/www.europesays.com\/fr\/wp-content\/uploads\/2025\/09\/Page-8-t-2303x3071.jpg\" data-barba-prevent=\"\" data-pswp-width=\"2303\" data-pswp-height=\"3071\"><\/p>\n<p><img loading=\"lazy\" decoding=\"async\" width=\"2303\" height=\"3071\" src=\"data:image\/svg+xml,%3Csvg%20xmlns=\" http:=\"\" class=\"attachment-thumbnail size-thumbnail\" alt=\"&#10;&#10;\" data-lazy-src=\"https:\/\/www.europesays.com\/fr\/wp-content\/uploads\/2025\/09\/Page-8-t-2303x3071.jpg\"\/><\/p>\n<p><\/a><\/p>\n<p><strong>Dans le court-m\u00e9trage Le Fond vert que tu as r\u00e9alis\u00e9 en m\u00eame temps que la BD, tu as aussi recours au proc\u00e9d\u00e9 des citations.\u00a0<\/strong><\/p>\n<p>Le film et la bande dessin\u00e9e commencent et finissent pareil, mais le contenu y circule autrement. J\u2019avais envie d\u2019un film o\u00f9 le personnage de femme se demande si elle est capable d\u2019aller seule \u00e0 Venise apr\u00e8s sa s\u00e9paration. Va-t-elle y explorer sa libert\u00e9 ou, au contraire, est-ce que \u00e7a va \u00eatre un tsunami de tristesse\u00a0?\u00a0J\u2019ai gard\u00e9 pour la bande dessin\u00e9e les questionnements sur le d\u00e9sir, pour le film \u2013 qui est m\u00e9lancolique, mais plus l\u00e9ger \u2013 les interrogations sur l\u2019ind\u00e9pendance, la solitude, le voyage. Mon personnage y est jou\u00e9 par Jeanne Alechinsky avec, en voix off, Anne Steffens. C\u2019est aussi un hommage <a href=\"https:\/\/www.lesinrocks.com\/cinema\/30-ans-30-oeuvres-le-rayon-vert-deric-rohmer-79233-09-02-2016\/\" target=\"_blank\" rel=\"noopener\">au Rayon Vert d\u2019\u00c9ric Rohmer. <\/a><\/p>\n<p><strong>La lecture du <a href=\"https:\/\/www.lesinrocks.com\/livres\/le-consentement-un-recit-glacant-qui-denonce-la-pedophilie-de-gabriel-matzneff-301042-27-12-2019\/\" target=\"_blank\" rel=\"noopener\">Consentement de Vanessa Springora <\/a>a-t-elle \u00e9t\u00e9 d\u00e9cisive ?<\/strong><\/p>\n<p>Ses mots m\u2019ont boulevers\u00e9e. Elle a \u201cconsenti\u201d \u00e0 une relation quand elle \u00e9tait adolescente, elle a ressenti de la culpabilit\u00e9 alors qu\u2019elle a juste subi l\u2019ascendant d\u2019une personne qui savait tr\u00e8s bien pi\u00e9ger les enfants. Moi, ce qui m\u2019a envahi depuis mes 6-7 ans (Nine Antico a \u00e9t\u00e9 viol\u00e9e par \u201cC\u201d, un ami de sa famille, ndlr), c\u2019est l\u2019impression d\u2019avoir eu du mal \u00e0 nommer ce qui m\u2019\u00e9tait arriv\u00e9. \u00c0 chaque fois que j\u2019en parlais, je disais\u00a0: \u201cmais ce n\u2019est pas grave, je ne l\u2019ai pas mal v\u00e9cu\u201d. Le fait de ne pas savoir classer, c\u2019\u00e9tait finalement plus dur pour moi que si c\u2019\u00e9tait tr\u00e8s tranch\u00e9. L\u2019\u00e9motion que j\u2019ai ressentie dans ma sexualit\u00e9 par rapport \u00e0 \u201cC\u201d, n\u2019\u00e9tait pas un rideau lourd, net et pr\u00e9cis. C\u2019\u00e9tait plein de voiles, en transparence, qui s\u2019agitaient, que j\u2019essayais d\u2019ouvrir au fur et \u00e0 mesure.\u00a0<\/p>\n<p><a href=\"https:\/\/www.europesays.com\/fr\/wp-content\/uploads\/2025\/09\/Page-17-t-2303x3071.jpg\" data-barba-prevent=\"\" data-pswp-width=\"2303\" data-pswp-height=\"3071\"><\/p>\n<p><img loading=\"lazy\" decoding=\"async\" width=\"2303\" height=\"3071\" src=\"data:image\/svg+xml,%3Csvg%20xmlns=\" http:=\"\" class=\"attachment-thumbnail size-thumbnail\" alt=\"&#10;&#10;\" data-lazy-src=\"https:\/\/www.europesays.com\/fr\/wp-content\/uploads\/2025\/09\/Page-17-t-2303x3071.jpg\"\/><\/p>\n<p><\/a><\/p>\n<p><strong>Le viol n\u2019est pas le point du d\u00e9part d\u2019Une obsession\u2026<\/strong><\/p>\n<p>Alors que mon \u00e9ducation sentimentale et sexuelle s\u2019est construite de plein de strates, cet \u00e9v\u00e9nement en fait partie mais, comme le fait d\u2019\u00eatre m\u00e8re, il ne me d\u00e9finit pas dans l\u2019absolu. Je sais que \u00e7a a eu un impact, comme, par exemple, le fait que je devais \u00eatre deux \u00e0 la naissance, mais il ne doit pas tout vampiriser. Je ne veux pas \u00eatre priv\u00e9e de ma part obscure parce que j\u2019ai \u00e9t\u00e9 victime. Je ne suis pas d\u2019accord avec toutes les prises de position de <a href=\"https:\/\/www.lesinrocks.com\/cinema\/catherine-breillat-tout-ce-qui-est-raisonnable-membete-fondamentalement-588245-12-09-2023\/\" target=\"_blank\" rel=\"noopener\">Catherine Breillat, <\/a>mais je trouve important qu\u2019elle soit l\u00e0 et aille \u00e0 la lisi\u00e8re de l\u2019insupportable. Avec Une obsession, je voulais dire \u00f4 combien ce rapport \u00e0 la sexualit\u00e9, \u00e0 la libert\u00e9, au bien et au mal, aux fantasmes, \u00e9tait au centre de mes livres. Maintenant, j\u2019ai l\u2019impression d\u2019avoir fait le tour du cadran pour pouvoir aller vers autre chose. Je me suis d\u00e9nou\u00e9e de cette obsession.\u00a0<\/p>\n<p><strong>Une Obsession (Charivari\/Dargaud), 292p., 29,95\u20ac, en librairie. <\/strong><\/p>\n<p><strong>Exposition du 18 septembre au 1er novembre \u00e0 la galerie Martel (17 rue Martel, Paris 10e)\u00a0<\/strong><\/p>\n<p><strong>Rencontre et d\u00e9dicaces au festival Formula Bula \u00e0 Paris les 27 et 28 septembre<\/strong><\/p>\n","protected":false},"excerpt":{"rendered":"Avec \u201cUne obsession\u201d, Nine Antico s\u2019interroge sur son d\u00e9sir en prenant Venise pour le d\u00e9cor d\u2019une autobiographie en&hellip;\n","protected":false},"author":2,"featured_media":386160,"comment_status":"","ping_status":"","sticky":false,"template":"","format":"standard","meta":{"footnotes":""},"categories":[1357],"tags":[1379,8716,58,59,1011,27,1380],"class_list":{"0":"post-386159","1":"post","2":"type-post","3":"status-publish","4":"format-standard","5":"has-post-thumbnail","7":"category-livres","8":"tag-books","9":"tag-cafeyn","10":"tag-divertissement","11":"tag-entertainment","12":"tag-fr","13":"tag-france","14":"tag-livres"},"share_on_mastodon":{"url":"https:\/\/pubeurope.com\/@fr\/115193264812356869","error":""},"_links":{"self":[{"href":"https:\/\/www.europesays.com\/fr\/wp-json\/wp\/v2\/posts\/386159","targetHints":{"allow":["GET"]}}],"collection":[{"href":"https:\/\/www.europesays.com\/fr\/wp-json\/wp\/v2\/posts"}],"about":[{"href":"https:\/\/www.europesays.com\/fr\/wp-json\/wp\/v2\/types\/post"}],"author":[{"embeddable":true,"href":"https:\/\/www.europesays.com\/fr\/wp-json\/wp\/v2\/users\/2"}],"replies":[{"embeddable":true,"href":"https:\/\/www.europesays.com\/fr\/wp-json\/wp\/v2\/comments?post=386159"}],"version-history":[{"count":0,"href":"https:\/\/www.europesays.com\/fr\/wp-json\/wp\/v2\/posts\/386159\/revisions"}],"wp:featuredmedia":[{"embeddable":true,"href":"https:\/\/www.europesays.com\/fr\/wp-json\/wp\/v2\/media\/386160"}],"wp:attachment":[{"href":"https:\/\/www.europesays.com\/fr\/wp-json\/wp\/v2\/media?parent=386159"}],"wp:term":[{"taxonomy":"category","embeddable":true,"href":"https:\/\/www.europesays.com\/fr\/wp-json\/wp\/v2\/categories?post=386159"},{"taxonomy":"post_tag","embeddable":true,"href":"https:\/\/www.europesays.com\/fr\/wp-json\/wp\/v2\/tags?post=386159"}],"curies":[{"name":"wp","href":"https:\/\/api.w.org\/{rel}","templated":true}]}}