{"id":386161,"date":"2025-09-12T20:41:23","date_gmt":"2025-09-12T20:41:23","guid":{"rendered":"https:\/\/www.europesays.com\/fr\/386161\/"},"modified":"2025-09-12T20:41:23","modified_gmt":"2025-09-12T20:41:23","slug":"lepisode-de-ce-vendredi-12-septembre-sur-france-2-est-il-inedit","status":"publish","type":"post","link":"https:\/\/www.europesays.com\/fr\/386161\/","title":{"rendered":"l&rsquo;\u00e9pisode de ce vendredi 12 septembre sur France 2 est-il in\u00e9dit ?"},"content":{"rendered":"<p>L\u2019heure du crime sonne toujours le vendredi sur France 2. Depuis 2014, Corinne Masiero incarne la capitaine de gendarmerie Marleau <a href=\"https:\/\/www.diverto.tv\/actualites\/tele\/capitaine-marleau-lidentite-de-la-nouvelle-star-qui-rejoint-le-casting-enfin-devoilee\" rel=\"nofollow noopener\" target=\"_blank\">dans la s\u00e9rie Capitaine Marleau<\/a> imagin\u00e9e par Jos\u00e9e Dayan, dans laquelle on suit des enqu\u00eates criminelles plus rocambolesques les unes que les autres. Charm\u00e9s par le franc-parler et l\u2019humour ac\u00e9r\u00e9 de cette h\u00e9ro\u00efne peu commune, les t\u00e9l\u00e9spectatrices et les t\u00e9l\u00e9spectateurs ne se lassent pas des \u00e9pisodes qui sont r\u00e9guli\u00e8rement diffus\u00e9s le vendredi soir sur la deuxi\u00e8me cha\u00eene. On imagine donc que celui qui est diffus\u00e9 ce vendredi 12 septembre, et qui est intitul\u00e9 H\u00e9ros malgr\u00e9 lui, rencontrera beaucoup de succ\u00e8s aupr\u00e8s des fans. \u00c0 moins qu\u2019ils ne l\u2019aient d\u00e9j\u00e0 vu ?<\/p>\n<p>Apr\u00e8s la diffusion, le 29 ao\u00fbt dernier, de l\u2019\u00e9pisode <a href=\"https:\/\/www.diverto.tv\/actualites\/series\/capitaine-marleau-sur-france-2-qui-sont-les-invites-de-lepisode-inedit-diffuse-ce-soir\" rel=\"nofollow noopener\" target=\"_blank\">in\u00e9dit de la saison 4 intitul\u00e9 Le secret d\u2019Alba<\/a>, avec Catherine Hiegel, Philippe Bas et Marc Ruchmann, France 2 rediffuse des \u00e9pisodes de Capitaine Marleau en attendant le prochain in\u00e9dit. Le sc\u00e9nario de <a href=\"https:\/\/www.diverto.tv\/series\/capitaine-marleau\/heros-malgre-lui-4\" rel=\"nofollow noopener\" target=\"_blank\">H\u00e9ros malgr\u00e9 lui<\/a> aura donc un air de d\u00e9j\u00e0-vu pour les fans de la s\u00e9rie, tandis que cet \u00e9pisode de la saison 4 a \u00e9t\u00e9 diffus\u00e9 pour la premi\u00e8re fois en France en avril 2024. La capitaine de gendarmerie se rend dans les Vosges, o\u00f9 est r\u00e9cemment revenu Serge Duprat apr\u00e8s vingt ans pass\u00e9s en Guyane. Mais \u00e0 peine arriv\u00e9, il reprend la scierie familiale dont il vient d&rsquo;h\u00e9riter, tandis que son cousin, devenu en son absence directeur financier, meurt dans l&rsquo;incendie criminel de l&rsquo;usine. Pour Marleau, aucun doute : le revenant \u00e0 des choses a cacher. Un pressentiment confirm\u00e9 par l\u2019attitude du suspect et de sa m\u00e8re qui essayent de lui mettre des b\u00e2tons dans les roues\u2026<\/p>\n<p>O\u00f9 a \u00e9t\u00e9 tourn\u00e9 l\u2019\u00e9pisode H\u00e9ros malgr\u00e9 lui ?<\/p>\n<p>Dans l\u2019\u00e9pisode H\u00e9ros malgr\u00e9 lui, on retrouve, comme \u00e0 chaque \u00e9pisode de Capitaine Marleau, un casting impressionnant. Cette fois-ci, ce sont \u00c9ric Elmosnino, D\u00e9borah Fran\u00e7ois, Marisa Borini, Pierre Rochefort et Assa Sylla qui donnent la r\u00e9plique \u00e0 Corinne Masiero. Le tournage, qui a eu lieu du 20 septembre au 7 octobre 2022, s\u2019est d\u00e9roul\u00e9 dans le Bas-Rhin et dans les Vosges. Le sc\u00e9nario de cet \u00e9pisode semble quant \u00e0 lui inspir\u00e9 du film Les Grandes Gueules, sorti en 1965, \u00e9crit par Robert Enrico et Jos\u00e9 Giovanni d&rsquo;apr\u00e8s son roman Le Haut-Fer.<\/p>\n","protected":false},"excerpt":{"rendered":"L\u2019heure du crime sonne toujours le vendredi sur France 2. Depuis 2014, Corinne Masiero incarne la capitaine de&hellip;\n","protected":false},"author":2,"featured_media":386162,"comment_status":"","ping_status":"","sticky":false,"template":"","format":"standard","meta":{"footnotes":""},"categories":[1356],"tags":[58,59,1011,27,252,1364],"class_list":{"0":"post-386161","1":"post","2":"type-post","3":"status-publish","4":"format-standard","5":"has-post-thumbnail","7":"category-television","8":"tag-divertissement","9":"tag-entertainment","10":"tag-fr","11":"tag-france","12":"tag-television","13":"tag-tv"},"share_on_mastodon":{"url":"https:\/\/pubeurope.com\/@fr\/115193268469213280","error":""},"_links":{"self":[{"href":"https:\/\/www.europesays.com\/fr\/wp-json\/wp\/v2\/posts\/386161","targetHints":{"allow":["GET"]}}],"collection":[{"href":"https:\/\/www.europesays.com\/fr\/wp-json\/wp\/v2\/posts"}],"about":[{"href":"https:\/\/www.europesays.com\/fr\/wp-json\/wp\/v2\/types\/post"}],"author":[{"embeddable":true,"href":"https:\/\/www.europesays.com\/fr\/wp-json\/wp\/v2\/users\/2"}],"replies":[{"embeddable":true,"href":"https:\/\/www.europesays.com\/fr\/wp-json\/wp\/v2\/comments?post=386161"}],"version-history":[{"count":0,"href":"https:\/\/www.europesays.com\/fr\/wp-json\/wp\/v2\/posts\/386161\/revisions"}],"wp:featuredmedia":[{"embeddable":true,"href":"https:\/\/www.europesays.com\/fr\/wp-json\/wp\/v2\/media\/386162"}],"wp:attachment":[{"href":"https:\/\/www.europesays.com\/fr\/wp-json\/wp\/v2\/media?parent=386161"}],"wp:term":[{"taxonomy":"category","embeddable":true,"href":"https:\/\/www.europesays.com\/fr\/wp-json\/wp\/v2\/categories?post=386161"},{"taxonomy":"post_tag","embeddable":true,"href":"https:\/\/www.europesays.com\/fr\/wp-json\/wp\/v2\/tags?post=386161"}],"curies":[{"name":"wp","href":"https:\/\/api.w.org\/{rel}","templated":true}]}}