{"id":386171,"date":"2025-09-12T20:46:14","date_gmt":"2025-09-12T20:46:14","guid":{"rendered":"https:\/\/www.europesays.com\/fr\/386171\/"},"modified":"2025-09-12T20:46:14","modified_gmt":"2025-09-12T20:46:14","slug":"mask-singer-2025-la-liste-de-tous-les-costumes-de-la-saison-8-les-indices-et-nos-pronostics","status":"publish","type":"post","link":"https:\/\/www.europesays.com\/fr\/386171\/","title":{"rendered":"\u00ab\u00a0Mask Singer\u00a0\u00bb 2025 : La liste de tous les costumes de la saison 8, les indices et nos pronostics"},"content":{"rendered":"<p>            <img loading=\"lazy\" decoding=\"async\" src=\"https:\/\/www.europesays.com\/fr\/wp-content\/uploads\/2025\/04\/62-634431c674c20-35x35-1.jpg\" class=\"author-article-picture\" width=\"35\" height=\"35\"\/><\/p>\n<p>                Par<br \/>\n                                    <a class=\"author-article-bio-link\" href=\"https:\/\/www.ozap.com\/auteur\/benjamin-rabier_a62\" rel=\"nofollow noopener\" target=\"_blank\">Benjamin Rabier<\/a><br \/>\n                                                    | R\u00e9dacteur en chef<\/p>\n<p>\n                Addict aux audiences, Benjamin Rabier a chopp\u00e9 le virus de la t\u00e9l\u00e9vision gr\u00e2ce \u00e0 la \u00ab\u00a0Star Academy\u00a0\u00bb. Intrigu\u00e9 par l\u2019envers du d\u00e9cor, il a d\u00e9cid\u00e9 d\u2019en faire son m\u00e9tier. 20 ans plus tard, s\u2019il ne rate (presque) jamais un prime de \u00ab\u00a0The Voice\u00a0\u00bb, il peut vibrer devant une comp\u00e9tition sportive, se passionner pour un documentaire ou d\u00e9vorer une s\u00e9rie en un week-end.\n            <\/p>\n<p>\n    L&rsquo;enqu\u00eate pr\u00e9sent\u00e9e par Camille Combal recommence ce vendredi 12 septembre 2025 sur TF1.\n<\/p>\n<p>                            <img loading=\"lazy\" decoding=\"async\" class=\"player-thumbnail\" src=\"https:\/\/www.europesays.com\/fr\/wp-content\/uploads\/2025\/09\/92912b7cf88184f4-580x326-1.jpg\" width=\"580\" height=\"326\"\/><\/p>\n<p>                    La bande-annonce faite avec de l&rsquo;IA de \u00ab\u00a0Mask Singer\u00a0\u00bb saison 8.<\/p>\n<p>La suite apr\u00e8s la publicit\u00e9<\/p>\n<p>Surprendre, progresser chaque saison est un enjeu majeur. Une bonne moiti\u00e9 des stars bat des records dans son domaine, que ce soit au cin\u00e9ma, dans la musique ou le sport notamment. Surtout, je crois qu&rsquo;on a la plus grande star jamais invit\u00e9e, toutes \u00e9ditions confondues\u00a0\u00bb, tease la production de \u00ab\u00a0<a href=\"https:\/\/www.ozap.com\/actu\/mask-singer-quelle-star-internationale-se-cachait-sous-la-grenouille-et-a-ete-demasquee-ce-vendredi-20-juin-sur-tf1\/650486\" rel=\"nofollow noopener\" target=\"_blank\">Mask Singer<\/a>\u00ab\u00a0. Deux mois et demi apr\u00e8s la victoire de Lola Dubini &#8211; d\u00e9guis\u00e9e en Girafe &#8211; la comp\u00e9tition la plus d\u00e9lirante du PAF est de retour su TF1. Ce vendredi 12 septembre 2025, d\u00e8s 21h10, les t\u00e9l\u00e9spectateurs de la Une d\u00e9buteront leur grande enqu\u00eateur pour d\u00e9masquer les 15 nouvelles c\u00e9l\u00e9brit\u00e9s de la huiti\u00e8me saison de \u00ab\u00a0<a href=\"https:\/\/www.ozap.com\/actu\/mask-singer-2025-nouveautes-costumes-jures-casting-date-de-diffusion-tout-ce-qu-il-faut-savoir-sur-la-saison-8-de-l-emission-de-tf1\/651230\" rel=\"nofollow noopener\" target=\"_blank\">Mask Singer<\/a>\u00ab\u00a0. D\u00e8s ce soir, les 10 costumes en comp\u00e9tition feront leur apparition sur le plateau de Camille Combal tandis que 2 stars internationales et 3 enqu\u00eateurs guests viendront pimenter le jeu durant la saison.<\/p>\n<p>15 c\u00e9l\u00e9brit\u00e9s \u00e0 d\u00e9masquer cette ann\u00e9e<\/p>\n<p>Cette ann\u00e9e encore, les enqu\u00eateurs (<a href=\"https:\/\/www.ozap.com\/personnalite\/laurent-ruquier_e161\" rel=\"nofollow noopener\" target=\"_blank\">Laurent Ruquier<\/a>, <a href=\"https:\/\/www.ozap.com\/personnalite\/kev-adams_e204342\" rel=\"nofollow noopener\" target=\"_blank\">Kev Adams<\/a>, <a href=\"https:\/\/www.ozap.com\/personnalite\/chantal-ladesou_e309153\" rel=\"nofollow noopener\" target=\"_blank\">Chantal Ladesou<\/a> et <a href=\"https:\/\/www.ozap.com\/personnalite\/michael-youn_e160\" rel=\"nofollow noopener\" target=\"_blank\">Michael Yo\u00fbn<\/a>) devront d\u00e9busquer les personnalit\u00e9s dans des costumes totalement in\u00e9dits, et confectionn\u00e9s apr\u00e8s des heures de travail. Au programme : Un gladiateur, un lynx, mais aussi un robot, un doudou \u00e9toile, un castor, un lapin et m\u00eame un\u2026 plancton<\/p>\n<p>Puremedias.com vous propose de retrouver la liste des personnages ainsi que certains indices distill\u00e9s par la production \u00e0 l&rsquo;antenne ou sur les r\u00e9seaux sociaux. Enfin, vous pouvez retrouver nos pronostics sur les personnalit\u00e9s masqu\u00e9es de cette huiti\u00e8me \u00e9dition. <strong>Cet article sera \u00e9volutif et mis \u00e0 jour \u00e0 chaque prime de l&rsquo;\u00e9mission<\/strong>.<\/p>\n<p>A lire aussi : \u00ab\u00a0Mask Singer\u00a0\u00bb 2025 : Nouveaut\u00e9s, costumes, jur\u00e9s, casting, date de diffusion&#8230; Tout ce qu&rsquo;il faut savoir sur la saison 8 de l&rsquo;\u00e9mission de TF1<\/p>\n<p>Le Lynx<\/p>\n<p>Vous avez \u00e9t\u00e9 des dizaines de millions \u00e0 suivre mes aventures<\/p>\n<p>Un troph\u00e9e YouTube<br \/>Une grille de mots m\u00eal\u00e9s avec les mots \u00ab\u00a0Sportif\u00a0\u00bb, \u00ab\u00a0Digital\u00a0\u00bb et \u00ab\u00a0Buzz\u00a0\u00bb.\u00a0<br \/>Une photo de place du Capitole \u00e0 Toulouse.\u00a0<\/p>\n<p>R\u00e9sultat : Tibo InShape (Nouveaut\u00e9 de cette saison, le premier YouTubeur a \u00e9t\u00e9 r\u00e9v\u00e9l\u00e9 au public avant m\u00eame son passage sur TF1. \u00ab\u00a0Pour la premi\u00e8re fois, les t\u00e9l\u00e9spectateurs seront les complices d\u2019une des personnalit\u00e9s masqu\u00e9es de la saison, pour pi\u00e9ger les enqu\u00eateurs et Camille Combal (&#8230;) Gr\u00e2ce \u00e0 ce twist in\u00e9dit, les t\u00e9l\u00e9spectateurs connaitront l\u2019identit\u00e9 de la c\u00e9l\u00e9brit\u00e9 qui se cache sous ce personnage d\u00e8s le d\u00e9but de la saison, et suivront avec lui dans les coulisses de l\u2019\u00e9mission toute sa strat\u00e9gie pour parvenir \u00e0 pi\u00e9ger les enqu\u00eateurs d\u2019\u00e9pisode en \u00e9pisode\u00a0\u00bb avait annonc\u00e9 la cha\u00eene dans un communiqu\u00e9 il y a quelques semaines.<\/p>\n<p>Le gladiateur<\/p>\n<p>\u00c9quipe<br \/>Me mouiller pour des causes qui me tiennent \u00e0 coeur<br \/>J&rsquo;aime gagner<br \/>Son nombre porte bonheur : 13 (Marseille ?)<br \/>Ce n&rsquo;est pas Florent Manaudou<br \/>Ce n&rsquo;est pas un nageur professionnel<br \/>Bleu-blanc-rouge<\/p>\n<p>Pronostic : Georges-Alain Jones, Nikola Karabatic, S\u00e9bastien Chabal, Boris Diaw<\/p>\n<p>Directeur\u00a0<br \/>La cuisse<br \/>90 minutes<br \/>La t\u00eate pour marquer<br \/>Une photo d&rsquo;Antoine Griezmann<br \/>Ne travaille dans l&rsquo;univers du sport<\/p>\n<p>Pronostic : G\u00e9rard Holtz, Jean-Marc Dumontet, Lagaf<\/p>\n<p>Th\u00e8se\/Antith\u00e8se\/Synth\u00e8se<br \/>Tout quitt\u00e9 pour vivre ma passion<br \/>Je n&rsquo;ai pas toujours v\u00e9cu ici<br \/>\u00ab\u00a0J&rsquo;ai d\u00e9cid\u00e9 de raconter ma vie, celle de l&rsquo;histoire d&rsquo;un mec\u00a0\u00bb (r\u00e9f\u00e8rence \u00e0 Coluche)<br \/>Tatouages<\/p>\n<p>Pronostic : Ycare<\/p>\n<p>Un agneau<\/p>\n<p>Devant et derri\u00e8re la cam\u00e9ra<br \/>Conte de f\u00e9es<br \/>Jean-Paul Belmondo<\/p>\n<p>Pronostic : Chlo\u00e9 Jouannet, Lorie, Reem Kherici<\/p>\n<p>Le scarab\u00e9e<\/p>\n<p>Espagnol<br \/>Soleil<br \/>Couronne<br \/>1993 (ce n&rsquo;est pas son ann\u00e9e de naissance)<\/p>\n<p>Pronostic : Elisa Tovati<\/p>\n<p>Le plancton<\/p>\n<p>Bombe de cavalier<br \/>Shampoing<br \/>2<br \/>Un livre<br \/>1998<br \/>Humoriste<br \/>Voix famili\u00e8re \u00e0 ceux qui aiment le sport<\/p>\n<p>Pronostic : Nicolas Canteloup, Vincent Moscato<\/p>\n<p>A lire aussi : <a href=\"https:\/\/www.ozap.com\/actu\/mask-singer-2025-on-a-demasque-tous-les-costumes-de-la-saison-7\/650221\" rel=\"nofollow noopener\" target=\"_blank\">\u00ab\u00a0Mask Singer\u00a0\u00bb 2025 : On a d\u00e9masqu\u00e9 TOUS les costumes de la saison 7 !<\/a><\/p>\n<p>\u201cMask Singer\u201d : Patrick Duffy r\u00e9v\u00e8le comment il s\u2019est retrouv\u00e9 dans l\u2019\u00e9mission de TF1 alors qu\u2019il refuse de participer \u00e0 la version am\u00e9ricaine<\/p>\n","protected":false},"excerpt":{"rendered":"Par Benjamin Rabier | R\u00e9dacteur en chef Addict aux audiences, Benjamin Rabier a chopp\u00e9 le virus de la&hellip;\n","protected":false},"author":2,"featured_media":386172,"comment_status":"","ping_status":"","sticky":false,"template":"","format":"standard","meta":{"footnotes":""},"categories":[8],"tags":[58,59,1011,27],"class_list":{"0":"post-386171","1":"post","2":"type-post","3":"status-publish","4":"format-standard","5":"has-post-thumbnail","7":"category-divertissement","8":"tag-divertissement","9":"tag-entertainment","10":"tag-fr","11":"tag-france"},"share_on_mastodon":{"url":"","error":""},"_links":{"self":[{"href":"https:\/\/www.europesays.com\/fr\/wp-json\/wp\/v2\/posts\/386171","targetHints":{"allow":["GET"]}}],"collection":[{"href":"https:\/\/www.europesays.com\/fr\/wp-json\/wp\/v2\/posts"}],"about":[{"href":"https:\/\/www.europesays.com\/fr\/wp-json\/wp\/v2\/types\/post"}],"author":[{"embeddable":true,"href":"https:\/\/www.europesays.com\/fr\/wp-json\/wp\/v2\/users\/2"}],"replies":[{"embeddable":true,"href":"https:\/\/www.europesays.com\/fr\/wp-json\/wp\/v2\/comments?post=386171"}],"version-history":[{"count":0,"href":"https:\/\/www.europesays.com\/fr\/wp-json\/wp\/v2\/posts\/386171\/revisions"}],"wp:featuredmedia":[{"embeddable":true,"href":"https:\/\/www.europesays.com\/fr\/wp-json\/wp\/v2\/media\/386172"}],"wp:attachment":[{"href":"https:\/\/www.europesays.com\/fr\/wp-json\/wp\/v2\/media?parent=386171"}],"wp:term":[{"taxonomy":"category","embeddable":true,"href":"https:\/\/www.europesays.com\/fr\/wp-json\/wp\/v2\/categories?post=386171"},{"taxonomy":"post_tag","embeddable":true,"href":"https:\/\/www.europesays.com\/fr\/wp-json\/wp\/v2\/tags?post=386171"}],"curies":[{"name":"wp","href":"https:\/\/api.w.org\/{rel}","templated":true}]}}