{"id":386177,"date":"2025-09-12T20:49:11","date_gmt":"2025-09-12T20:49:11","guid":{"rendered":"https:\/\/www.europesays.com\/fr\/386177\/"},"modified":"2025-09-12T20:49:11","modified_gmt":"2025-09-12T20:49:11","slug":"un-immigre-en-situation-irreguliere-tue-par-la-police-a-chicago-en-tentant-dechapper-a-une-arrestation","status":"publish","type":"post","link":"https:\/\/www.europesays.com\/fr\/386177\/","title":{"rendered":"un immigr\u00e9 en situation irr\u00e9guli\u00e8re tu\u00e9 par la police \u00e0 Chicago en tentant d&rsquo;\u00e9chapper \u00e0 une arrestation"},"content":{"rendered":"<p>Une op\u00e9ration baptis\u00e9e \u00abMidway blitz\u00bb avait \u00e9t\u00e9 lanc\u00e9e quatre jours plus t\u00f4t dans l\u2019\u00c9tat de l\u2019Illinois pour lutter contre l\u2019immigration ill\u00e9gale.<\/p>\n<p class=\"fig-paragraph\">Un immigr\u00e9 en situation irr\u00e9guli\u00e8re a \u00e9t\u00e9 tu\u00e9 vendredi \u00e0\u00a0<a href=\"http:\/\/www.lefigaro.fr\/international\/etats-unis-donald-trump-menace-encore-chicago-d-intervention-militaire-le-gouverneur-denonce-un-dictateur-en-puissance-20250906\" data-fig-type=\"NewsFlash\" data-gtm-custom-categorie=\"navigation\" data-gtm-custom-action=\"crossclick\" data-gtm-custom-label=\"Contextuel\" data-gtm-event=\"customEventSPE\" data-fig-domain=\"LEFIGARO\" rel=\"nofollow noopener\" target=\"_blank\">Chicago<\/a>\u00a0en refusant d&rsquo;obtemp\u00e9rer \u00e0 un contr\u00f4le de la police f\u00e9d\u00e9rale de l&rsquo;immigration (ICE), a annonc\u00e9 le minist\u00e8re am\u00e9ricain de la S\u00e9curit\u00e9 int\u00e9rieure, quatre jours apr\u00e8s\u00a0<a href=\"http:\/\/www.lefigaro.fr\/international\/midway-blitz-l-administration-trump-lance-une-operation-contre-la-criminalite-a-chicago-20250908\" data-fig-type=\"Article\" data-gtm-custom-categorie=\"navigation\" data-gtm-custom-action=\"crossclick\" data-gtm-custom-label=\"Contextuel\" data-gtm-event=\"customEventSPE\" data-fig-domain=\"LEFIGARO\" rel=\"nofollow noopener\" target=\"_blank\">le lancement d&rsquo;une vaste op\u00e9ration<\/a>\u00a0dans l&rsquo;\u00c9tat de l&rsquo;Illinois. Vendredi matin dans la m\u00e9tropole du nord des \u00c9tats-Unis, \u00abdes agents d&rsquo;ICE ont stopp\u00e9 un v\u00e9hicule pour arr\u00eater Silverio Villegas-Gonzalez\u00bb, a affirm\u00e9 le minist\u00e8re dans un communiqu\u00e9, sans pr\u00e9ciser sa nationalit\u00e9.<\/p>\n<p class=\"fig-paragraph\">\u00abIl a refus\u00e9 de suivre les instructions des agents et a lanc\u00e9 sa voiture sur eux. Un des policiers d&rsquo;ICE a \u00e9t\u00e9 touch\u00e9 par la voiture et tra\u00een\u00e9 sur une distance significative. Craignant pour sa vie, il a utilis\u00e9 son arme\u00bb, ajoute le minist\u00e8re. \u00abLe policier a subi de multiples blessures et est dans un \u00e9tat stable. L&rsquo;immigr\u00e9 en situation irr\u00e9guli\u00e8re a \u00e9t\u00e9 d\u00e9clar\u00e9 mort\u00bb, selon le texte.Silverio Villegas-Gonzalez avait \u00abdes ant\u00e9c\u00e9dents de conduite dangereuse. Il \u00e9tait entr\u00e9 dans le pays \u00e0 une date inconnue\u00bb, pr\u00e9cise le minist\u00e8re pour justifier sa d\u00e9signation comme \u00abcriminel\u00bb.<\/p>\n<p>                                    <a class=\"fig-a11y-skip a11y-hidden\" href=\"#fig-a11y-skip-main-inarticle\"><br \/>\n        Passer la publicit\u00e9<br \/>\n    <\/a><\/p>\n<p>Trump menace de d\u00e9ployer des militaires de la Garde nationale \u00e0 Chicago<\/p>\n<p class=\"fig-paragraph\">L&rsquo;administration Trump a annonc\u00e9 lundi lancer une op\u00e9ration d&rsquo;ICE baptis\u00e9e \u00abMidway blitz\u00bb, visant \u00ables immigr\u00e9s ill\u00e9gaux criminels qui terrorisent les Am\u00e9ricains\u00bb dans l&rsquo;Illinois, gouvern\u00e9 par les d\u00e9mocrates. Donald Trump a adopt\u00e9 la semaine derni\u00e8re une rh\u00e9torique ultra-violente contre Chicago, qu&rsquo;il qualifie de \u00abtrous \u00e0 rats\u00bb ou encore de \u00abcapitale mondiale du meurtre\u00bb et menace d&rsquo;y d\u00e9ployer des militaires de la Garde nationale<a href=\"http:\/\/www.lefigaro.fr\/flash-actu\/etats-unis-les-images-de-la-garde-nationale-a-washington-en-train-de-ramasser-les-dechets-20250827\" data-fig-type=\"NewsFlash\" data-gtm-custom-categorie=\"navigation\" data-gtm-custom-action=\"crossclick\" data-gtm-custom-label=\"Contextuel\" data-gtm-event=\"customEventSPE\" data-fig-domain=\"LEFIGARO\" rel=\"nofollow noopener\" target=\"_blank\">\u00a0comme il l&rsquo;a fait \u00e0 Washington<\/a>, la capitale f\u00e9d\u00e9rale, en ao\u00fbt.<\/p>\n<p class=\"fig-paragraph\">Le pr\u00e9sident am\u00e9ricain a \u00e9rig\u00e9 la lutte contre l&rsquo;immigration clandestine en priorit\u00e9 absolue, \u00e9voquant une \u00abinvasion\u00bb des \u00c9tats-Unis par des \u00abcriminels venus de l&rsquo;\u00e9tranger\u00bb et communiquant abondamment sur les expulsions d&rsquo;immigr\u00e9s.<\/p>\n","protected":false},"excerpt":{"rendered":"Une op\u00e9ration baptis\u00e9e \u00abMidway blitz\u00bb avait \u00e9t\u00e9 lanc\u00e9e quatre jours plus t\u00f4t dans l\u2019\u00c9tat de l\u2019Illinois pour lutter&hellip;\n","protected":false},"author":2,"featured_media":386178,"comment_status":"","ping_status":"","sticky":false,"template":"","format":"standard","meta":{"footnotes":""},"categories":[5],"tags":[11,17005,1011,27,20706,14,12,1072,28],"class_list":{"0":"post-386177","1":"post","2":"type-post","3":"status-publish","4":"format-standard","5":"has-post-thumbnail","7":"category-international","8":"tag-actualites","9":"tag-chicago","10":"tag-fr","11":"tag-france","12":"tag-immigration-illegale","13":"tag-international","14":"tag-news","15":"tag-police","16":"tag-world"},"share_on_mastodon":{"url":"https:\/\/pubeurope.com\/@fr\/115193299864019961","error":""},"_links":{"self":[{"href":"https:\/\/www.europesays.com\/fr\/wp-json\/wp\/v2\/posts\/386177","targetHints":{"allow":["GET"]}}],"collection":[{"href":"https:\/\/www.europesays.com\/fr\/wp-json\/wp\/v2\/posts"}],"about":[{"href":"https:\/\/www.europesays.com\/fr\/wp-json\/wp\/v2\/types\/post"}],"author":[{"embeddable":true,"href":"https:\/\/www.europesays.com\/fr\/wp-json\/wp\/v2\/users\/2"}],"replies":[{"embeddable":true,"href":"https:\/\/www.europesays.com\/fr\/wp-json\/wp\/v2\/comments?post=386177"}],"version-history":[{"count":0,"href":"https:\/\/www.europesays.com\/fr\/wp-json\/wp\/v2\/posts\/386177\/revisions"}],"wp:featuredmedia":[{"embeddable":true,"href":"https:\/\/www.europesays.com\/fr\/wp-json\/wp\/v2\/media\/386178"}],"wp:attachment":[{"href":"https:\/\/www.europesays.com\/fr\/wp-json\/wp\/v2\/media?parent=386177"}],"wp:term":[{"taxonomy":"category","embeddable":true,"href":"https:\/\/www.europesays.com\/fr\/wp-json\/wp\/v2\/categories?post=386177"},{"taxonomy":"post_tag","embeddable":true,"href":"https:\/\/www.europesays.com\/fr\/wp-json\/wp\/v2\/tags?post=386177"}],"curies":[{"name":"wp","href":"https:\/\/api.w.org\/{rel}","templated":true}]}}