{"id":386182,"date":"2025-09-12T20:52:21","date_gmt":"2025-09-12T20:52:21","guid":{"rendered":"https:\/\/www.europesays.com\/fr\/386182\/"},"modified":"2025-09-12T20:52:21","modified_gmt":"2025-09-12T20:52:21","slug":"saint-etienne-letrange-cafe-un-veritable-cabinet-de-curiosites-rue-de-la-republique","status":"publish","type":"post","link":"https:\/\/www.europesays.com\/fr\/386182\/","title":{"rendered":"Saint-\u00c9tienne. L\u2019\u00c9trange Caf\u00e9, un v\u00e9ritable cabinet de curiosit\u00e9s rue de la R\u00e9publique"},"content":{"rendered":"<p>D\u2019origine irlandaise par son p\u00e8re mais n\u00e9e \u00e0 Dijon, June Burke, 26 ans, a eu un v\u00e9ritable coup de c\u0153ur pour Saint-\u00c9tienne. C\u2019est donc tout naturellement ici qu\u2019elle a d\u00e9cid\u00e9 de lancer le projet qu\u2019elle m\u00fbrissait de longue date\u00a0: cr\u00e9er un caf\u00e9 sur le th\u00e8me des cabinets de curiosit\u00e9s, avec des livres anciens ou des collections d\u2019histoire naturelle, le tout dans une ambiance cosy.<\/p>\n<p>\u00ab\u00a0J\u2019ai une formation artistique et j\u2019ai d\u00e9velopp\u00e9 une v\u00e9ritable passion pour les cabinets de curiosit\u00e9s. L\u2019id\u00e9e du caf\u00e9 est venue progressivement lorsque, avec mon partenaire, on a constat\u00e9 l\u2019int\u00e9r\u00eat du public pour ce genre de lieux\u00a0\u00bb, confie-t-elle.<\/p>\n<p>  \u00ab\u00a0Je suis int\u00e9ress\u00e9e par le c\u00f4t\u00e9 chasse aux tr\u00e9sors\u00a0\u00bb<\/p>\n<p>Cela fait des ann\u00e9es que June Burke r\u00e9cup\u00e8re des objets pour les restaurer. Elle a ainsi constitu\u00e9, au fil du temps, une collection \u00e9clectique. \u00ab\u00a0Je suis int\u00e9ress\u00e9e par le c\u00f4t\u00e9 chasse aux tr\u00e9sors et je trouve de la beaut\u00e9 dans des choses \u00e9tonnantes.\u00a0\u00bb<\/p>\n<p>Elle effectue ses recherches avec un v\u00e9ritable souci \u00e9thique. \u00ab\u00a0Par exemple, les animaux empaill\u00e9s, indissociables des cabinets de curiosit\u00e9s, appartenaient \u00e0 des collections anciennes et allaient \u00eatre jet\u00e9s. Je ne veux en aucun cas participer \u00e0 la souffrance animale\u00a0!\u00a0\u00bb<\/p>\n<p>Lorsque June Burke a souhait\u00e9 mener \u00e0 bien son projet de cr\u00e9ation d\u2019entreprise, elle s\u2019est tourn\u00e9e sans succ\u00e8s vers les banques et les financeurs possibles. \u00ab\u00a0Je n\u2019ai pas \u00e9t\u00e9 prise au s\u00e9rieux, mais je me suis battue pour faire vivre mon r\u00eave.\u00a0\u00bb<\/p>\n<p>  Des ateliers de restauration et des objets en vente<\/p>\n<p>Elle a cherch\u00e9 un local jusqu\u2019\u00e0 trouver celui au 49 rue de la R\u00e9publique. \u00ab\u00a0Avec mon partenaire, on a refait tout l\u2019int\u00e9rieur afin de proposer une belle ambiance\u00a0\u00bb, se r\u00e9jouit-elle.<\/p>\n<p>Le r\u00e9sultat est un caf\u00e9 o\u00f9 l\u2019on peut prendre son temps en sirotant un verre et en d\u00e9gustant <a href=\"https:\/\/www.leprogres.fr\/economie\/2024\/08\/24\/reminisans-une-biscuiterie-qui-veut-faire-du-bien-aux-gens-par-l-assiette\" target=\"_blank\" rel=\"nofollow noopener\">une p\u00e2tisserie sans gluten de l\u2019entreprise montbrisonnaise R\u00e9miniSans<\/a>. \u00ab\u00a0Je tiens \u00e0 travailler en circuit court avec des producteurs du coin\u00a0\u00bb, pr\u00e9cise June Burke.<\/p>\n<p>\u00c0 c\u00f4t\u00e9 de cette activit\u00e9, l\u2019\u00c9trange Caf\u00e9 propose \u00e9galement une salle o\u00f9 les personnes int\u00e9ress\u00e9es pourront participer \u00e0 des ateliers de restauration. Par ailleurs, les objets expos\u00e9s sont tous en vente. \u00ab\u00a0J\u2019ai des r\u00e9serves et je compte bien poursuivre ma chasse aux tr\u00e9sors\u00a0\u00bb, sourit June Burke.<\/p>\n<p>L\u2019\u00e9trange Caf\u00e9 est ouvert du mardi au samedi de 9 \u00e0 19 heures.<\/p>\n","protected":false},"excerpt":{"rendered":"D\u2019origine irlandaise par son p\u00e8re mais n\u00e9e \u00e0 Dijon, June Burke, 26 ans, a eu un v\u00e9ritable coup&hellip;\n","protected":false},"author":2,"featured_media":386183,"comment_status":"","ping_status":"","sticky":false,"template":"","format":"standard","meta":{"footnotes":""},"categories":[9653],"tags":[1111,11,2430,4406,33,7539,1777,674,1011,27,3367,12,25,4001,7538],"class_list":{"0":"post-386182","1":"post","2":"type-post","3":"status-publish","4":"format-standard","5":"has-post-thumbnail","7":"category-saint-etienne","8":"tag-actu","9":"tag-actualites","10":"tag-auvergne-rhone-alpes","11":"tag-commerce-et-services","12":"tag-economie","13":"tag-edition-loire-sud","14":"tag-eu","15":"tag-europe","16":"tag-fr","17":"tag-france","18":"tag-loire","19":"tag-news","20":"tag-republique-francaise","21":"tag-saint-etienne","22":"tag-saint-etienne-ville"},"share_on_mastodon":{"url":"https:\/\/pubeurope.com\/@fr\/115193311615102960","error":""},"_links":{"self":[{"href":"https:\/\/www.europesays.com\/fr\/wp-json\/wp\/v2\/posts\/386182","targetHints":{"allow":["GET"]}}],"collection":[{"href":"https:\/\/www.europesays.com\/fr\/wp-json\/wp\/v2\/posts"}],"about":[{"href":"https:\/\/www.europesays.com\/fr\/wp-json\/wp\/v2\/types\/post"}],"author":[{"embeddable":true,"href":"https:\/\/www.europesays.com\/fr\/wp-json\/wp\/v2\/users\/2"}],"replies":[{"embeddable":true,"href":"https:\/\/www.europesays.com\/fr\/wp-json\/wp\/v2\/comments?post=386182"}],"version-history":[{"count":0,"href":"https:\/\/www.europesays.com\/fr\/wp-json\/wp\/v2\/posts\/386182\/revisions"}],"wp:featuredmedia":[{"embeddable":true,"href":"https:\/\/www.europesays.com\/fr\/wp-json\/wp\/v2\/media\/386183"}],"wp:attachment":[{"href":"https:\/\/www.europesays.com\/fr\/wp-json\/wp\/v2\/media?parent=386182"}],"wp:term":[{"taxonomy":"category","embeddable":true,"href":"https:\/\/www.europesays.com\/fr\/wp-json\/wp\/v2\/categories?post=386182"},{"taxonomy":"post_tag","embeddable":true,"href":"https:\/\/www.europesays.com\/fr\/wp-json\/wp\/v2\/tags?post=386182"}],"curies":[{"name":"wp","href":"https:\/\/api.w.org\/{rel}","templated":true}]}}