{"id":386188,"date":"2025-09-12T20:55:12","date_gmt":"2025-09-12T20:55:12","guid":{"rendered":"https:\/\/www.europesays.com\/fr\/386188\/"},"modified":"2025-09-12T20:55:12","modified_gmt":"2025-09-12T20:55:12","slug":"grand-nancy-pourquoi-un-avion-presidentiel-sest-il-pose-dans-la-metropole","status":"publish","type":"post","link":"https:\/\/www.europesays.com\/fr\/386188\/","title":{"rendered":"Grand Nancy. Pourquoi un avion pr\u00e9sidentiel s&rsquo;est-il pos\u00e9 dans la M\u00e9tropole \u00a0?"},"content":{"rendered":"<p>Sc\u00e8ne captur\u00e9e par des riverains\u00a0: ce jeudi 11\u00a0septembre un avion pr\u00e9sidentiel s\u2019est pos\u00e9 \u00e0 15\u00a0h\u00a020 sur les 1\u00a0300\u00a0m\u00e8tres de piste de <a href=\"https:\/\/www.estrepublicain.fr\/transport\/2025\/01\/22\/aeropole-grand-nancy-tomblaine-un-projet-de-parc-photovoltaique-xxl-pour-17-millions-d\" target=\"_blank\" rel=\"noopener\">l\u2019a\u00e9rop\u00f4le du Grand Nancy\/Tomblaine<\/a>. Cette pr\u00e9sence est d\u2019autant plus inattendue qu\u2019elle n\u2019est nullement mentionn\u00e9e \u00e0 l\u2019agenda pr\u00e9sidentiel d\u2019<a href=\"https:\/\/www.estrepublicain.fr\/p\/emmanuel-macron\" target=\"_blank\" rel=\"noopener\">Emmanuel Macron<\/a>.<\/p>\n<p>  Un entra\u00eenement<\/p>\n<p>La d\u00e9rive aux couleurs du drapeau fran\u00e7ais du Dassault Falcon ne fait effectivement aucun doute sur l\u2019origine de l\u2019appareil. Pourtant cet atterrissage est inconnu de la pr\u00e9fecture pour la bonne et simple raison que l\u2019avion ne portait aucune d\u00e9l\u00e9gation.<\/p>\n<p>Renseignement pris aupr\u00e8s de l\u2019a\u00e9rop\u00f4le, il s\u2019agit d\u2019un ph\u00e9nom\u00e8ne tr\u00e8s ponctuel. Le directeur d\u00e9l\u00e9gu\u00e9 du site, Fran\u00e7ois-Xavier Simon pr\u00e9cise\u00a0: \u00ab\u00a0Il s\u2019agit d\u2019un entra\u00eenement, d\u2019exercices relevant du maintien de comp\u00e9tences des \u00e9quipages. Cet avion fait effectivement partie de la flotte pr\u00e9sidentielle. Le cadre reste confidentiel, je ne peux vous en dire plus, si ce n\u2019est que c\u2019est une op\u00e9ration plut\u00f4t rare sur notre a\u00e9rop\u00f4le. Et puis nous ne sommes \u00e9videmment pas la seule structure en France sollicit\u00e9e pour ce type d\u2019exercice.\u00a0\u00bb<\/p>\n<p>L\u2019avion est reparti \u00e0 1 7h\u00a018 comme il \u00e9tait venu\u2026 En quasi toute discr\u00e9tion.<\/p>\n","protected":false},"excerpt":{"rendered":"Sc\u00e8ne captur\u00e9e par des riverains\u00a0: ce jeudi 11\u00a0septembre un avion pr\u00e9sidentiel s\u2019est pos\u00e9 \u00e0 15\u00a0h\u00a020 sur les 1\u00a0300\u00a0m\u00e8tres&hellip;\n","protected":false},"author":2,"featured_media":386189,"comment_status":"","ping_status":"","sticky":false,"template":"","format":"standard","meta":{"footnotes":""},"categories":[9635],"tags":[1111,11,1704,1777,674,1011,27,775,1757,1702,1703,12,25],"class_list":{"0":"post-386188","1":"post","2":"type-post","3":"status-publish","4":"format-standard","5":"has-post-thumbnail","7":"category-nancy","8":"tag-actu","9":"tag-actualites","10":"tag-edition-nancy-et-agglomeration","11":"tag-eu","12":"tag-europe","13":"tag-fr","14":"tag-france","15":"tag-grand-est","16":"tag-insolite","17":"tag-nancy","18":"tag-nancy-ville-54b","19":"tag-news","20":"tag-republique-francaise"},"share_on_mastodon":{"url":"https:\/\/pubeurope.com\/@fr\/115193323468290904","error":""},"_links":{"self":[{"href":"https:\/\/www.europesays.com\/fr\/wp-json\/wp\/v2\/posts\/386188","targetHints":{"allow":["GET"]}}],"collection":[{"href":"https:\/\/www.europesays.com\/fr\/wp-json\/wp\/v2\/posts"}],"about":[{"href":"https:\/\/www.europesays.com\/fr\/wp-json\/wp\/v2\/types\/post"}],"author":[{"embeddable":true,"href":"https:\/\/www.europesays.com\/fr\/wp-json\/wp\/v2\/users\/2"}],"replies":[{"embeddable":true,"href":"https:\/\/www.europesays.com\/fr\/wp-json\/wp\/v2\/comments?post=386188"}],"version-history":[{"count":0,"href":"https:\/\/www.europesays.com\/fr\/wp-json\/wp\/v2\/posts\/386188\/revisions"}],"wp:featuredmedia":[{"embeddable":true,"href":"https:\/\/www.europesays.com\/fr\/wp-json\/wp\/v2\/media\/386189"}],"wp:attachment":[{"href":"https:\/\/www.europesays.com\/fr\/wp-json\/wp\/v2\/media?parent=386188"}],"wp:term":[{"taxonomy":"category","embeddable":true,"href":"https:\/\/www.europesays.com\/fr\/wp-json\/wp\/v2\/categories?post=386188"},{"taxonomy":"post_tag","embeddable":true,"href":"https:\/\/www.europesays.com\/fr\/wp-json\/wp\/v2\/tags?post=386188"}],"curies":[{"name":"wp","href":"https:\/\/api.w.org\/{rel}","templated":true}]}}