{"id":386194,"date":"2025-09-12T20:58:13","date_gmt":"2025-09-12T20:58:13","guid":{"rendered":"https:\/\/www.europesays.com\/fr\/386194\/"},"modified":"2025-09-12T20:58:13","modified_gmt":"2025-09-12T20:58:13","slug":"avignon-un-week-end-pour-chanter-avec-le-choeur-de-france-provence","status":"publish","type":"post","link":"https:\/\/www.europesays.com\/fr\/386194\/","title":{"rendered":"Avignon. Un week-end pour chanter avec le Ch\u0153ur de France Provence"},"content":{"rendered":"<p>Le Ch\u0153ur de France Provence, c\u2019est 32 ans de cr\u00e9ation de spectacles musicaux\u00a0! Pour partager leur passion, ses choristes accueilleront, gratuitement et sans engagement, tous ceux qui veulent s\u2019essayer \u00e0 la chanson et d\u00e9couvrir leur r\u00e9pertoire pop-rock fran\u00e7ais et international, les 13 et 14\u00a0septembre, au Novotel Avignon-Nord. D\u00e9butants et confirm\u00e9s, aucune connaissance musicale n\u2019est requise.<\/p>\n<p>Cathy Quenin, la cheffe de ch\u0153ur, a concoct\u00e9 un programme de choix pour travailler, la technique vocale, le rythme, le phras\u00e9, les nuances et l\u2019\u00e9coute des autres, accompagn\u00e9s par le talentueux pianiste Andr\u00e9 Mornet.<\/p>\n<p>\u00ab\u00a0Apr\u00e8s les spectacles Berger-Balavoine et Vieilles canailles, couronn\u00e9s de succ\u00e8s, le ch\u0153ur met cette ann\u00e9e \u00e0 l\u2019honneur C\u00e9line Dion et Florent Pagny, avec le spectacle \u2018\u2018Stars en duo\u2019\u2019 annonce Jean-Pierre Bailly, le pr\u00e9sident de ce groupe atypique. Le premier concert est programm\u00e9 jeudi 21\u00a0mai\u00a02026 \u00e0 l\u2019Auditorium de Vaucluse, au Thor. Pour s\u2019y pr\u00e9parer, nous nous retrouverons un week-end par mois \u00e0 Sorgues. D\u2019ici l\u00e0, nous redonnons Vieilles canailles \u00e0 L\u2019Autre Sc\u00e8ne de Ved\u00e8ne, samedi 25\u00a0octobre.<\/p>\n<p class=\"note\">Renseignement au 06.\u00a014.\u00a008.\u00a042.\u00a001. Site\u00a0: www.choeurdefranceprovence.com<\/p>\n","protected":false},"excerpt":{"rendered":"Le Ch\u0153ur de France Provence, c\u2019est 32 ans de cr\u00e9ation de spectacles musicaux\u00a0! Pour partager leur passion, ses&hellip;\n","protected":false},"author":2,"featured_media":386195,"comment_status":"","ping_status":"","sticky":false,"template":"","format":"standard","meta":{"footnotes":""},"categories":[9599],"tags":[1111,11,6184,6185,1687,3859,1777,674,1795,1011,27,2208,873,12,2680,25],"class_list":{"0":"post-386194","1":"post","2":"type-post","3":"status-publish","4":"format-standard","5":"has-post-thumbnail","7":"category-montpellier","8":"tag-actu","9":"tag-actualites","10":"tag-avignon","11":"tag-avignon-bassin","12":"tag-culture-loisirs","13":"tag-edition-provencale","14":"tag-eu","15":"tag-europe","16":"tag-fil-web","17":"tag-fr","18":"tag-france","19":"tag-montpellier","20":"tag-musique","21":"tag-news","22":"tag-occitanie","23":"tag-republique-francaise"},"share_on_mastodon":{"url":"https:\/\/pubeurope.com\/@fr\/115193335249616330","error":""},"_links":{"self":[{"href":"https:\/\/www.europesays.com\/fr\/wp-json\/wp\/v2\/posts\/386194","targetHints":{"allow":["GET"]}}],"collection":[{"href":"https:\/\/www.europesays.com\/fr\/wp-json\/wp\/v2\/posts"}],"about":[{"href":"https:\/\/www.europesays.com\/fr\/wp-json\/wp\/v2\/types\/post"}],"author":[{"embeddable":true,"href":"https:\/\/www.europesays.com\/fr\/wp-json\/wp\/v2\/users\/2"}],"replies":[{"embeddable":true,"href":"https:\/\/www.europesays.com\/fr\/wp-json\/wp\/v2\/comments?post=386194"}],"version-history":[{"count":0,"href":"https:\/\/www.europesays.com\/fr\/wp-json\/wp\/v2\/posts\/386194\/revisions"}],"wp:featuredmedia":[{"embeddable":true,"href":"https:\/\/www.europesays.com\/fr\/wp-json\/wp\/v2\/media\/386195"}],"wp:attachment":[{"href":"https:\/\/www.europesays.com\/fr\/wp-json\/wp\/v2\/media?parent=386194"}],"wp:term":[{"taxonomy":"category","embeddable":true,"href":"https:\/\/www.europesays.com\/fr\/wp-json\/wp\/v2\/categories?post=386194"},{"taxonomy":"post_tag","embeddable":true,"href":"https:\/\/www.europesays.com\/fr\/wp-json\/wp\/v2\/tags?post=386194"}],"curies":[{"name":"wp","href":"https:\/\/api.w.org\/{rel}","templated":true}]}}