{"id":386197,"date":"2025-09-12T21:00:17","date_gmt":"2025-09-12T21:00:17","guid":{"rendered":"https:\/\/www.europesays.com\/fr\/386197\/"},"modified":"2025-09-12T21:00:17","modified_gmt":"2025-09-12T21:00:17","slug":"en-seine-maritime-ou-sont-les-foires-a-tout-et-brocantes-ce-week-end-des-13-et-14-septembre","status":"publish","type":"post","link":"https:\/\/www.europesays.com\/fr\/386197\/","title":{"rendered":"En Seine-Maritime, o\u00f9 sont les foires \u00e0 tout et brocantes ce week-end des 13 et 14 septembre\u00a0?"},"content":{"rendered":"<p>            Par<br \/>\n        <strong><br \/>\n            <a href=\"https:\/\/actu.fr\/auteur\/louise-boutard\" title=\"Consulter tous les articles de Louise Boutard\" target=\"_blank\" rel=\"noopener\">Louise Boutard<\/a><br \/>\n        <\/strong><\/p>\n<p>        Publi\u00e9 le<\/p>\n<p>            12 sept. 2025 \u00e0 20h46        <\/p>\n<p><img decoding=\"async\" loading=\"lazy\" src=\"https:\/\/www.europesays.com\/fr\/wp-content\/uploads\/2025\/09\/a971bafbe7e36cd71bafbe7e3a181bv-1-960x640.jpg\" alt=\"Samedi 6 septembre 2025, l'association du Cap Horn organise son vide-greniers \u00e0 Quimper.\u00a0\" width=\"960\" height=\"640\"\/>Les foires \u00e0 tout sont nombreuses encore ce week-end en Seine-Maritime. (\u00a9Illustration \/ Adobe Stock)<\/p>\n<p class=\" wall-content\">On esp\u00e8re que la m\u00e9t\u00e9o permettra de r\u00e9aliser quelques<strong> bonnes affaires.<\/strong> Voici en tout cas la liste de foires \u00e0 tout et vide-greniers o\u00f9 vous pourrez tenter votre chance ces samedi\u00a013 et dimanche 14\u00a0septembre en<a href=\"https:\/\/actu.fr\/76actu\/\" target=\"_blank\" rel=\"noopener\"> Seine-Maritime.<\/a><\/p>\n<p>Samedi<\/p>\n<p class=\" wall-content\"><strong>Buchy<\/strong>\u2009: foire \u00e0 la pu\u00e9riculture \u00ab\u2009vide ta chambre\u2009\u00bb, entr\u00e9e libre de 9\u2009h \u00e0 17\u2009h sous Les Halles de Buchy<\/p>\n<p class=\" wall-content\"><strong>Caudebec-l\u00e8s-Elbeuf\u2009:<\/strong> foire \u00e0 tout de l\u2019Ehpad dans le parc de l\u2019Ehpad, 168 rue du g\u00e9n\u00e9ral Giraud, de 7\u2009h\u200930 \u00e0 18\u2009h, Restauration sur place.<\/p>\n<p class=\" wall-content\"><strong>Le\u00a0Havre\u2009:<\/strong> Big bazar photographique au Hangar Z\u00e9ro avec le Chepa et Polymage Z\u00e9ro de 10\u2009h \u00e0 18\u2009h. Mat\u00e9riel photo, photographies, cadres\u2026 Entr\u00e9e gratuite. Restauration sur place. 37 quai de Sa\u00f4ne au\u00a0Havre.<\/p>\n<p class=\" wall-content\"><strong>Vieux-Rouen-sur-Bresle\u2009:<\/strong> foire \u00e0 tout de 8\u2009h \u00e0 18\u2009h et initiation au tir \u00e0 l\u2019arc, exposition de tracteurs anciens, restauration sur place, entr\u00e9e gratuite. Stade municipal<\/p>\n<p>Dimanche<\/p>\n<p class=\" wall-content\"><strong>Bihorel<\/strong>\u2009: foire \u00e0 tout de l\u2019hippodrome de 6\u2009h \u00e0 17\u2009h\u200930. Restauration sur place.<\/p>\n<p class=\" wall-content\"><strong>Biville-la-Baignarde<\/strong>\u2009: foire \u00e0 tout annuelle sur le stade de foot, de 6\u2009h\u200930 \u00e0 18\u2009h. Restauration sur place.<\/p>\n<p>Votre r\u00e9gion, votre actu !<\/p>\n<p>Recevez chaque jour les infos qui comptent pour vous.<\/p>\n<p>\t<a href=\"https:\/\/actu.fr\/newsletter\" class=\"ac-btn ac-btn--corner ac-btn--medium ac-btn--blue800\" target=\"_blank\" rel=\"noopener\">S&rsquo;incrire<\/a><\/p>\n<p class=\" wall-content\"><strong>Brachy<\/strong>\u2009: foire \u00e0 tout sur le stade de foot, de 7\u2009h\u200930 \u00e0 18\u2009h par le comit\u00e9 des f\u00eates. Tombola. Restauration sur place.<\/p>\n<p class=\" wall-content\"><strong>Canteleu<\/strong>\u2009: foire \u00e0 tout sur la place du march\u00e9 et l\u2019ancienne route de Duclair, de 6\u2009h\u200930 \u00e0 18\u2009h. Restauration sur place.<\/p>\n<p class=\" wall-content\"><strong>Dieppe<\/strong>\u2009: vide-dressing, brocante, foire aux livres, de 8\u2009h \u00e0 18\u2009h dans la salle paroissiale rue Louis Fromager. Restauration sur place.<\/p>\n<p class=\" wall-content\"><strong>Ecrainville<\/strong>\u2009: vide-grenier du comit\u00e9 des f\u00eates, dans le stade d\u2019Ecrainville de 7\u00a0heures \u00e0 18\u00a0heures, entr\u00e9e\u2009: 1\u00a0\u20ac. Restauration sur place.<\/p>\n<p class=\" wall-content\"><strong>F\u00e9camp<\/strong>\u2009: vide-grenier de rentr\u00e9e de l\u2019union sportive football F\u00e9camp sur le parking Henri-Dunant de 8\u2009h \u00e0 18\u2009h, entr\u00e9e 1\u00a0\u20ac. Restauration sur place.<\/p>\n<p class=\" wall-content\"><strong>F\u00e9camp<\/strong>\u2009: vide-grenier dans la salle Jean-Bouin rue des Hauts-Camps de 8\u2009h \u00e0 18\u2009h organis\u00e9 par l\u2019association c\u0153ur des chats. Entr\u00e9e 1\u00a0\u20ac. Restauration sur place.<\/p>\n<p class=\" wall-content\"><strong>Fontaine-le-Dun\u2009:<\/strong> foire \u00e0 tout de la Sainte-Croix avec une f\u00eate foraine autour de la salle des sports, place Eug\u00e8ne-Delapierre de 8\u2009h \u00e0 17\u2009h. Restauration sur place.<\/p>\n<p class=\" wall-content\"><strong>Gr\u00e8ges<\/strong>\u2009: foire \u00e0 tout sur le stade de foot rue de la Briquetterie, de 7\u2009h\u200930 \u00e0 18\u2009h. Restauration sur place.<\/p>\n<p class=\" wall-content\"><strong>Gruchet-le-Valasse<\/strong>\u2009: foire \u00e0 tout dans le centre-ville de 8\u2009h \u00e0 18\u2009h. Animations.<\/p>\n<p class=\" wall-content\"><strong>Hautot-sur-Mer<\/strong>\u2009: vide-grenier sur le front de mer \u00e0 Pourville-sur-Mer de 6\u2009h \u00e0 19\u2009h. Restauration sur place.<\/p>\n<p class=\" wall-content\"><strong>Heuqueville\u2009:<\/strong> vide-grenier sur le stade rue de Saint-Gilles de 8\u2009h \u00e0 17\u2009h. Entr\u00e9e 1\u00a0\u20ac. Restauration sur place.<\/p>\n<p class=\" wall-content\"><strong>Le\u00a0Havre<\/strong>\u2009: vide-grenier de l\u2019APEL (association des parents d\u2019\u00e9l\u00e8ves de l\u2019enseignement libre) Saint-Roch \u00e0 l\u2019\u00e9cole Saint-Roch 20, rue Louis-Philippe de 8\u2009h \u00e0 17\u2009h. Entr\u00e9e 1\u00a0\u20ac. Restauration sur place.<\/p>\n<p class=\" wall-content\"><strong>Le\u00a0Havre\u2009:<\/strong> vide-grenier de l\u2019all\u00e9e Henri-Vaussard, all\u00e9e Eug\u00e8ne-Labiche et Henri-Vaussard de 8\u2009h \u00e0 18\u2009h, quartier Points-Cardinaux avec d\u00e9ambulation du groupe de musiciens avec Les Bretons du\u00a0Havre. Restauration sur place.<\/p>\n<p class=\" wall-content\"><strong>Le\u00a0Tr\u00e9port<\/strong>\u2009: brocante de l\u2019assist\u2019o\u2019chats sous le chapiteau de la plage de 9\u2009h \u00e0 17\u2009h\u200930.<\/p>\n<p class=\" wall-content\"><strong>Martigny<\/strong>\u2009: foire \u00e0 tout de 7\u2009h \u00e0 19\u2009h. Restauration sur place.<\/p>\n<p class=\" wall-content\"><strong>Offranville\u2009:<\/strong> foire \u00e0 tout sur le stade de foot, de 8\u2009h \u00e0 18\u2009h. Restauration sur place.<\/p>\n<p class=\" wall-content\"><strong>Pissy-P\u00f4ville\u2009:<\/strong> foire \u00e0 tout sur la plaine, route du Bois-Ricard de 6\u2009h\u200930 \u00e0 17\u2009h\u200930 par l\u2019association des v\u00e9hicules anciens de Pissy-P\u00f4ville.\u00a0Restauration sur place.<\/p>\n<p class=\" wall-content\"><strong>Ronchois<\/strong>\u2009: vide-grenier et exposition de v\u00e9hicules anciens rue des Cerisiers de 8\u2009h \u00e0 18\u2009h.\u00a0Restauration sur place.<\/p>\n<p class=\" wall-content\"><strong>Rouen\u2009:<\/strong> foire \u00e0 tout du Mont-Gargan devant l\u2019\u00e9cole Jules-Ferry, 1 rue de l\u2019enseigne Renaud de 7\u2009h\u200930 \u00e0 18\u2009h. Restauration sur place.<\/p>\n<p class=\" wall-content\"><strong>Rouen\u2009:<\/strong> foire \u00e0 tout de la Croix de pierre, rue Saint-Vivien, rue Edouard-Adam et rue Saint-Hilaire de 7\u2009h \u00e0 18\u2009h.<\/p>\n<p class=\" wall-content\"><strong>Saint-Jacques-sur-Darn\u00e9tal\u2009:<\/strong> foire \u00e0 tout dans le parc de la mairie de 8\u2009h \u00e0 18\u2009h. Restauration sur place.<\/p>\n<p class=\" wall-content\"><strong>Sotteville-l\u00e8s-Rouen\u2009:<\/strong> foire \u00e0 tout du T\u00e9l\u00e9thon sottevillais, bois de la Garenne, all\u00e9e principale, avenue de la Lib\u00e9ration de 7\u2009h \u00e0 18\u2009h. Restauration sur place.<\/p>\n<p class=\" wall-content\"><strong>Veauville-l\u00e8s-Baons\u2009:<\/strong> centre du village, rue de l\u2019\u00e9glise de 8\u2009h \u00e0 18\u2009h. Restauration sur place.<\/p>\n<p>Vous souhaitez annoncer un \u00e9v\u00e9nement festif ou associatif, une initiative locale\u2009? Rendez-vous sur notre plateforme <a href=\"https:\/\/www.infolocale.fr\/decouvrir\/actu\/\" target=\"_blank\" rel=\"noopener\">Infolocale.<\/a><\/p>\n<p class=\" wall-content\">Personnalisez votre actualit\u00e9 en ajoutant vos villes et m\u00e9dias en favori avec <a href=\"https:\/\/moncompte.actu.fr\" title=\"D\u00e9couvez Mon Actu\" rel=\"nofollow noopener\" data-trk=\"{&quot;cta&quot;:{&quot;action&quot;:&quot;https:\\\/\\\/moncompte.actu.fr&quot;,&quot;category&quot;:&quot;mon compte&quot;,&quot;from&quot;:&quot;article footer&quot;,&quot;name&quot;:&quot;Mon actu&quot;,&quot;type&quot;:&quot;cta&quot;}}\" target=\"_blank\">Mon Actu<\/a>.<\/p>\n","protected":false},"excerpt":{"rendered":"Par Louise Boutard Publi\u00e9 le 12 sept. 2025 \u00e0 20h46 Les foires \u00e0 tout sont nombreuses encore ce&hellip;\n","protected":false},"author":2,"featured_media":386198,"comment_status":"","ping_status":"","sticky":false,"template":"","format":"standard","meta":{"footnotes":""},"categories":[9587],"tags":[1111,11,6961,1777,674,10087,1011,27,12,5161,25,9590,104,3365],"class_list":{"0":"post-386197","1":"post","2":"type-post","3":"status-publish","4":"format-standard","5":"has-post-thumbnail","7":"category-rouen","8":"tag-actu","9":"tag-actualites","10":"tag-brocante","11":"tag-eu","12":"tag-europe","13":"tag-foires-a-tout","14":"tag-fr","15":"tag-france","16":"tag-news","17":"tag-normandie","18":"tag-republique-francaise","19":"tag-rouen","20":"tag-societe","21":"tag-vide-greniers"},"share_on_mastodon":{"url":"https:\/\/pubeurope.com\/@fr\/115193343434137376","error":""},"_links":{"self":[{"href":"https:\/\/www.europesays.com\/fr\/wp-json\/wp\/v2\/posts\/386197","targetHints":{"allow":["GET"]}}],"collection":[{"href":"https:\/\/www.europesays.com\/fr\/wp-json\/wp\/v2\/posts"}],"about":[{"href":"https:\/\/www.europesays.com\/fr\/wp-json\/wp\/v2\/types\/post"}],"author":[{"embeddable":true,"href":"https:\/\/www.europesays.com\/fr\/wp-json\/wp\/v2\/users\/2"}],"replies":[{"embeddable":true,"href":"https:\/\/www.europesays.com\/fr\/wp-json\/wp\/v2\/comments?post=386197"}],"version-history":[{"count":0,"href":"https:\/\/www.europesays.com\/fr\/wp-json\/wp\/v2\/posts\/386197\/revisions"}],"wp:featuredmedia":[{"embeddable":true,"href":"https:\/\/www.europesays.com\/fr\/wp-json\/wp\/v2\/media\/386198"}],"wp:attachment":[{"href":"https:\/\/www.europesays.com\/fr\/wp-json\/wp\/v2\/media?parent=386197"}],"wp:term":[{"taxonomy":"category","embeddable":true,"href":"https:\/\/www.europesays.com\/fr\/wp-json\/wp\/v2\/categories?post=386197"},{"taxonomy":"post_tag","embeddable":true,"href":"https:\/\/www.europesays.com\/fr\/wp-json\/wp\/v2\/tags?post=386197"}],"curies":[{"name":"wp","href":"https:\/\/api.w.org\/{rel}","templated":true}]}}