{"id":386199,"date":"2025-09-12T21:03:31","date_gmt":"2025-09-12T21:03:31","guid":{"rendered":"https:\/\/www.europesays.com\/fr\/386199\/"},"modified":"2025-09-12T21:03:31","modified_gmt":"2025-09-12T21:03:31","slug":"maj-sncf-le-trafic-des-trains-reprend-entre-lyon-et-grenoble","status":"publish","type":"post","link":"https:\/\/www.europesays.com\/fr\/386199\/","title":{"rendered":"[MAJ] SNCF : le trafic des trains reprend entre Lyon et Grenoble"},"content":{"rendered":"<p>La circulation des trains a un temps \u00e9t\u00e9 interrompue ce vendredi matin, 12 septembre, entre Lyon et Grenoble. La faute \u00e0 un accident survenu \u00e0 hauteur de L&rsquo;Isle-d&rsquo;Abeau, en Is\u00e8re.<\/p>\n<p><b>Mise \u00e0 jour 9h30 :<\/b><\/p>\n<p>Interrompue depuis environ 7h, la circulation des trains <b>reprend normalement<\/b> entre <b>Lyon<\/b> et <b>Grenoble<\/b>. L&rsquo;intervention des \u00e9quipes de la SNCF est termin\u00e9e, indique la soci\u00e9t\u00e9 de chemins de fer.\u00a0<\/p>\n<p>Par ailleurs, selon le <a class=\"url\" href=\"https:\/\/www.ledauphine.com\/faits-divers-justice\/2025\/09\/12\/une-personne-percutee-par-un-train-a-domarin-le-trafic-ferroviaire-interrompu-dans-les-deux-sens\" target=\"_blank\" rel=\"noopener\">Dauphin\u00e9 Lib\u00e9r\u00e9<\/a>, la personne percut\u00e9e par un train \u00e0 hauteur de <b>L&rsquo;Isle-d&rsquo;Abeau<\/b> n&rsquo;a pas surv\u00e9cu au choc.\u00a0<\/p>\n<p><b>Article initial :<\/b>\u00a0<\/p>\n<p>Des trains \u00e0 l&rsquo;arr\u00eat ce vendredi matin. Le <b>trafic ferroviaire est interrompu<\/b> dans les deux sens sur l&rsquo;axe <b>Lyon &#8211; Saint-Andr\u00e9-le-Gaz &#8211; Grenoble<\/b>.<\/p>\n<p>C&rsquo;est la cons\u00e9quence, selon la <a class=\"url\" href=\"https:\/\/www.ter.sncf.com\/auvergne-rhone-alpes\" target=\"_blank\" rel=\"noopener\">SNCF<\/a>, d&rsquo;un accident survenu avant 7h \u00e0 hauteur de <b>L&rsquo;Isle-d&rsquo;Abeau<\/b>. Un train a percut\u00e9 une personne.\u00a0<\/p>\n<p>Des trains d\u00e9tourn\u00e9s en direction de Chamb\u00e9ry<\/p>\n<p>D&rsquo;apr\u00e8s la SNCF, toujours, les trains en direction de <b>Chamb\u00e9ry<\/b> sont d\u00e9tourn\u00e9s par <b>Amb\u00e9rieu-en-Bugey<\/b>.<\/p>\n<p>Des retards sup\u00e9rieurs \u00e0 deux heures sont annonc\u00e9s en <b>Gare Lyon Part-Dieu<\/b>.\u00a0<\/p>\n<p>La reprise de la circulation est estim\u00e9e \u00e0 <b>9h30<\/b>.\u00a0<\/p>\n<p><img loading=\"lazy\" decoding=\"async\" src=\"https:\/\/www.europesays.com\/fr\/wp-content\/uploads\/2025\/09\/1757711011_854_img\" width=\"350\" height=\"200\" border=\"0\" title=\"Un enfant de 8 ans, renvers\u00c3\u00a9 par une voiture \u00c3\u00a0 la sortie de l'\u00c3\u00a9cole, a \u00c3\u00a9t\u00c3\u00a9 gri\u00c3\u00a8vement bless\u00c3\u00a9 dans l'Ain\"\/><\/p>\n<p>\u25baFaits divers<\/p>\n<p style=\"font-size: 22px;\"><b>Ain \/ Rh\u00f4ne : un enfant renvers\u00e9 par une voiture devant une \u00e9cole<\/b><\/p>\n<p>Un enfant de 8 ans a \u00e9t\u00e9 renvers\u00e9, \u00e0 la mi-journ\u00e9e,&#8230;<\/p>\n<p><\/p>\n","protected":false},"excerpt":{"rendered":"La circulation des trains a un temps \u00e9t\u00e9 interrompue ce vendredi matin, 12 septembre, entre Lyon et Grenoble.&hellip;\n","protected":false},"author":2,"featured_media":386200,"comment_status":"","ping_status":"","sticky":false,"template":"","format":"standard","meta":{"footnotes":""},"categories":[9566],"tags":[1111,11,2430,1777,674,1011,27,2731,45536,2428,12,25,2215,6472,926],"class_list":{"0":"post-386199","1":"post","2":"type-post","3":"status-publish","4":"format-standard","5":"has-post-thumbnail","7":"category-grenoble","8":"tag-actu","9":"tag-actualites","10":"tag-auvergne-rhone-alpes","11":"tag-eu","12":"tag-europe","13":"tag-fr","14":"tag-france","15":"tag-grenoble","16":"tag-lisle-dabeau","17":"tag-lyon","18":"tag-news","19":"tag-republique-francaise","20":"tag-sncf","21":"tag-ter","22":"tag-train"},"share_on_mastodon":{"url":"https:\/\/pubeurope.com\/@fr\/115193354983419429","error":""},"_links":{"self":[{"href":"https:\/\/www.europesays.com\/fr\/wp-json\/wp\/v2\/posts\/386199","targetHints":{"allow":["GET"]}}],"collection":[{"href":"https:\/\/www.europesays.com\/fr\/wp-json\/wp\/v2\/posts"}],"about":[{"href":"https:\/\/www.europesays.com\/fr\/wp-json\/wp\/v2\/types\/post"}],"author":[{"embeddable":true,"href":"https:\/\/www.europesays.com\/fr\/wp-json\/wp\/v2\/users\/2"}],"replies":[{"embeddable":true,"href":"https:\/\/www.europesays.com\/fr\/wp-json\/wp\/v2\/comments?post=386199"}],"version-history":[{"count":0,"href":"https:\/\/www.europesays.com\/fr\/wp-json\/wp\/v2\/posts\/386199\/revisions"}],"wp:featuredmedia":[{"embeddable":true,"href":"https:\/\/www.europesays.com\/fr\/wp-json\/wp\/v2\/media\/386200"}],"wp:attachment":[{"href":"https:\/\/www.europesays.com\/fr\/wp-json\/wp\/v2\/media?parent=386199"}],"wp:term":[{"taxonomy":"category","embeddable":true,"href":"https:\/\/www.europesays.com\/fr\/wp-json\/wp\/v2\/categories?post=386199"},{"taxonomy":"post_tag","embeddable":true,"href":"https:\/\/www.europesays.com\/fr\/wp-json\/wp\/v2\/tags?post=386199"}],"curies":[{"name":"wp","href":"https:\/\/api.w.org\/{rel}","templated":true}]}}