{"id":386203,"date":"2025-09-12T21:05:14","date_gmt":"2025-09-12T21:05:14","guid":{"rendered":"https:\/\/www.europesays.com\/fr\/386203\/"},"modified":"2025-09-12T21:05:14","modified_gmt":"2025-09-12T21:05:14","slug":"nouveau-site-horaires-meteo-ce-quil-faut-savoir","status":"publish","type":"post","link":"https:\/\/www.europesays.com\/fr\/386203\/","title":{"rendered":"nouveau site, horaires, m\u00e9t\u00e9o\u2026 Ce qu&rsquo;il faut savoir"},"content":{"rendered":"<p>            Par<br \/>\n        <strong><br \/>\n            <a href=\"https:\/\/actu.fr\/auteur\/brian-legoff\" title=\"Consulter tous les articles de Brian Le Goff\" rel=\"nofollow noopener\" target=\"_blank\">Brian Le Goff<\/a><br \/>\n        <\/strong><\/p>\n<p>        Publi\u00e9 le<\/p>\n<p>            12 sept. 2025 \u00e0 11h37        <\/p>\n<p>Il est<strong> l\u2019un des derniers festivals de l\u2019\u00e9t\u00e9<\/strong> dans la r\u00e9gion de Rennes. <a href=\"https:\/\/actu.fr\/bretagne\/geveze_35120\/on-va-faire-complet-pres-de-rennes-le-festival-la-flume-enchantee-s-apprete-a-demarrer_63117271.html\" rel=\"nofollow noopener\" target=\"_blank\">La Fl\u00fbme Enchant\u00e9e<\/a> ouvre ses portes ce<strong> vendredi 12\u00a0septembre, \u00e0 partir de 17h30,<\/strong> \u00e0 G\u00e9vez\u00e9, au nord de la capitale bretonne. <a href=\"https:\/\/actu.fr\/rennes\/\" rel=\"nofollow noopener\" target=\"_blank\">Actu Rennes<\/a> vous partage toutes les infos pratiques \u00e0 conna\u00eetre avant de vous y rendre.<\/p>\n<p>Nouveau site<\/p>\n<p class=\" wall-content\">Premi\u00e8re info \u00e0 retenir, en 2025, le festival change d\u2019endroit. Exit la plaine Launay Geffroy \u2013 site qui devient prot\u00e9g\u00e9 \u2013 <strong>place \u00e0 la plaine du Choinel, \u00e0 un kilom\u00e8tre de l\u00e0,<\/strong> pr\u00e8s du ch\u00e2teau de Beauvais. Il s\u2019agit d\u2019un champ transform\u00e9 en prairie.<\/p>\n<p class=\" wall-content\"><a href=\"https:\/\/www.instagram.com\/p\/DOWOD8KDAaJ\/embed\" title=\"Ouvrir le lien sur Instagram\" rel=\"nofollow noopener\" target=\"_blank\">Visualiser le contenu sur Instagram<\/a><\/p>\n<p class=\" wall-content\">Et le point positif, c\u2019est que les<strong> sc\u00e8nes, au nombre de trois,<\/strong> align\u00e9es les unes \u00e0 c\u00f4t\u00e9 des autres, se trouvent en partie basse de la prairie. Le <strong>public<\/strong>, au nombre de 45\u2009000 cette ann\u00e9e, se retrouve ainsi <strong>sur une l\u00e9g\u00e8re pente<\/strong>, ce qui permettra \u00e0 chacun de profiter des concerts avec une meilleure vue.<\/p>\n<p>Les horaires des concerts<\/p>\n<p class=\" wall-content\">Le site ouvrira respectivement \u00e0 17h30 le vendredi, 17h le samedi et 15h le dimanche.<strong> Les deux premiers soirs, il fermera \u00e0 2h30 et le dimanche, \u00e0 23h30.<\/strong> C\u00f4t\u00e9 concerts, voici les horaires\u2009:<\/p>\n<p class=\" wall-content\"><strong>Vendredi<\/strong><\/p>\n<ul class=\" wall-content\">\n<li>Sc\u00e8ne du Ch\u00e2teau\u2009: 18h-18h35, MCL Crew\u2009; <strong>19h40-20h50, Ridsa\u2009;<\/strong> 22h15 -23h45, Pierre Garnier\u2009; <strong>1h-2h30, Robin Schulz\u2009;<\/strong><\/li>\n<li>Sc\u00e8ne du Choinel\u2009: 18h40-19h35, St\u00e9phane\u2009; <strong>20h55-22h10, Carbonne\u2009;<\/strong> 23h45-00h50, Jahneration\u2009;<\/li>\n<li>La Caverne du Druide\u2009: 18h35-19h35, Natty Jean\u2009; 20h50-22h10, Les Stu\u2009; 23h45-00h55, Outrage.<\/li>\n<\/ul>\n<p class=\" wall-content\"><a href=\"https:\/\/www.instagram.com\/p\/DMf1f4Ii4px\/embed\" title=\"Ouvrir le lien sur Instagram\" rel=\"nofollow noopener\" target=\"_blank\">Visualiser le contenu sur Instagram<\/a><\/p>\n<p class=\" wall-content\"><strong>Samedi<\/strong><\/p>\n<ul class=\" wall-content\">\n<li>Sc\u00e8ne du Ch\u00e2teau\u2009: 17h15-18h15, Lass\u2009; <strong>19h40-20h55, Boulevard des Airs\u2009; 22h25-23h55, IAM\u2009; 1h15-2h30, R3HAB\u2009;<\/strong><\/li>\n<li>Sc\u00e8ne du Choinel\u2009: 18h20-19h35, Tiken Jah Fakoly\u2009; <strong>21h-22h20, Keblack\u2009;<\/strong> 0h-1h40, Thelocos\u2009;<\/li>\n<li>La Caverne du Druide\u2009; 18h15-19h35, Depp&amp;High\u2009; 20h55-22h20, Mago\u2009; 23h55-1h10, Alee et Mourad.<\/li>\n<\/ul>\n<p class=\" wall-content\"><strong>Dimanche<\/strong><\/p>\n<ul class=\" wall-content\">\n<li>Sc\u00e8ne du Ch\u00e2teau\u2009: 16h40-17h50, L5 &amp; Colonel Reyel\u2009; <strong>19h45 20h40, Kendji\u2009;<\/strong> <strong>22h15-23h30, Naza\u2009;<\/strong><\/li>\n<li>Sc\u00e8ne du Choinel\u2009: 15h30-16h35, Karaoke Live\u2009; 17h55-19h30, FatBabs\u2009; 2<strong>0h55-22h10, Black M\u2009;<\/strong><\/li>\n<li>La Caverne du druide\u2009: 17h45-18h15, spectacle enfants\u2009; 20h50-22h15, La Gold\u2019N\u2019Boyz.<\/li>\n<\/ul>\n<p>Votre r\u00e9gion, votre actu !<\/p>\n<p>Recevez chaque jour les infos qui comptent pour vous.<\/p>\n<p>\t<a href=\"https:\/\/actu.fr\/newsletter\" class=\"ac-btn ac-btn--corner ac-btn--medium ac-btn--blue800\" rel=\"nofollow noopener\" target=\"_blank\">S&rsquo;incrire<\/a><\/p>\n<p class=\" wall-content\"><strong>\u00c0 noter, un feu d\u2019artifice sera tir\u00e9 entre 20h40 et 20h55.<\/strong><\/p>\n<p>M\u00e9t\u00e9o<\/p>\n<p class=\" wall-content\">Selon M\u00e9t\u00e9o France, le temps devrait \u00eatre <strong>tr\u00e8s nuageux ce vendredi<\/strong> \u00e0 G\u00e9vez\u00e9. Il fera 18\u00a0\u00b0C dans l\u2019apr\u00e8s-midi, avec des rafales de vent jusqu\u2019\u00e0 45\u00a0km\/h, et 14\u00a0\u00b0C en soir\u00e9e, puis 12\u00a0\u00b0C durant la nuit.<\/p>\n<p class=\" wall-content\"><strong>Samedi, une pluie faible<\/strong> et toujours du vent sont attendus l\u2019apr\u00e8s-midi. Il fera 18\u00a0\u00b0C, puis 14\u00a0\u00b0C en soir\u00e9e, o\u00f9 le ciel sera tr\u00e8s nuageux, et encore 14\u00a0\u00b0C durant la nuit, marqu\u00e9e par le retour d\u2019une pluie faible.<\/p>\n<p class=\" wall-content\">Enfin, <strong>dimanche, l\u2019apr\u00e8s-midi sera tr\u00e8s nuageux<\/strong> avec des temp\u00e9ratures en hausse, jusqu\u2019\u00e0 20\u00a0\u00b0C, mais aussi le vent dont les <strong>rafales<\/strong> devraient atteindre les<strong> 60\u00a0km\/h<\/strong>. En soir\u00e9e, retour d\u2019une pluie faible, avec 17\u00a0\u00b0C attendus et des rafales \u00e0 50\u00a0km\/h. La nuit, il fera 14\u00a0\u00b0C et le ciel sera peu nuageux. Le vent soufflera jusqu\u2019\u00e0 45\u00a0km\/h.<\/p>\n<p>Comment payer sur le festival\u2009?<\/p>\n<p class=\" wall-content\">Comme presque tous les festivals, La Fl\u00fbme Enchant\u00e9e fonctionne avec le <strong>Cashless\u2009: une puce est accroch\u00e9e \u00e0 votre bracelet<\/strong> de festivalier et il vous <strong>suffit de la charger<\/strong> via les caisses sur place, soit via l\u2019application du festival, soit sur le site internet du festival. Comptez un euro pour les frais d\u2019activation.<\/p>\n<p class=\" wall-content\"><a href=\"https:\/\/www.instagram.com\/p\/DOMCIJDjCm5\/embed\" title=\"Ouvrir le lien sur Instagram\" rel=\"nofollow noopener\" target=\"_blank\">Visualiser le contenu sur Instagram<\/a><\/p>\n<p>Des navettes depuis H\u00e9d\u00e9 et Villejean, toutes prises d\u2019assaut<\/p>\n<p class=\" wall-content\">Le festival a mis en place des navettes depuis deux endroits\u2009: H\u00e9d\u00e9, en passant par Saint-Gondran, Vignoc et La M\u00e9zi\u00e8re, et le quartier de Villejean \u00e0 Rennes, en passant par Pac\u00e9, Montgermont, La Chapelle-des-Fougeretz.<\/p>\n<p class=\" wall-content\">Mais <strong>seuls les allers de vendredi \u00e0 16h30 et l\u2019aller de dimanche \u00e0 14h pour la navette en provenance de H\u00e9d\u00e9 ne sont pas encore complets.<\/strong> Tous les autres cr\u00e9neaux ont \u00e9t\u00e9 pris d\u2019assaut, observe-t-on sur la <a href=\"https:\/\/www.festival-laflumeenchantee.fr\/billetterie\" rel=\"nofollow noopener\" target=\"_blank\">billetterie du festival<\/a>, elle aussi presque compl\u00e8te.<\/p>\n<p>Camping gratuit (avec animations)<\/p>\n<p class=\" wall-content\">D\u00e8s lors que vous poss\u00e9dez un pass festival, le camping est gratuit. Par ailleurs, il dispose d\u2019un<strong> food truck, Sto Dimos,<\/strong> ouverts jour et nuit. Des animations seront aussi organis\u00e9es\u2009: <strong>\u00e9veil musculaire<\/strong> explosif et festif samedi et dimanche, \u00e0 16h, et <strong>Karaoke Musikam,<\/strong> chaque apr\u00e8s-midi, samedi et dimanche.<\/p>\n<p class=\" wall-content\"><a href=\"https:\/\/www.instagram.com\/p\/DOY8FYdDIfw\/embed\" title=\"Ouvrir le lien sur Instagram\" rel=\"nofollow noopener\" target=\"_blank\">Visualiser le contenu sur Instagram<\/a><\/p>\n<p>Acc\u00e8s<\/p>\n<p class=\" wall-content\">Le site du festival et son camping se situent au sud de G\u00e9vez\u00e9. La <strong>D287,<\/strong> depuis Pac\u00e9, est <strong>ferm\u00e9e au niveau du festival.<\/strong> Il faut soit le contourner \u00e0 ce moment-l\u00e0 vers l\u2019ouest.<\/p>\n<p class=\" wall-content\"><a href=\"https:\/\/www.instagram.com\/p\/DOJtJotjM3e\/embed\" title=\"Ouvrir le lien sur Instagram\" rel=\"nofollow noopener\" target=\"_blank\">Visualiser le contenu sur Instagram<\/a><\/p>\n<p class=\" wall-content\">Autrement,<strong> le plus simple est de prendre la route de Saint-Malo<\/strong> et de sortir \u00e0 Cap Malo, puis suivre les indications.<\/p>\n<p>Bon festival \u00e0 ceux qui y participent. La r\u00e9daction d\u2019actu Rennes sera bien \u00e9videmment de la partie pour vous partager, notamment sur notre <a href=\"https:\/\/www.instagram.com\/actu_rennes\/\" rel=\"nofollow noopener\" target=\"_blank\">compte Instagram, <\/a>les meilleurs moments de l\u2019\u00e9v\u00e9nement.<\/p>\n<p class=\" wall-content\">Personnalisez votre actualit\u00e9 en ajoutant vos villes et m\u00e9dias en favori avec <a href=\"https:\/\/moncompte.actu.fr\" title=\"D\u00e9couvez Mon Actu\" rel=\"nofollow noopener\" data-trk=\"{&quot;cta&quot;:{&quot;action&quot;:&quot;https:\\\/\\\/moncompte.actu.fr&quot;,&quot;category&quot;:&quot;mon compte&quot;,&quot;from&quot;:&quot;article footer&quot;,&quot;name&quot;:&quot;Mon actu&quot;,&quot;type&quot;:&quot;cta&quot;}}\" target=\"_blank\">Mon Actu<\/a>.<\/p>\n<p>                    <script async src=\"\/\/www.instagram.com\/embed.js\"><\/script><\/p>\n","protected":false},"excerpt":{"rendered":"Par Brian Le Goff Publi\u00e9 le 12 sept. 2025 \u00e0 11h37 Il est l\u2019un des derniers festivals de&hellip;\n","protected":false},"author":2,"featured_media":386204,"comment_status":"","ping_status":"","sticky":false,"template":"","format":"standard","meta":{"footnotes":""},"categories":[2821],"tags":[1111,11,829,1697,1777,674,849,1011,27,51873,1652,873,12,584,25],"class_list":{"0":"post-386203","1":"post","2":"type-post","3":"status-publish","4":"format-standard","5":"has-post-thumbnail","7":"category-rennes","8":"tag-actu","9":"tag-actualites","10":"tag-bretagne","11":"tag-concert","12":"tag-eu","13":"tag-europe","14":"tag-festival","15":"tag-fr","16":"tag-france","17":"tag-la-flume-enchantee","18":"tag-loisirs-culture","19":"tag-musique","20":"tag-news","21":"tag-rennes","22":"tag-republique-francaise"},"share_on_mastodon":{"url":"https:\/\/pubeurope.com\/@fr\/115193362757824938","error":""},"_links":{"self":[{"href":"https:\/\/www.europesays.com\/fr\/wp-json\/wp\/v2\/posts\/386203","targetHints":{"allow":["GET"]}}],"collection":[{"href":"https:\/\/www.europesays.com\/fr\/wp-json\/wp\/v2\/posts"}],"about":[{"href":"https:\/\/www.europesays.com\/fr\/wp-json\/wp\/v2\/types\/post"}],"author":[{"embeddable":true,"href":"https:\/\/www.europesays.com\/fr\/wp-json\/wp\/v2\/users\/2"}],"replies":[{"embeddable":true,"href":"https:\/\/www.europesays.com\/fr\/wp-json\/wp\/v2\/comments?post=386203"}],"version-history":[{"count":0,"href":"https:\/\/www.europesays.com\/fr\/wp-json\/wp\/v2\/posts\/386203\/revisions"}],"wp:featuredmedia":[{"embeddable":true,"href":"https:\/\/www.europesays.com\/fr\/wp-json\/wp\/v2\/media\/386204"}],"wp:attachment":[{"href":"https:\/\/www.europesays.com\/fr\/wp-json\/wp\/v2\/media?parent=386203"}],"wp:term":[{"taxonomy":"category","embeddable":true,"href":"https:\/\/www.europesays.com\/fr\/wp-json\/wp\/v2\/categories?post=386203"},{"taxonomy":"post_tag","embeddable":true,"href":"https:\/\/www.europesays.com\/fr\/wp-json\/wp\/v2\/tags?post=386203"}],"curies":[{"name":"wp","href":"https:\/\/api.w.org\/{rel}","templated":true}]}}