{"id":386205,"date":"2025-09-12T21:06:17","date_gmt":"2025-09-12T21:06:17","guid":{"rendered":"https:\/\/www.europesays.com\/fr\/386205\/"},"modified":"2025-09-12T21:06:17","modified_gmt":"2025-09-12T21:06:17","slug":"compositions-chaine-tv-heure-et-cotes-6","status":"publish","type":"post","link":"https:\/\/www.europesays.com\/fr\/386205\/","title":{"rendered":"Compositions, Cha\u00eene TV, Heure et Cotes"},"content":{"rendered":"<p style=\"text-align: justify;\"><strong>LIGUE 1 2025-2026 \u2013 \u00c0 quelle heure et sur quelle cha\u00eene TV suivre le match de Ligue 1 entre Rennes et Lyon ? Retrouvez \u00e9galement les compositions des deux \u00e9quipes.<\/strong><\/p>\n<p style=\"text-align: justify;\">Tout avait bien commenc\u00e9 pour le <strong>Stade Rennais<\/strong> avec une victoire face \u00e0 l\u2019<strong>Olympique<\/strong> <strong>de<\/strong> <strong>Marseille<\/strong> lors de la 1\u00e8re journ\u00e9e. Un but de <strong>Ludovic<\/strong> <strong>Blas<\/strong> en toute fin de match a permis aux <strong>Bretons<\/strong> de s\u2019imposer mais le week-end suivant a \u00e9t\u00e9 bien plus compliqu\u00e9 avec une large d\u00e9faite face \u00e0 <strong>Lorient<\/strong>. Lors de la 3\u00e8me journ\u00e9e, Rennes a conc\u00e9d\u00e9 le nul face \u00e0 Lyon.<\/p>\n<p>Lyon sur sa lanc\u00e9e ?<\/p>\n<p style=\"text-align: justify;\">L\u2019<strong>Olympique<\/strong> <strong>Lyonnais<\/strong> vit un d\u00e9but de saison de r\u00eave avec trois victoires en autant de sortie. Les <strong>Lyonnais<\/strong> ont commenc\u00e9 par un succ\u00e8s sur la pelouse de Lens avant d\u2019encha\u00eener \u00e0 la maison face \u00e0 <strong>Lorient<\/strong>. Avant la tr\u00eave internationale, Lyon est venu \u00e0 bout de l\u2019<strong>Olympique de Marseille<\/strong> gr\u00e2ce \u00e0 un but de <strong>Pavel<\/strong> <strong>Sulc<\/strong> en toute fin de rencontre.<\/p>\n<p style=\"text-align: justify;\">La saison pass\u00e9e, <strong>Rennes<\/strong> avait domin\u00e9 <strong>Lyon<\/strong> en <strong>Bretagne<\/strong> mais l\u2019<strong>OL<\/strong> avait pris sa revanche au match retour. Chez les bookmakers, les <strong>Lyonnais<\/strong> sont l\u00e9g\u00e8rement favoris pour cette rencontre.<\/p>\n<p>Ligue 1 : Le programme TV de Rennes-Lyon<br \/>\nDimanche 14 septembre 2025<\/p>\n<p style=\"text-align: justify;\"><b>Match diffus\u00e9 sur Ligue 1+<\/b><b>\u00a0: <\/b>D\u00e9but du match \u00e0<strong> 20h45.<\/strong><\/p>\n<p>Les compositions officielles de Rennes-Lyon<br \/>\nLa composition de Rennes<\/p>\n<p style=\"text-align: justify;\">\u00c0 venir\u2026<\/p>\n<p>La composition de Lyon<\/p>\n<p style=\"text-align: justify;\">\u00c0 venir\u2026<\/p>\n<p>Les cotes de Rennes-Lyon<\/p>\n<tr style=\"height: 16px;\">\n<td style=\"background-color: #404040; border-color: #ededed; width: 840px; text-align: left;\" colspan=\"3\"><strong><img loading=\"lazy\" decoding=\"async\" class=\"alignnone wp-image-512842 perfmatters-lazy\" alt=\"\" width=\"14\" height=\"13\" src=\"https:\/\/www.europesays.com\/fr\/wp-content\/uploads\/2025\/05\/Logo-Winamax.png\"  data-\/> Dimanche 14 septembre, 20h45<\/strong><\/td>\n<\/tr>\n<tr style=\"height: 24px;\">\n<td style=\"background-color: #ffffff; border-color: #ededed; vertical-align: middle; text-align: center; width: 266px;\"><strong>Rennes<br \/><\/strong><a href=\"https:\/\/www.winamax.fr\/paris-sportifs\/match\/61526044?banid=33423\" class=\"su-button su-button-style-flat su-button-wide\" style=\"color:#fff;background-color:#0860ff;border-color:#074dcc;border-radius:5px\" target=\"_blank\" rel=\"noopener noreferrer\"> 2.65<\/a><\/td>\n<td style=\"background-color: #ffffff; border-color: #ededed; vertical-align: middle; text-align: center; width: 266px;\"><strong>Match nul<\/strong><br \/><a href=\"https:\/\/www.winamax.fr\/paris-sportifs\/match\/61526044?banid=33423\" class=\"su-button su-button-style-flat su-button-wide\" style=\"color:#fff;background-color:#0860ff;border-color:#074dcc;border-radius:5px\" target=\"_blank\" rel=\"noopener noreferrer\"> 3.50<\/a><\/td>\n<td style=\"background-color: #ffffff; border-color: #ededed; vertical-align: middle; text-align: center; width: 266px;\"><strong>Lyon<\/strong><br \/><a href=\"https:\/\/www.winamax.fr\/paris-sportifs\/match\/61526044?banid=33423\" class=\"su-button su-button-style-flat su-button-wide\" style=\"color:#fff;background-color:#0860ff;border-color:#074dcc;border-radius:5px\" target=\"_blank\" rel=\"noopener noreferrer\"> 2.45<\/a><\/td>\n<\/tr>\n<p style=\"text-align: justify;\">Tentez votre chance en profitant de votre <a href=\"https:\/\/www.winamax.fr\/registration\/landing\/affiliation_Bonus100?banid=33423\" target=\"_blank\" rel=\"noopener\">1er d\u00e9p\u00f4t doubl\u00e9 jusqu\u2019\u00e0 100 \u20ac<\/a> direct en paris gratuits sur Winamax !<\/p>\n","protected":false},"excerpt":{"rendered":"LIGUE 1 2025-2026 \u2013 \u00c0 quelle heure et sur quelle cha\u00eene TV suivre le match de Ligue 1&hellip;\n","protected":false},"author":2,"featured_media":386206,"comment_status":"","ping_status":"","sticky":false,"template":"","format":"standard","meta":{"footnotes":""},"categories":[2821],"tags":[1111,11,829,2113,1777,674,63,1011,27,66,2428,12,502,584,25],"class_list":{"0":"post-386205","1":"post","2":"type-post","3":"status-publish","4":"format-standard","5":"has-post-thumbnail","7":"category-rennes","8":"tag-actu","9":"tag-actualites","10":"tag-bretagne","11":"tag-breve","12":"tag-eu","13":"tag-europe","14":"tag-football","15":"tag-fr","16":"tag-france","17":"tag-ligue-1","18":"tag-lyon","19":"tag-news","20":"tag-programme-tv","21":"tag-rennes","22":"tag-republique-francaise"},"share_on_mastodon":{"url":"https:\/\/pubeurope.com\/@fr\/115193367367515427","error":""},"_links":{"self":[{"href":"https:\/\/www.europesays.com\/fr\/wp-json\/wp\/v2\/posts\/386205","targetHints":{"allow":["GET"]}}],"collection":[{"href":"https:\/\/www.europesays.com\/fr\/wp-json\/wp\/v2\/posts"}],"about":[{"href":"https:\/\/www.europesays.com\/fr\/wp-json\/wp\/v2\/types\/post"}],"author":[{"embeddable":true,"href":"https:\/\/www.europesays.com\/fr\/wp-json\/wp\/v2\/users\/2"}],"replies":[{"embeddable":true,"href":"https:\/\/www.europesays.com\/fr\/wp-json\/wp\/v2\/comments?post=386205"}],"version-history":[{"count":0,"href":"https:\/\/www.europesays.com\/fr\/wp-json\/wp\/v2\/posts\/386205\/revisions"}],"wp:featuredmedia":[{"embeddable":true,"href":"https:\/\/www.europesays.com\/fr\/wp-json\/wp\/v2\/media\/386206"}],"wp:attachment":[{"href":"https:\/\/www.europesays.com\/fr\/wp-json\/wp\/v2\/media?parent=386205"}],"wp:term":[{"taxonomy":"category","embeddable":true,"href":"https:\/\/www.europesays.com\/fr\/wp-json\/wp\/v2\/categories?post=386205"},{"taxonomy":"post_tag","embeddable":true,"href":"https:\/\/www.europesays.com\/fr\/wp-json\/wp\/v2\/tags?post=386205"}],"curies":[{"name":"wp","href":"https:\/\/api.w.org\/{rel}","templated":true}]}}