{"id":386207,"date":"2025-09-12T21:07:13","date_gmt":"2025-09-12T21:07:13","guid":{"rendered":"https:\/\/www.europesays.com\/fr\/386207\/"},"modified":"2025-09-12T21:07:13","modified_gmt":"2025-09-12T21:07:13","slug":"selon-un-sondage-ifop-trautmann-et-vetter-au-coude-a-coude-devant-barseghian","status":"publish","type":"post","link":"https:\/\/www.europesays.com\/fr\/386207\/","title":{"rendered":"selon un sondage Ifop, Trautmann et Vetter au coude \u00e0 coude, devant Barseghian"},"content":{"rendered":"<p>Apr\u00e8s <a href=\"https:\/\/www.dna.fr\/politique\/2020\/06\/29\/la-methode-barseghian\" target=\"_blank\" rel=\"nofollow noopener\">cinq ans de mandat \u00e9cologiste<\/a> \u00e0 Strasbourg, une nouvelle page va-t-elle s\u2019\u00e9crire l\u2019an prochain\u00a0? \u00c0 six mois du premier tour des municipales, dans l\u2019hypoth\u00e8se o\u00f9 la droite et le centre partiraient s\u00e9par\u00e9s, <a href=\"https:\/\/www.dna.fr\/encadres\/2025\/03\/23\/trautmann-au-centre-des-attentions\" target=\"_blank\" rel=\"nofollow noopener\">Catherine Trautmann<\/a> (PS) arrive en t\u00eate avec 25\u00a0% des intentions de vote, talonn\u00e9e par <a href=\"https:\/\/www.dna.fr\/elections\/2025\/08\/30\/jean-philippe-vetter-(lr)-presente-l-equipe-qui-va-co-construire-son-projet-participatif\" target=\"_blank\" rel=\"nofollow noopener\">Jean-Philippe Vetter<\/a> (24\u00a0%), candidat LR. Derri\u00e8re, la maire sortante <a href=\"https:\/\/www.dna.fr\/p\/jeanne-barseghian\" target=\"_blank\" rel=\"nofollow noopener\">Jeanne Barseghian<\/a> (EELV-PCF) ne recueille que 17\u00a0%. <a href=\"https:\/\/www.dna.fr\/p\/emmanuel-fernandes\" target=\"_blank\" rel=\"nofollow noopener\">Emmanuel Fernandes<\/a> (LFI) atteint 13\u00a0%, Virginie Joron (RN) 11\u00a0%, tandis que <a href=\"https:\/\/www.dna.fr\/elections\/2025\/09\/04\/a-strasbourg-jakubowicz-se-declare-candidat-pour-faire-bouger-les-lignes\" target=\"_blank\" rel=\"nofollow noopener\">Pierre Jakubowicz<\/a> (Horizons-MoDem, 6\u00a0%) et Nicolas Matt (Renaissance, 4\u00a0%) ferment la marche.<\/p>\n<p>En cas d\u2019union de la droite et du centre, Vetter en t\u00eate<\/p>\n<p>Si la droite et le centre s\u2019unissaient derri\u00e8re une seule banni\u00e8re, Jean-Philippe Vetter grimperait \u00e0 28\u00a0%, quasiment \u00e0 \u00e9galit\u00e9 avec <a href=\"https:\/\/www.dna.fr\/p\/catherine-trautmann\" target=\"_blank\" rel=\"nofollow noopener\">Cath&#8230;<\/a><\/p>\n","protected":false},"excerpt":{"rendered":"Apr\u00e8s cinq ans de mandat \u00e9cologiste \u00e0 Strasbourg, une nouvelle page va-t-elle s\u2019\u00e9crire l\u2019an prochain\u00a0? \u00c0 six mois&hellip;\n","protected":false},"author":2,"featured_media":386208,"comment_status":"","ping_status":"","sticky":false,"template":"","format":"standard","meta":{"footnotes":""},"categories":[2820],"tags":[1111,11,2389,2649,2880,5949,4188,1777,674,107,1011,27,775,12,316,25,640,2879],"class_list":{"0":"post-386207","1":"post","2":"type-post","3":"status-publish","4":"format-standard","5":"has-post-thumbnail","7":"category-strasbourg","8":"tag-actu","9":"tag-actualites","10":"tag-alsace","11":"tag-bas-rhin","12":"tag-edition-strasbourg","13":"tag-elections","14":"tag-elections-municipales","15":"tag-eu","16":"tag-europe","17":"tag-fil-info","18":"tag-fr","19":"tag-france","20":"tag-grand-est","21":"tag-news","22":"tag-politique","23":"tag-republique-francaise","24":"tag-strasbourg","25":"tag-strasbourg-ville"},"share_on_mastodon":{"url":"https:\/\/pubeurope.com\/@fr\/115193370608057764","error":""},"_links":{"self":[{"href":"https:\/\/www.europesays.com\/fr\/wp-json\/wp\/v2\/posts\/386207","targetHints":{"allow":["GET"]}}],"collection":[{"href":"https:\/\/www.europesays.com\/fr\/wp-json\/wp\/v2\/posts"}],"about":[{"href":"https:\/\/www.europesays.com\/fr\/wp-json\/wp\/v2\/types\/post"}],"author":[{"embeddable":true,"href":"https:\/\/www.europesays.com\/fr\/wp-json\/wp\/v2\/users\/2"}],"replies":[{"embeddable":true,"href":"https:\/\/www.europesays.com\/fr\/wp-json\/wp\/v2\/comments?post=386207"}],"version-history":[{"count":0,"href":"https:\/\/www.europesays.com\/fr\/wp-json\/wp\/v2\/posts\/386207\/revisions"}],"wp:featuredmedia":[{"embeddable":true,"href":"https:\/\/www.europesays.com\/fr\/wp-json\/wp\/v2\/media\/386208"}],"wp:attachment":[{"href":"https:\/\/www.europesays.com\/fr\/wp-json\/wp\/v2\/media?parent=386207"}],"wp:term":[{"taxonomy":"category","embeddable":true,"href":"https:\/\/www.europesays.com\/fr\/wp-json\/wp\/v2\/categories?post=386207"},{"taxonomy":"post_tag","embeddable":true,"href":"https:\/\/www.europesays.com\/fr\/wp-json\/wp\/v2\/tags?post=386207"}],"curies":[{"name":"wp","href":"https:\/\/api.w.org\/{rel}","templated":true}]}}