{"id":386209,"date":"2025-09-12T21:08:11","date_gmt":"2025-09-12T21:08:11","guid":{"rendered":"https:\/\/www.europesays.com\/fr\/386209\/"},"modified":"2025-09-12T21:08:11","modified_gmt":"2025-09-12T21:08:11","slug":"12-singes-de-laboratoire-dans-la-nature-apres-une-intrusion-dans-un-centre-de-recherche","status":"publish","type":"post","link":"https:\/\/www.europesays.com\/fr\/386209\/","title":{"rendered":"12 singes de laboratoire dans la nature apr\u00e8s une intrusion dans un centre de recherche"},"content":{"rendered":"<p>Le centre de recherche, situ\u00e9 dans une forteresse du XIXe si\u00e8cle \u00e0 Niederhausbergen, abrite plus de 800 singes. 12 ouistitis manquent \u00e0 l\u2019appel apr\u00e8s l\u2019intrusion.<\/p>\n<p class=\"fig-paragraph\">Une intrusion dans un centre de recherche abritant plus de 800 singes a conduit \u00e0 la disparition de 12 ouistitis, a-t-on appris vendredi aupr\u00e8s de l&rsquo;Universit\u00e9 de Strasbourg (Unistra), confirmant une information des Derni\u00e8res nouvelles d&rsquo;Alsace. Si l&rsquo;Universit\u00e9 ne sait pas combien d&rsquo;individus se sont introduits dans le centre situ\u00e9 dans une forteresse du XIXe si\u00e8cle \u00e0 Niederhausbergen (<a href=\"http:\/\/www.lefigaro.fr\/faits-divers\/bas-rhin-un-policier-soupconne-d-agression-sexuelle-avec-soumission-chimique-sur-sa-fille-mineure-20250627\" target=\"_blank\" data-fig-type=\"NewsFlash\" rel=\"noopener\" data-gtm-custom-categorie=\"navigation\" data-gtm-custom-action=\"crossclick\" data-gtm-custom-label=\"Contextuel\" data-gtm-event=\"customEventSPE\" data-fig-domain=\"LEFIGARO\">Bas-Rhin<\/a>), \u00abtrois combinaisons\u00bb int\u00e9grales ont \u00e9t\u00e9 retrouv\u00e9es.<\/p>\n<p class=\"fig-paragraph\">Depuis des ann\u00e9es, des associations militent pour la fermeture du centre, telle Pro Anima, qui d\u00e9fend une recherche scientifique sans recours aux animaux. \u00abL\u2019hypoth\u00e8se d\u2019une action d\u2019un groupe de d\u00e9fense des animaux n\u2019est pas celle qui est privil\u00e9gi\u00e9e\u00bb, a toutefois indiqu\u00e9 une source proche de l\u2019enqu\u00eate \u00e0 l\u2019AFP. \u00abIl s\u2019agit vraisemblablement d\u2019un vol avec pour motivation des auteurs la revente des singes\u00bb, a-t-elle ajout\u00e9.<\/p>\n<p>                                    <a class=\"fig-a11y-skip a11y-hidden\" href=\"#fig-a11y-skip-main-inarticle\"><br \/>\n        Passer la publicit\u00e9<br \/>\n    <\/a><\/p>\n<p class=\"fig-paragraph\">Vendredi, 12 ouistitis manquaient toujours \u00abainsi que trois bo\u00eetes \u00e0 nid. Nous supposons que certains animaux ont \u00e9t\u00e9 vol\u00e9s, sans exclure que certains puissent \u00eatre aux abords du site\u00bb, pr\u00e9cise l&rsquo;Unistra. Deux animaux ont d\u00e9j\u00e0 \u00e9t\u00e9 r\u00e9cup\u00e9r\u00e9s dans l&rsquo;enceinte du site \u00abet sont en bonne sant\u00e9\u00bb.<\/p>\n<p>\u00abAucun risque pour les populations locales\u00bb<\/p>\n<p class=\"fig-paragraph\">Des zootechniciens et des responsables du bien-\u00eatre animal sont charg\u00e9s des recherches des ouistitis susceptibles d&rsquo;\u00eatre encore aux abords ou sur le site, selon l&rsquo;Unistra. Le centre de recherche abrite plus de 800 singes de neuf esp\u00e8ces dont certains peuvent \u00e9voluer en plein air dans de vastes enclos. Les ouistitis p\u00e8sent entre 300 et 500 grammes \u00e0 l&rsquo;\u00e2ge adulte, et ne repr\u00e9sentent \u00abaucun risque pour les populations locales\u00bb, a tenu \u00e0 rassurer l&rsquo;Unistra.<\/p>\n<p class=\"fig-paragraph\">A contrario, cet animal est \u00abplut\u00f4t stress\u00e9 de se retrouver en dehors de son environnement et de ses cong\u00e9n\u00e8res\u00bb et ses chances de survie \u00e0 l&rsquo;ext\u00e9rieur \u00absont tr\u00e8s faibles\u00bb: le ouistiti vit dans une animalerie reproduisant les conditions de la for\u00eat amazonienne, avec une temp\u00e9rature constante de 28\u00b0C. \u00abLes cambrioleurs, par leurs actes, n&rsquo;ont aucune pr\u00e9occupation du bien-\u00eatre de ces animaux\u00bb, a d\u00e9plor\u00e9 l&rsquo;Universit\u00e9. \u00abUne plainte a \u00e9t\u00e9 d\u00e9pos\u00e9e \u00e0 la gendarmerie de Mundolsheim et les services des douanes ont \u00e9t\u00e9 inform\u00e9s pour les contr\u00f4les aux fronti\u00e8res\u00bb, a-t-elle indiqu\u00e9. Les mesures de s\u00e9curit\u00e9 du site ont \u00e9t\u00e9 renforc\u00e9es.<\/p>\n<p class=\"fig-paragraph\">Le centre de primatologie de l&rsquo;Universit\u00e9 de Strasbourg, install\u00e9 dans un fort construit par les Allemands en 1870 pr\u00e8s de Strasbourg, a \u00e9t\u00e9 cr\u00e9\u00e9 en 1978 et s&rsquo;\u00e9tend sur sept hectares de terrain bois\u00e9. Il h\u00e9berge 800 animaux de sept esp\u00e8ces diff\u00e9rentes sous la supervision d&rsquo;une trentaine de personnes. Les primates sont utilis\u00e9s pour diff\u00e9rents types de recherche, du biom\u00e9dical \u00e0 l&rsquo;\u00e9tude du comportement animal.<\/p>\n","protected":false},"excerpt":{"rendered":"Le centre de recherche, situ\u00e9 dans une forteresse du XIXe si\u00e8cle \u00e0 Niederhausbergen, abrite plus de 800 singes.&hellip;\n","protected":false},"author":2,"featured_media":386210,"comment_status":"","ping_status":"","sticky":false,"template":"","format":"standard","meta":{"footnotes":""},"categories":[2820],"tags":[1111,11,1777,674,1011,27,775,12,25,8988,640],"class_list":{"0":"post-386209","1":"post","2":"type-post","3":"status-publish","4":"format-standard","5":"has-post-thumbnail","7":"category-strasbourg","8":"tag-actu","9":"tag-actualites","10":"tag-eu","11":"tag-europe","12":"tag-fr","13":"tag-france","14":"tag-grand-est","15":"tag-news","16":"tag-republique-francaise","17":"tag-singe","18":"tag-strasbourg"},"share_on_mastodon":{"url":"https:\/\/pubeurope.com\/@fr\/115193374509893156","error":""},"_links":{"self":[{"href":"https:\/\/www.europesays.com\/fr\/wp-json\/wp\/v2\/posts\/386209","targetHints":{"allow":["GET"]}}],"collection":[{"href":"https:\/\/www.europesays.com\/fr\/wp-json\/wp\/v2\/posts"}],"about":[{"href":"https:\/\/www.europesays.com\/fr\/wp-json\/wp\/v2\/types\/post"}],"author":[{"embeddable":true,"href":"https:\/\/www.europesays.com\/fr\/wp-json\/wp\/v2\/users\/2"}],"replies":[{"embeddable":true,"href":"https:\/\/www.europesays.com\/fr\/wp-json\/wp\/v2\/comments?post=386209"}],"version-history":[{"count":0,"href":"https:\/\/www.europesays.com\/fr\/wp-json\/wp\/v2\/posts\/386209\/revisions"}],"wp:featuredmedia":[{"embeddable":true,"href":"https:\/\/www.europesays.com\/fr\/wp-json\/wp\/v2\/media\/386210"}],"wp:attachment":[{"href":"https:\/\/www.europesays.com\/fr\/wp-json\/wp\/v2\/media?parent=386209"}],"wp:term":[{"taxonomy":"category","embeddable":true,"href":"https:\/\/www.europesays.com\/fr\/wp-json\/wp\/v2\/categories?post=386209"},{"taxonomy":"post_tag","embeddable":true,"href":"https:\/\/www.europesays.com\/fr\/wp-json\/wp\/v2\/tags?post=386209"}],"curies":[{"name":"wp","href":"https:\/\/api.w.org\/{rel}","templated":true}]}}