{"id":386212,"date":"2025-09-12T21:10:10","date_gmt":"2025-09-12T21:10:10","guid":{"rendered":"https:\/\/www.europesays.com\/fr\/386212\/"},"modified":"2025-09-12T21:10:10","modified_gmt":"2025-09-12T21:10:10","slug":"d1-feminine-plan-de-cuques-narrive-decidement-pas-a-gagner-a-nice","status":"publish","type":"post","link":"https:\/\/www.europesays.com\/fr\/386212\/","title":{"rendered":"D1 f\u00e9minine : Plan-de-Cuques n&rsquo;arrive d\u00e9cid\u00e9ment pas \u00e0 gagner \u00e0 Nice"},"content":{"rendered":"<p>Large vainqueur de Besan\u00e7on \u00e0 la maison la semaine derni\u00e8re, Plan-de-Cuques avait l&rsquo;occasion d&rsquo;envoyer un premier message fort au reste du championnat, ce vendredi soir \u00e0 Nice. Quoi de mieux qu&rsquo;un derby du Sud, dans cette entreprise ? L&rsquo;intensit\u00e9 a \u00e9t\u00e9 \u00e0 la hauteur de l&rsquo;affiche, de bout en bout. Parfois m\u00eame \u00e0 la limite du tol\u00e9rable lorsqu&rsquo;<a href=\"https:\/\/www.laprovence.com\/article\/sports\/2142392923042515\/handball-d1-feminine-les-soeurs-dembele-de-nouveau-reunies-a-plan-de-cuques\" target=\"_blank\" rel=\"nofollow noopener\">Audrey Demb\u00e9l\u00e9<\/a> a envoy\u00e9 au tapis la pauvre Ahlen (12). Quoi qu&rsquo;il en soit, l&rsquo;agressivit\u00e9 payait, en premi\u00e8re mi-temps.<\/p>\n<p>Devant de trois buts au tiers de la rencontre (12-9), les Proven\u00e7ales ont trouv\u00e9 les failles en plein c\u0153ur de la base arri\u00e8re ni\u00e7oise, avant d&rsquo;\u00eatre \u00e9touff\u00e9es en fin de premier acte (14-15). Mal pay\u00e9, mais repr\u00e9sentatif d&rsquo;une partie, comme pr\u00e9vu, accroch\u00e9e jusqu&rsquo;au bout.<\/p>\n<p>Repass\u00e9es devant en d\u00e9but de deuxi\u00e8me mi-temps, les prot\u00e9g\u00e9es d&rsquo;Ang\u00e9lique Spincer ont compt\u00e9 jusqu&rsquo;\u00e0 trois buts de retard ensuite (26-23, 55), \u00e9touff\u00e9es par une d\u00e9fense azur\u00e9enne retrouv\u00e9e. Les prestations d&rsquo;Antonissen (13 buts) et Schupbach (9 arr\u00eats) n&rsquo;auront pas suffi, malgr\u00e9 un dernier sursaut.<\/p>\n<p>Plan-de-Cuques rentre bredouille de la C\u00f4te d&rsquo;Azur. \u00ab\u00a0On a manqu\u00e9 de lucidit\u00e9 au niveau du tir, regrette la capitaine Justine Martel. Nos gardiennes nous font de gros pourcentages d&rsquo;arr\u00eat, on a propos\u00e9 quelque chose de coh\u00e9rent mais notre manque de r\u00e9ussite devant, surtout en seconde p\u00e9riode, nous fait mal.\u00a0\u00bb <a href=\"https:\/\/www.laprovence.com\/article\/sports\/3584529532029814\/handball-incapable-de-gagner-a-nice-depuis-son-entree-dans-lelite-plan-de-cuques-va-t-il-enfin-le-faire\" target=\"_blank\" rel=\"nofollow noopener\">D\u00e9cid\u00e9ment, \u00e0 Nice, les joueuses du HBPC ne trouvent pas les solutions<\/a>.<\/p>\n<p>Nice 26 &#8211; Plan-de-Cuques 25<\/p>\n<p>\u00c0 Nice. Mi-temps\u00a0: 15-14. Arbitres\u00a0: MM. Lahache et Soubri\u00e9. <br \/>Nice\u00a0: Errin (15 arr\u00eats), Tissot &#8211; Rouly, Hertoghe (2), Sy, Semedo (1), Ondono, Dupuis (2), Ahlen (3), Sajka (10), Kerouanton, Fall, Le Blevec (2), Abdelmalek (6). <br \/>2 exclusions temporaires. <br \/>Entra\u00eeneur\u00a0: S\u00e9bastien Mizoule. <br \/>Plan-de-Cuques\u00a0: Novellan (5 arr\u00eats), Schupbach (9) &#8211; Loquay (1), Berrais, Kromoska (3), Antonissen (13), Demb\u00e9l\u00e9 (1), Naal, Martel (2), Perret (2), Elisme (1), Mathon (2). <br \/>3 exclusions temporaires. <br \/>Entra\u00eeneur\u00a0: Ang\u00e9lique Spincer.<\/p>\n","protected":false},"excerpt":{"rendered":"Large vainqueur de Besan\u00e7on \u00e0 la maison la semaine derni\u00e8re, Plan-de-Cuques avait l&rsquo;occasion d&rsquo;envoyer un premier message fort&hellip;\n","protected":false},"author":2,"featured_media":386213,"comment_status":"","ping_status":"","sticky":false,"template":"","format":"standard","meta":{"footnotes":""},"categories":[2819],"tags":[17,1111,11,51874,1777,674,4283,1011,27,7683,1792,51841,12,2401,5261,20444,882,25,60],"class_list":{"0":"post-386212","1":"post","2":"type-post","3":"status-publish","4":"format-standard","5":"has-post-thumbnail","7":"category-nice","8":"tag-17","9":"tag-actu","10":"tag-actualites","11":"tag-decidement","12":"tag-eu","13":"tag-europe","14":"tag-feminine","15":"tag-fr","16":"tag-france","17":"tag-gagner","18":"tag-handball","19":"tag-narrive","20":"tag-news","21":"tag-nice","22":"tag-pas","23":"tag-plan-de-cuques","24":"tag-provence-alpes-cote-dazur","25":"tag-republique-francaise","26":"tag-sports"},"share_on_mastodon":{"url":"https:\/\/pubeurope.com\/@fr\/115193382393328744","error":""},"_links":{"self":[{"href":"https:\/\/www.europesays.com\/fr\/wp-json\/wp\/v2\/posts\/386212","targetHints":{"allow":["GET"]}}],"collection":[{"href":"https:\/\/www.europesays.com\/fr\/wp-json\/wp\/v2\/posts"}],"about":[{"href":"https:\/\/www.europesays.com\/fr\/wp-json\/wp\/v2\/types\/post"}],"author":[{"embeddable":true,"href":"https:\/\/www.europesays.com\/fr\/wp-json\/wp\/v2\/users\/2"}],"replies":[{"embeddable":true,"href":"https:\/\/www.europesays.com\/fr\/wp-json\/wp\/v2\/comments?post=386212"}],"version-history":[{"count":0,"href":"https:\/\/www.europesays.com\/fr\/wp-json\/wp\/v2\/posts\/386212\/revisions"}],"wp:featuredmedia":[{"embeddable":true,"href":"https:\/\/www.europesays.com\/fr\/wp-json\/wp\/v2\/media\/386213"}],"wp:attachment":[{"href":"https:\/\/www.europesays.com\/fr\/wp-json\/wp\/v2\/media?parent=386212"}],"wp:term":[{"taxonomy":"category","embeddable":true,"href":"https:\/\/www.europesays.com\/fr\/wp-json\/wp\/v2\/categories?post=386212"},{"taxonomy":"post_tag","embeddable":true,"href":"https:\/\/www.europesays.com\/fr\/wp-json\/wp\/v2\/tags?post=386212"}],"curies":[{"name":"wp","href":"https:\/\/api.w.org\/{rel}","templated":true}]}}