{"id":386214,"date":"2025-09-12T21:11:11","date_gmt":"2025-09-12T21:11:11","guid":{"rendered":"https:\/\/www.europesays.com\/fr\/386214\/"},"modified":"2025-09-12T21:11:11","modified_gmt":"2025-09-12T21:11:11","slug":"affaire-saint-stanislas-a-nantes-depuis-lappel-a-temoins-74-anciens-eleves-se-sont","status":"publish","type":"post","link":"https:\/\/www.europesays.com\/fr\/386214\/","title":{"rendered":"Affaire Saint-Stanislas, \u00e0 Nantes\u00a0: depuis l\u2019appel \u00e0 t\u00e9moins, 74\u00a0anciens \u00e9l\u00e8ves se sont"},"content":{"rendered":"<p><strong>\u00ab\u00a0Nous savons que d\u2019autres enfants ont subi de telles violences,<\/strong> annon\u00e7ait l\u2019\u00e9v\u00eaque de Nantes, le 29\u00a0ao\u00fbt, apr\u00e8s avoir r\u00e9v\u00e9l\u00e9 que des abus sexuels avaient \u00e9t\u00e9 commis au sein de l\u2019\u00e9tablissement catholique Saint-Stanislas, \u00e0 Nantes.  <strong>Il est n\u00e9cessaire de faire la lumi\u00e8re sur ce qui a pu se passer dans l\u2019ensemble de l\u2019enseignement catholique de Loire-Atlantique.\u00a0\u00bb<\/strong> <\/p>\n<p> Une cellule d\u2019accueil et d\u2019\u00e9coute, compos\u00e9e d\u2019un psychologue, deux m\u00e9decins, une infirmi\u00e8re et trois avocats a \u00e9t\u00e9 imm\u00e9diatement mise en place.<\/p>\n<p>\u00ab\u00a0Trente-neuf \u00e9taient en lien avec Saint-Stanislas\u00a0\u00bb<\/p>\n<p>Pr\u00e8s de quinze jours plus tard, soixante-quatorze anciens \u00e9l\u00e8ves se sont manifest\u00e9s, dont <strong>\u00ab\u00a0quatorze t\u00e9moins\u00a0\u00bb<\/strong>.<strong> \u00ab\u00a0Trente-neuf \u00e9taient en lien avec Saint-Stanislas\u00a0\u00bb,<\/strong> pr\u00e9cise l\u2019\u00e9v\u00each\u00e9, que nous avons sollicit\u00e9.<\/p>\n<p>Comme  <a href=\"https:\/\/nantes.maville.com\/actu\/actudet_-abus-sexuels-ils-revelent-les-choses-degueulasses-endurees-dans-des-ecoles-privees-a-nantes-_8-6962426_actu.Htm\" target=\"_self\" rel=\"noopener\">Ouest-France<\/a>  <a href=\"https:\/\/nantes.maville.com\/actu\/actudet_-abus-sexuels-ils-revelent-les-choses-degueulasses-endurees-dans-des-ecoles-privees-a-nantes-_8-6962426_actu.Htm\" target=\"_self\" rel=\"noopener\"> l\u2019a rapport\u00e9 \u00e0 travers des t\u00e9moignages<\/a>, d\u2019anciens coll\u00e9giens ou lyc\u00e9ens d\u2019autres \u00e9tablissements priv\u00e9s nantais ont fait part d\u2019agressions sexuelles.<\/p>\n<p><strong>\u00ab\u00a0Les \u00e9l\u00e9ments seront transmis au procureur de la R\u00e9publique\u00a0\u00bb,<\/strong> a assur\u00e9 l\u2019\u00e9v\u00eaque, Mgr\u00a0Percerou.<\/p>\n<p>\u00a0<\/p>\n","protected":false},"excerpt":{"rendered":"\u00ab\u00a0Nous savons que d\u2019autres enfants ont subi de telles violences, annon\u00e7ait l\u2019\u00e9v\u00eaque de Nantes, le 29\u00a0ao\u00fbt, apr\u00e8s avoir&hellip;\n","protected":false},"author":2,"featured_media":386215,"comment_status":"","ping_status":"","sticky":false,"template":"","format":"standard","meta":{"footnotes":""},"categories":[2818],"tags":[19616,1111,11,13060,8132,7431,1121,1777,674,1011,27,766,12,2636,3319,25,50234,34070,20835],"class_list":{"0":"post-386214","1":"post","2":"type-post","3":"status-publish","4":"format-standard","5":"has-post-thumbnail","7":"category-nantes","8":"tag-19616","9":"tag-actu","10":"tag-actualites","11":"tag-affaire","12":"tag-anciens","13":"tag-appel","14":"tag-eleves","15":"tag-eu","16":"tag-europe","17":"tag-fr","18":"tag-france","19":"tag-nantes","20":"tag-news","21":"tag-pays-de-la-loire","22":"tag-quimper","23":"tag-republique-francaise","24":"tag-saint-stanislas","25":"tag-signales","26":"tag-temoins"},"share_on_mastodon":{"url":"https:\/\/pubeurope.com\/@fr\/115193386351959476","error":""},"_links":{"self":[{"href":"https:\/\/www.europesays.com\/fr\/wp-json\/wp\/v2\/posts\/386214","targetHints":{"allow":["GET"]}}],"collection":[{"href":"https:\/\/www.europesays.com\/fr\/wp-json\/wp\/v2\/posts"}],"about":[{"href":"https:\/\/www.europesays.com\/fr\/wp-json\/wp\/v2\/types\/post"}],"author":[{"embeddable":true,"href":"https:\/\/www.europesays.com\/fr\/wp-json\/wp\/v2\/users\/2"}],"replies":[{"embeddable":true,"href":"https:\/\/www.europesays.com\/fr\/wp-json\/wp\/v2\/comments?post=386214"}],"version-history":[{"count":0,"href":"https:\/\/www.europesays.com\/fr\/wp-json\/wp\/v2\/posts\/386214\/revisions"}],"wp:featuredmedia":[{"embeddable":true,"href":"https:\/\/www.europesays.com\/fr\/wp-json\/wp\/v2\/media\/386215"}],"wp:attachment":[{"href":"https:\/\/www.europesays.com\/fr\/wp-json\/wp\/v2\/media?parent=386214"}],"wp:term":[{"taxonomy":"category","embeddable":true,"href":"https:\/\/www.europesays.com\/fr\/wp-json\/wp\/v2\/categories?post=386214"},{"taxonomy":"post_tag","embeddable":true,"href":"https:\/\/www.europesays.com\/fr\/wp-json\/wp\/v2\/tags?post=386214"}],"curies":[{"name":"wp","href":"https:\/\/api.w.org\/{rel}","templated":true}]}}