{"id":386216,"date":"2025-09-12T21:12:35","date_gmt":"2025-09-12T21:12:35","guid":{"rendered":"https:\/\/www.europesays.com\/fr\/386216\/"},"modified":"2025-09-12T21:12:35","modified_gmt":"2025-09-12T21:12:35","slug":"nantes-un-enfant-de-7-ans-fauche-par-une-voiture-un-appel-a-temoins-lance-pour-retrouver-le-chauffard","status":"publish","type":"post","link":"https:\/\/www.europesays.com\/fr\/386216\/","title":{"rendered":"Nantes : un enfant de 7 ans fauch\u00e9 par une voiture, un appel \u00e0 t\u00e9moins lanc\u00e9 pour retrouver le chauffard"},"content":{"rendered":"<ul class=\"jsx-862013697 ArticleChapo__List\">\n<li class=\"jsx-862013697 ArticleChapo__List_Item flex\">Jeudi, peu avant 19h, un enfant de 7 ans a \u00e9t\u00e9 renvers\u00e9 par une voiture \u00e0 Nantes.<\/li>\n<li class=\"jsx-862013697 ArticleChapo__List_Item flex\">L&rsquo;automobiliste qui se trouvait avec un passager dans le v\u00e9hicule a pris la fuite.<\/li>\n<li class=\"jsx-862013697 ArticleChapo__List_Item flex\">La victime a \u00e9t\u00e9 transport\u00e9e en urgence absolue au CHU de Nantes.<\/li>\n<\/ul>\n<p data-module=\"article-paragraph\" class=\"jsx-3046738180 Paragraph\">Un terrible accident et des individus activement recherch\u00e9s 24 heures apr\u00e8s les faits. Ce vendredi, la police nationale de Loire-Atlantique lance un appel \u00e0 t\u00e9moins afin d&rsquo;identifier le conducteur d&rsquo;un v\u00e9hicule et son passager.\u00a0<\/p>\n<p data-module=\"article-paragraph\" class=\"jsx-3046738180 Paragraph Paragraph__End\">Ces derniers sont soup\u00e7onn\u00e9s d&rsquo;avoir percut\u00e9 jeudi soir vers 18h40 un enfant de 7 ans qui se trouvait rue du Bois Hardy \u00e0 Nantes (Loire-Atlantique) dans le secteur de Chatenay avant de prendre la fuite.<\/p>\n<p><img decoding=\"async\" src=\"https:\/\/www.europesays.com\/fr\/wp-content\/uploads\/2025\/09\/appel-a-temoins-police-de-nantes-63e444-0@1x.jpeg\" alt=\"La police a lanc\u00e9 un appel \u00e0 t\u00e9moins ce vendredi. - Police nationale\" loading=\"lazy\" importance=\"low\" fetchpriority=\"low\" class=\"\" data-module=\"article-image\"\/>La police a lanc\u00e9 un appel \u00e0 t\u00e9moins ce vendredi. &#8211; Police nationaleUn v\u00e9hicule de marque Renault <\/p>\n<p data-module=\"article-paragraph\" class=\"jsx-3046738180 Paragraph\">La victime a \u00e9t\u00e9 transport\u00e9e en urgence absolue au CHU de Nantes. Contact\u00e9 sur son \u00e9tat de sant\u00e9 ce vendredi, le parquet de Nantes n&rsquo;avait pas, \u00e0 17h30, r\u00e9pondu aux m\u00e9dias.\u00a0<\/p>\n<p data-module=\"article-paragraph\" class=\"jsx-3046738180 Paragraph\">Selon la police, les deux personnes recherch\u00e9es se trouvaient au volant d&rsquo;un v\u00e9hicule de marque Renault, mod\u00e8le Sc\u00e9nic, de couleur grise au moment du drame.<\/p>\n<p data-module=\"article-paragraph\" class=\"jsx-3046738180 Paragraph Paragraph__End\"><strong>Toute personne pouvant apporter des \u00e9l\u00e9ments aux enqu\u00eateurs est invit\u00e9e \u00e0 contacter la police au 02 53 46 70 47 ou au 02 53 46 71 01. \u00a0<\/strong><\/p>\n<p>Aur\u00e9lie SARROT<\/p>\n","protected":false},"excerpt":{"rendered":"Jeudi, peu avant 19h, un enfant de 7 ans a \u00e9t\u00e9 renvers\u00e9 par une voiture \u00e0 Nantes. L&rsquo;automobiliste&hellip;\n","protected":false},"author":2,"featured_media":249353,"comment_status":"","ping_status":"","sticky":false,"template":"","format":"standard","meta":{"footnotes":""},"categories":[2818],"tags":[3085,1111,11,1921,1777,674,6017,1011,27,1922,303,2954,766,12,2636,1072,25,133,2953],"class_list":{"0":"post-386216","1":"post","2":"type-post","3":"status-publish","4":"format-standard","5":"has-post-thumbnail","7":"category-nantes","8":"tag-accidents","9":"tag-actu","10":"tag-actualites","11":"tag-article-video","12":"tag-eu","13":"tag-europe","14":"tag-fait-divers","15":"tag-fr","16":"tag-france","17":"tag-info","18":"tag-justice","19":"tag-justice-et-faits-divers","20":"tag-nantes","21":"tag-news","22":"tag-pays-de-la-loire","23":"tag-police","24":"tag-republique-francaise","25":"tag-video","26":"tag-video-police"},"share_on_mastodon":{"url":"https:\/\/pubeurope.com\/@fr\/115193390791507130","error":""},"_links":{"self":[{"href":"https:\/\/www.europesays.com\/fr\/wp-json\/wp\/v2\/posts\/386216","targetHints":{"allow":["GET"]}}],"collection":[{"href":"https:\/\/www.europesays.com\/fr\/wp-json\/wp\/v2\/posts"}],"about":[{"href":"https:\/\/www.europesays.com\/fr\/wp-json\/wp\/v2\/types\/post"}],"author":[{"embeddable":true,"href":"https:\/\/www.europesays.com\/fr\/wp-json\/wp\/v2\/users\/2"}],"replies":[{"embeddable":true,"href":"https:\/\/www.europesays.com\/fr\/wp-json\/wp\/v2\/comments?post=386216"}],"version-history":[{"count":0,"href":"https:\/\/www.europesays.com\/fr\/wp-json\/wp\/v2\/posts\/386216\/revisions"}],"wp:featuredmedia":[{"embeddable":true,"href":"https:\/\/www.europesays.com\/fr\/wp-json\/wp\/v2\/media\/249353"}],"wp:attachment":[{"href":"https:\/\/www.europesays.com\/fr\/wp-json\/wp\/v2\/media?parent=386216"}],"wp:term":[{"taxonomy":"category","embeddable":true,"href":"https:\/\/www.europesays.com\/fr\/wp-json\/wp\/v2\/categories?post=386216"},{"taxonomy":"post_tag","embeddable":true,"href":"https:\/\/www.europesays.com\/fr\/wp-json\/wp\/v2\/tags?post=386216"}],"curies":[{"name":"wp","href":"https:\/\/api.w.org\/{rel}","templated":true}]}}