{"id":386225,"date":"2025-09-12T21:17:16","date_gmt":"2025-09-12T21:17:16","guid":{"rendered":"https:\/\/www.europesays.com\/fr\/386225\/"},"modified":"2025-09-12T21:17:16","modified_gmt":"2025-09-12T21:17:16","slug":"trois-mineurs-interpelles-deux-autres-complices-recherches","status":"publish","type":"post","link":"https:\/\/www.europesays.com\/fr\/386225\/","title":{"rendered":"trois mineurs interpell\u00e9s, deux autres complices recherch\u00e9s"},"content":{"rendered":"<p>            Par<br \/>\n        <strong><br \/>\n            <a href=\"https:\/\/actu.fr\/auteur\/redaction-lille\" title=\"Consulter tous les articles de R\u00e9daction Lille\" target=\"_blank\" rel=\"noopener\">R\u00e9daction Lille<\/a><br \/>\n        <\/strong><\/p>\n<p>        Publi\u00e9 le<\/p>\n<p>            12 sept. 2025 \u00e0 15h29        <\/p>\n<p>Ils sont d\u00e9sormais<b> trois mineurs \u00e0 avoir \u00e9t\u00e9 interpell\u00e9s<\/b> apr\u00e8s <a href=\"https:\/\/actu.fr\/hauts-de-france\/tourcoing_59599\/tourcoing-un-policier-de-la-bac-en-surveillance-passe-a-tabac-par-plusieurs-individus-en-pleine-rue_63152255.html\" target=\"_blank\" rel=\"noopener\">la violente agression d\u2019un policier \u00e0 Tourcoing<\/a> (Nord), le 11 septembre 2025, a annonc\u00e9 ce vendredi 12 septembre le ministre d\u00e9missionnaire de la Justice G\u00e9rald Darmanin. Il voit comme un \u00ab\u00a0second scandale\u00a0\u00bb la diffusion d\u2019une vid\u00e9o largement relay\u00e9e de l\u2019agression.<\/p>\n<p>Agression d\u2019un policier \u00e0 Tourcoing : trois mineurs interpell\u00e9s, deux autres complices recherch\u00e9s<\/p>\n<p class=\" wall-content\">Le contexte : ce\u00a0policier de la brigade anticriminalit\u00e9 (BAC) intervenait avec deux coll\u00e8gues jeudi en fin d\u2019apr\u00e8s-midi pour \u00ab\u00a0un vol de trottinette (\u2026) o\u00f9 il y avait du chantage, un harc\u00e8lement d\u2019un gamin, d\u2019un pauvre gamin, qui subissait la loi d\u2019une petite bande\u00a0\u00bb, a d\u00e9taill\u00e9 G\u00e9rald Darmanin devant le commissariat de Tourcoing, o\u00f9 il s\u2019est rendu \u00e0 la mi-journ\u00e9e.<\/p>\n<p class=\" wall-content\">\u00ab\u00a0Trois interpellations ont d\u00e9j\u00e0 eu lieu\u00a0\u00bb, a ajout\u00e9 le ministre, par ailleurs ancien maire de Tourcoing,<b> pr\u00e9cisant que les trois interpell\u00e9s \u00e9taient mineurs<\/b>. Apr\u00e8s une premi\u00e8re interpellation juste apr\u00e8s l\u2019agression, mercredi \u00e0 18h30, deux autres personnes ont \u00e9t\u00e9 interpell\u00e9es vendredi matin, a d\u00e9clar\u00e9 \u00e0 ses c\u00f4t\u00e9s Carole Etienne, procureure de la R\u00e9publique de Lille. Ils n\u2019avaient pas d\u2019ant\u00e9c\u00e9dents judiciaires, a-t-elle soulign\u00e9.<\/p>\n<p class=\" wall-content\">Deux autres personnes impliqu\u00e9es, dont un majeur, \u00ab\u00a0sont activement recherch\u00e9es\u00a0\u00bb, a ajout\u00e9 la procureure. Parmi <b>ces cinq personnes, \u00e2g\u00e9es de 15 \u00e0 19 ans<\/b>, quatre sont soup\u00e7onn\u00e9es d\u2019\u00eatre impliqu\u00e9es dans l\u2019agression, et une dans la captation vid\u00e9o de celle-ci.<\/p>\n<p>Le policier a le nez cass\u00e9 et est \u00ab\u00a0choqu\u00e9 psychologiquement\u00a0\u00bb<\/p>\n<p class=\" wall-content\">Le policier \u00ab\u00a0est <b>plus choqu\u00e9 psychologiquement que physiquement<\/b>\u00ab\u00a0, bien qu\u2019il souffre d\u2019un nez cass\u00e9 et d\u2019une \u00ab\u00a0cloison nasale qu\u2019il va sans doute se faire op\u00e9rer\u00a0\u00bb, a pr\u00e9cis\u00e9 le ministre de la Justice. Selon la procureure, il s\u2019est vu remettre une incapacit\u00e9 totale de travail (ITT) de cinq jours, \u00ab\u00a0r\u00e9\u00e9valuable\u00a0\u00bb.<\/p>\n<p class=\" wall-content\">Le garde des Sceaux a r\u00e9it\u00e9r\u00e9 son souhait d\u2019instaurer dans la loi des \u00ab\u00a0peines minimales\u00a0\u00bb, appelant \u00e0 \u00ab\u00a0un d\u00e9bat pour savoir quel est le tarif minimum lorsqu\u2019on commet des actes contraires \u00e0 l\u2019int\u00e9grit\u00e9 de la R\u00e9publique\u00a0\u00bb. \u00ab\u00a0<b>Qu\u2019on puisse diffuser ces images, c\u2019est l\u00e0 le second scandale<\/b>\u00ab\u00a0, a-t-il insist\u00e9, d\u00e9plorant qu\u2019on puisse \u00ab\u00a0se r\u00e9jouir\u00a0\u00bb de cette agression, dont la vid\u00e9o, largement relay\u00e9e sur les r\u00e9seaux sociaux, montre le policier maintenu au sol en pleine rue et frapp\u00e9 de plusieurs coups de poing au visage.<\/p>\n<p>Votre r\u00e9gion, votre actu !<\/p>\n<p>Recevez chaque jour les infos qui comptent pour vous.<\/p>\n<p>\t<a href=\"https:\/\/actu.fr\/newsletter\" class=\"ac-btn ac-btn--corner ac-btn--medium ac-btn--blue800\" target=\"_blank\" rel=\"noopener\">S&rsquo;incrire<\/a><\/p>\n<p class=\" wall-content\">Plusieurs enqu\u00eates ont d\u2019ailleurs \u00e9t\u00e9 ouvertes par le parquet de Lille : une pour violences sur personne d\u00e9positaire de l\u2019autorit\u00e9 publique, \u00ab\u00a0aggrav\u00e9es puisqu\u2019en r\u00e9union et en s\u2019accaparant la matraque t\u00e9lescopique d\u2019un policier\u00a0\u00bb, une pour le vol de trottinette avec menaces et intimidation, et enfin une pour la captation et la diffusion de l\u2019agression, a d\u00e9taill\u00e9 la procureure.<\/p>\n<p class=\" wall-content\">\u00ab\u00a0Ce n\u2019est pas un d\u00e9rapage, c\u2019est un sympt\u00f4me: la violence contre les forces de l\u2019ordre prosp\u00e8re parce que l\u2019impunit\u00e9 est d\u00e9sormais enracin\u00e9e\u00a0\u00bb, a r\u00e9agi dans un communiqu\u00e9 le syndicat de police Alliance. \u00ab\u00a0L\u2019Etat doit absolument se donner de nouveaux moyens, juridiques et \u00e9ducatifs, pour une plus grande fermet\u00e9\u00a0\u00bb, a aussi r\u00e9clam\u00e9 sur X le ministre d\u00e9missionnaire de l\u2019Int\u00e9rieur, Bruno Retailleau.<\/p>\n<p class=\" wall-content\"><b>Avec AFP<\/b><\/p>\n<p class=\" wall-content\">Personnalisez votre actualit\u00e9 en ajoutant vos villes et m\u00e9dias en favori avec <a href=\"https:\/\/moncompte.actu.fr\" title=\"D\u00e9couvez Mon Actu\" rel=\"nofollow noopener\" data-trk=\"{&quot;cta&quot;:{&quot;action&quot;:&quot;https:\\\/\\\/moncompte.actu.fr&quot;,&quot;category&quot;:&quot;mon compte&quot;,&quot;from&quot;:&quot;article footer&quot;,&quot;name&quot;:&quot;Mon actu&quot;,&quot;type&quot;:&quot;cta&quot;}}\" target=\"_blank\">Mon Actu<\/a>.<\/p>\n","protected":false},"excerpt":{"rendered":"Par R\u00e9daction Lille Publi\u00e9 le 12 sept. 2025 \u00e0 15h29 Ils sont d\u00e9sormais trois mineurs \u00e0 avoir \u00e9t\u00e9&hellip;\n","protected":false},"author":2,"featured_media":386226,"comment_status":"","ping_status":"","sticky":false,"template":"","format":"standard","meta":{"footnotes":""},"categories":[2815],"tags":[1111,11,1777,674,118,1011,27,432,811,1307,12,1072,25],"class_list":{"0":"post-386225","1":"post","2":"type-post","3":"status-publish","4":"format-standard","5":"has-post-thumbnail","7":"category-lille","8":"tag-actu","9":"tag-actualites","10":"tag-eu","11":"tag-europe","12":"tag-faits-divers","13":"tag-fr","14":"tag-france","15":"tag-gerald-darmanin","16":"tag-hauts-de-france","17":"tag-lille","18":"tag-news","19":"tag-police","20":"tag-republique-francaise"},"share_on_mastodon":{"url":"https:\/\/pubeurope.com\/@fr\/115193409919316427","error":""},"_links":{"self":[{"href":"https:\/\/www.europesays.com\/fr\/wp-json\/wp\/v2\/posts\/386225","targetHints":{"allow":["GET"]}}],"collection":[{"href":"https:\/\/www.europesays.com\/fr\/wp-json\/wp\/v2\/posts"}],"about":[{"href":"https:\/\/www.europesays.com\/fr\/wp-json\/wp\/v2\/types\/post"}],"author":[{"embeddable":true,"href":"https:\/\/www.europesays.com\/fr\/wp-json\/wp\/v2\/users\/2"}],"replies":[{"embeddable":true,"href":"https:\/\/www.europesays.com\/fr\/wp-json\/wp\/v2\/comments?post=386225"}],"version-history":[{"count":0,"href":"https:\/\/www.europesays.com\/fr\/wp-json\/wp\/v2\/posts\/386225\/revisions"}],"wp:featuredmedia":[{"embeddable":true,"href":"https:\/\/www.europesays.com\/fr\/wp-json\/wp\/v2\/media\/386226"}],"wp:attachment":[{"href":"https:\/\/www.europesays.com\/fr\/wp-json\/wp\/v2\/media?parent=386225"}],"wp:term":[{"taxonomy":"category","embeddable":true,"href":"https:\/\/www.europesays.com\/fr\/wp-json\/wp\/v2\/categories?post=386225"},{"taxonomy":"post_tag","embeddable":true,"href":"https:\/\/www.europesays.com\/fr\/wp-json\/wp\/v2\/tags?post=386225"}],"curies":[{"name":"wp","href":"https:\/\/api.w.org\/{rel}","templated":true}]}}