{"id":386240,"date":"2025-09-12T21:26:12","date_gmt":"2025-09-12T21:26:12","guid":{"rendered":"https:\/\/www.europesays.com\/fr\/386240\/"},"modified":"2025-09-12T21:26:12","modified_gmt":"2025-09-12T21:26:12","slug":"paris-londres-et-berlin-appellent-israel-a-cesser-ses-operations-militaires","status":"publish","type":"post","link":"https:\/\/www.europesays.com\/fr\/386240\/","title":{"rendered":"Paris, Londres et Berlin appellent Isra\u00ebl \u00e0 cesser ses op\u00e9rations militaires"},"content":{"rendered":"<p class=\"mb-4 text-lg md:leading-8 break-words\"><strong>conflit &#8211; La France, le Royaume-Uni et l\u2019Allemagne tentent, une nouvelle fois, d\u2019emp\u00eacher la poursuite des op\u00e9rations militaires isra\u00e9liennes \u00e0 Gaza avec une d\u00e9claration<\/strong><\/p>\n<p class=\"mb-4 text-lg md:leading-8 break-words\">Ce nouvel appel va-t-il \u00eatre entendu par <a href=\"https:\/\/www.20minutes.fr\/monde\/israel\/?at_medium=RSS%20feed&amp;at_campaign=ynews&amp;utm_source=yahoo&amp;utm_medium=rss&amp;utm_campaign=news_feed&amp;utm_content=in_article_link\" rel=\"nofollow noopener\" target=\"_blank\" data-ylk=\"slk:Isra\u00ebl;elm:context_link;itc:0;sec:content-canvas\" class=\"link \">Isra\u00ebl<\/a>\u00a0? Une nouvelle fois, la <a href=\"https:\/\/www.20minutes.fr\/france\/?at_medium=RSS%20feed&amp;at_campaign=ynews&amp;utm_source=yahoo&amp;utm_medium=rss&amp;utm_campaign=news_feed&amp;utm_content=in_article_link\" rel=\"nofollow noopener\" target=\"_blank\" data-ylk=\"slk:France;elm:context_link;itc:0;sec:content-canvas\" class=\"link \">France<\/a>, le <a href=\"https:\/\/www.20minutes.fr\/monde\/royaume-uni\/?at_medium=RSS%20feed&amp;at_campaign=ynews&amp;utm_source=yahoo&amp;utm_medium=rss&amp;utm_campaign=news_feed&amp;utm_content=in_article_link\" rel=\"nofollow noopener\" target=\"_blank\" data-ylk=\"slk:Royaume-Uni;elm:context_link;itc:0;sec:content-canvas\" class=\"link \">Royaume-Uni<\/a> et l\u2019<a href=\"https:\/\/www.20minutes.fr\/dossier\/allemagne?at_medium=RSS%20feed&amp;at_campaign=ynews&amp;utm_source=yahoo&amp;utm_medium=rss&amp;utm_campaign=news_feed&amp;utm_content=in_article_link\" rel=\"nofollow noopener\" target=\"_blank\" data-ylk=\"slk:Allemagne;elm:context_link;itc:0;sec:content-canvas\" class=\"link \">Allemagne<\/a> demandent \u00ab\u00a0l\u2019arr\u00eat imm\u00e9diat des op\u00e9rations militaires isra\u00e9liennes dans la ville de <a href=\"https:\/\/www.20minutes.fr\/monde\/gaza\/?at_medium=RSS%20feed&amp;at_campaign=ynews&amp;utm_source=yahoo&amp;utm_medium=rss&amp;utm_campaign=news_feed&amp;utm_content=in_article_link\" rel=\"nofollow noopener\" target=\"_blank\" data-ylk=\"slk:Gaza;elm:context_link;itc:0;sec:content-canvas\" class=\"link \">Gaza<\/a>, qui provoquent des d\u00e9placements massifs de civils, des pertes civiles et la destruction d\u2019infrastructures essentielles\u00a0\u00bb, indique un communiqu\u00e9 commun des minist\u00e8res des Affaires \u00e9trang\u00e8res des trois pays, envoy\u00e9 par Berlin.<\/p>\n<p class=\"mb-4 text-lg md:leading-8 break-words\">\u00ab\u00a0Nous appelons l\u2019<a href=\"https:\/\/www.20minutes.fr\/monde\/onu\/?at_medium=RSS%20feed&amp;at_campaign=ynews&amp;utm_source=yahoo&amp;utm_medium=rss&amp;utm_campaign=news_feed&amp;utm_content=in_article_link\" rel=\"nofollow noopener\" target=\"_blank\" data-ylk=\"slk:ONU;elm:context_link;itc:0;sec:content-canvas\" class=\"link \">ONU<\/a> et les <a href=\"https:\/\/www.20minutes.fr\/dossier\/ong?at_medium=RSS%20feed&amp;at_campaign=ynews&amp;utm_source=yahoo&amp;utm_medium=rss&amp;utm_campaign=news_feed&amp;utm_content=in_article_link\" rel=\"nofollow noopener\" target=\"_blank\" data-ylk=\"slk:ONG;elm:context_link;itc:0;sec:content-canvas\" class=\"link \">ONG<\/a> humanitaires \u00e0 pouvoir travailler en toute s\u00e9curit\u00e9 et \u00e0 grande \u00e9chelle dans toute la bande de Gaza, y compris dans le nord\u00a0\u00bb, ajoute le communiqu\u00e9.<\/p>\n<p>Gaza affam\u00e9e, assi\u00e9g\u00e9e, d\u00e9vast\u00e9e<\/p>\n<p class=\"mb-4 text-lg md:leading-8 break-words\">Cette d\u00e9claration intervient trois jours apr\u00e8s une <a href=\"https:\/\/www.20minutes.fr\/monde\/israel\/4172075-20250909-qatar-explosions-revendication-israel-hamas-passe-doha?at_medium=RSS%20feed&amp;at_campaign=ynews&amp;utm_source=yahoo&amp;utm_medium=rss&amp;utm_campaign=news_feed&amp;utm_content=in_article_link\" rel=\"nofollow noopener\" target=\"_blank\" data-ylk=\"slk:attaque sans pr\u00e9c\u00e9dent;elm:context_link;itc:0;sec:content-canvas\" class=\"link \">attaque sans pr\u00e9c\u00e9dent<\/a> men\u00e9e par Isra\u00ebl au <a href=\"https:\/\/www.20minutes.fr\/dossier\/qatar?at_medium=RSS%20feed&amp;at_campaign=ynews&amp;utm_source=yahoo&amp;utm_medium=rss&amp;utm_campaign=news_feed&amp;utm_content=in_article_link\" rel=\"nofollow noopener\" target=\"_blank\" data-ylk=\"slk:Qatar;elm:context_link;itc:0;sec:content-canvas\" class=\"link \">Qatar<\/a>, qui avait cibl\u00e9 des responsables du Hamas. D\u2019apr\u00e8s le Hamas, l\u2019attaque visait \u00e0 torpiller les n\u00e9gociations pour une tr\u00eave \u00e0 Gaza.<\/p>\n<p class=\"mb-4 text-lg md:leading-8 break-words\">Dans la bande de Gaza affam\u00e9e, assi\u00e9g\u00e9e et d\u00e9vast\u00e9e par pr\u00e8s de deux ans de guerre, l\u2019arm\u00e9e isra\u00e9lienne a affirm\u00e9 son intention d\u2019intensifier ses frappes sur Gaza-ville.<\/p>\n<p><a href=\"https:\/\/www.20minutes.fr\/monde\/gaza\/\" rel=\"nofollow noopener\" target=\"_blank\" data-ylk=\"slk:Tous nos articles sur Gaza;elm:context_link;itc:0;sec:content-canvas\" class=\"link \">Tous nos articles sur Gaza<\/a><\/p>\n<p class=\"mb-4 text-lg md:leading-8 break-words\">Apr\u00e8s le d\u00e9but de la guerre, d\u00e9clench\u00e9e par une attaque sans pr\u00e9c\u00e9dent du <a href=\"https:\/\/www.20minutes.fr\/monde\/hamas\/?at_medium=RSS%20feed&amp;at_campaign=ynews&amp;utm_source=yahoo&amp;utm_medium=rss&amp;utm_campaign=news_feed&amp;utm_content=in_article_link\" rel=\"nofollow noopener\" target=\"_blank\" data-ylk=\"slk:Hamas;elm:context_link;itc:0;sec:content-canvas\" class=\"link \">Hamas<\/a> sur le sol isra\u00e9lien le 7\u00a0octobre 2023, Isra\u00ebl a d\u00e9cim\u00e9 la direction de ce mouvement, jurant de le d\u00e9truire et de le chasser du territoire palestinien o\u00f9 il a pris le pouvoir en\u00a02007.<\/p>\n<p class=\"mb-4 text-lg md:leading-8 break-words\"><a href=\"https:\/\/www.20minutes.fr\/monde\/israel\/4172854-20250912-gaza-paris-londres-berlin-appellent-israel-cesser-operations-militaires?at_medium=RSS%20feed&amp;at_campaign=ynews&amp;utm_source=yahoo&amp;utm_medium=rss&amp;utm_campaign=news_feed&amp;utm_content=read_more_link&quot;\" rel=\"nofollow noopener\" target=\"_blank\" data-ylk=\"slk:Lire la suite sur 20minutes;elm:context_link;itc:0;sec:content-canvas\" class=\"link \">Lire la suite sur 20minutes<\/a><\/p>\n<p>\u00c0 lire aussi :<br \/><a href=\"https:\/\/www.20minutes.fr\/monde\/israel\/4172841-20250912-reconnaissance-palestine-etat-hamas-onu-adopte-declaration-new-york?at_medium=RSS%20feed&amp;at_campaign=ynews&amp;utm_source=yahoo&amp;utm_medium=rss&amp;utm_campaign=news_feed&amp;utm_content=related_content_link\" rel=\"nofollow noopener\" target=\"_blank\" data-ylk=\"slk:Reconnaissance de la Palestine\u00a0: Un Etat mais sans le Hamas, l\u2019ONU adopte la \u00ab\u00a0d\u00e9claration de New York\u00a0\u00bb;elm:context_link;itc:0;sec:content-canvas\" class=\"link \">Reconnaissance de la Palestine\u00a0: Un Etat mais sans le Hamas, l\u2019ONU adopte la \u00ab\u00a0d\u00e9claration de New York\u00a0\u00bb<\/a><br \/><a href=\"https:\/\/www.20minutes.fr\/monde\/israel\/4172624-20250911-premier-ministre-israelien-affirme-etat-palestinien?at_medium=RSS%20feed&amp;at_campaign=ynews&amp;utm_source=yahoo&amp;utm_medium=rss&amp;utm_campaign=news_feed&amp;utm_content=related_content_link\" rel=\"nofollow noopener\" target=\"_blank\" data-ylk=\"slk:Le Premier ministre isra\u00e9lien affirme \u00ab\u00a0qu\u2019il n\u2019y aura pas d\u2019Etat palestinien\u00a0\u00bb;elm:context_link;itc:0;sec:content-canvas\" class=\"link \">Le Premier ministre isra\u00e9lien affirme \u00ab\u00a0qu\u2019il n\u2019y aura pas d\u2019Etat palestinien\u00a0\u00bb<\/a><\/p>\n","protected":false},"excerpt":{"rendered":"conflit &#8211; La France, le Royaume-Uni et l\u2019Allemagne tentent, une nouvelle fois, d\u2019emp\u00eacher la poursuite des op\u00e9rations militaires&hellip;\n","protected":false},"author":2,"featured_media":386241,"comment_status":"","ping_status":"","sticky":false,"template":"","format":"standard","meta":{"footnotes":""},"categories":[1888],"tags":[1111,1928,11,1927,4628,1777,674,1011,27,665,3519,664,51854,12,1926,6745,626,1925,25,473],"class_list":{"0":"post-386240","1":"post","2":"type-post","3":"status-publish","4":"format-standard","5":"has-post-thumbnail","7":"category-paris","8":"tag-actu","9":"tag-actu-paris","10":"tag-actualites","11":"tag-actualites-paris","12":"tag-bande-de-gaza","13":"tag-eu","14":"tag-europe","15":"tag-fr","16":"tag-france","17":"tag-gaza","18":"tag-hamas","19":"tag-israel","20":"tag-ministeres-des-affaires-etrangeres","21":"tag-news","22":"tag-news-paris","23":"tag-operations-militaires","24":"tag-paris","25":"tag-paris-news","26":"tag-republique-francaise","27":"tag-royaume-uni"},"share_on_mastodon":{"url":"https:\/\/pubeurope.com\/@fr\/115193445898373865","error":""},"_links":{"self":[{"href":"https:\/\/www.europesays.com\/fr\/wp-json\/wp\/v2\/posts\/386240","targetHints":{"allow":["GET"]}}],"collection":[{"href":"https:\/\/www.europesays.com\/fr\/wp-json\/wp\/v2\/posts"}],"about":[{"href":"https:\/\/www.europesays.com\/fr\/wp-json\/wp\/v2\/types\/post"}],"author":[{"embeddable":true,"href":"https:\/\/www.europesays.com\/fr\/wp-json\/wp\/v2\/users\/2"}],"replies":[{"embeddable":true,"href":"https:\/\/www.europesays.com\/fr\/wp-json\/wp\/v2\/comments?post=386240"}],"version-history":[{"count":0,"href":"https:\/\/www.europesays.com\/fr\/wp-json\/wp\/v2\/posts\/386240\/revisions"}],"wp:featuredmedia":[{"embeddable":true,"href":"https:\/\/www.europesays.com\/fr\/wp-json\/wp\/v2\/media\/386241"}],"wp:attachment":[{"href":"https:\/\/www.europesays.com\/fr\/wp-json\/wp\/v2\/media?parent=386240"}],"wp:term":[{"taxonomy":"category","embeddable":true,"href":"https:\/\/www.europesays.com\/fr\/wp-json\/wp\/v2\/categories?post=386240"},{"taxonomy":"post_tag","embeddable":true,"href":"https:\/\/www.europesays.com\/fr\/wp-json\/wp\/v2\/tags?post=386240"}],"curies":[{"name":"wp","href":"https:\/\/api.w.org\/{rel}","templated":true}]}}