{"id":386248,"date":"2025-09-12T21:30:14","date_gmt":"2025-09-12T21:30:14","guid":{"rendered":"https:\/\/www.europesays.com\/fr\/386248\/"},"modified":"2025-09-12T21:30:14","modified_gmt":"2025-09-12T21:30:14","slug":"moscou-invite-a-cesser-ses-provocations","status":"publish","type":"post","link":"https:\/\/www.europesays.com\/fr\/386248\/","title":{"rendered":"Moscou invit\u00e9 \u00e0 cesser ses \u00ab\u00a0provocations\u00a0\u00bb"},"content":{"rendered":"<p>La Pologne et une quarantaine de ses alli\u00e9s ont d\u00e9nonc\u00e9 vendredi \u00e0 l&rsquo;ONU \u00ab l&rsquo;escalade \u00bb que repr\u00e9sente l&rsquo;intrusion de drones pr\u00e9sum\u00e9s russes sur son territoire, appelant Moscou \u00e0 \u00e9viter de nouvelles \u00ab provocations \u00bb.<\/p>\n<p>\u00ab Nous sommes ici pour exprimer notre profonde inqui\u00e9tude et attirer l&rsquo;attention de la communaut\u00e9 internationale sur une nouvelle violation flagrante du droit international et de la Charte des Nations unies commise par la Russie \u00bb, a d\u00e9clar\u00e9 \u00e0 la presse le ministre polonais adjoint des Affaires \u00e9trang\u00e8res Marcin Bosacki avant une r\u00e9union d&rsquo;urgence du Conseil de s\u00e9curit\u00e9 demand\u00e9 par son pays.<\/p>\n<p><a href=\"https:\/\/www.ledauphine.com\/defense-guerre-conflit\/2025\/09\/10\/l-armee-abat-des-objets-hostiles-apres-des-violations-de-son-espace-aerien-par-la-russie\" target=\"_blank\" rel=\"noopener\">L&rsquo;intrusion d&rsquo;une vingtaine de drones<\/a> dans la nuit de mardi \u00e0 mercredi dans l&rsquo;espace a\u00e9rien polonais a suscit\u00e9 une vive \u00e9motion en Pologne et \u00e9t\u00e9 qualifi\u00e9e de provocation par les pays occidentaux.<\/p>\n<p>\u00ab L&rsquo;escalade ne peut pas mener vers la paix. \u00bb\u00a0<\/p>\n<p>La Russie a d\u00e9menti avoir vis\u00e9 la Pologne et accus\u00e9 Varsovie, qui a d\u00fb mobiliser ses avions et ceux de ses alli\u00e9s de l&rsquo;Otan pour abattre certains des drones, de n&rsquo;avoir pas pr\u00e9sent\u00e9 d&rsquo;\u00e9l\u00e9ments prouvant que les engins \u00e9taient bien russes.<\/p>\n<p>\u00ab Cette r\u00e9union a \u00e9t\u00e9 demand\u00e9e parce que les actes irr\u00e9fl\u00e9chis de la Russie ne repr\u00e9sentent pas seulement une violation du droit international mais aussi une escalade d\u00e9stabilisatrice qui rapproche toute la r\u00e9gion d&rsquo;un conflit plus qu&rsquo;\u00e0 aucun autre moment ces derni\u00e8res ann\u00e9es \u00bb, a-t-il ajout\u00e9, lisant une d\u00e9claration au nom d&rsquo;une quarantaine de pays, dont les 26 autres de l&rsquo;Union europ\u00e9enne, l&rsquo;Ukraine, les Etats-Unis, le Japon ou le Canada.<\/p>\n<p>\u00ab Nous profitons de cette opportunit\u00e9 pour r\u00e9p\u00e9ter notre appel \u00e0 la F\u00e9d\u00e9ration de Russie de cesser, sans d\u00e9lai, sa guerre d&rsquo;agression contre l&rsquo;Ukraine, de renoncer \u00e0 toute nouvelle provocation et de respecter ses obligations inscrites dans la Charte de l&rsquo;ONU \u00bb, a-t-il insist\u00e9. \u00ab L&rsquo;escalade ne peut pas mener vers la paix. \u00bb\u00a0<\/p>\n","protected":false},"excerpt":{"rendered":"La Pologne et une quarantaine de ses alli\u00e9s ont d\u00e9nonc\u00e9 vendredi \u00e0 l&rsquo;ONU \u00ab l&rsquo;escalade \u00bb que repr\u00e9sente&hellip;\n","protected":false},"author":2,"featured_media":386249,"comment_status":"","ping_status":"","sticky":false,"template":"","format":"standard","meta":{"footnotes":""},"categories":[1590],"tags":[11,3206,1777,674,107,329,12,220],"class_list":{"0":"post-386248","1":"post","2":"type-post","3":"status-publish","4":"format-standard","5":"has-post-thumbnail","7":"category-ukraine","8":"tag-actualites","9":"tag-defense-guerre-conflit","10":"tag-eu","11":"tag-europe","12":"tag-fil-info","13":"tag-france-monde","14":"tag-news","15":"tag-ukraine"},"share_on_mastodon":{"url":"https:\/\/pubeurope.com\/@fr\/115193461181614844","error":""},"_links":{"self":[{"href":"https:\/\/www.europesays.com\/fr\/wp-json\/wp\/v2\/posts\/386248","targetHints":{"allow":["GET"]}}],"collection":[{"href":"https:\/\/www.europesays.com\/fr\/wp-json\/wp\/v2\/posts"}],"about":[{"href":"https:\/\/www.europesays.com\/fr\/wp-json\/wp\/v2\/types\/post"}],"author":[{"embeddable":true,"href":"https:\/\/www.europesays.com\/fr\/wp-json\/wp\/v2\/users\/2"}],"replies":[{"embeddable":true,"href":"https:\/\/www.europesays.com\/fr\/wp-json\/wp\/v2\/comments?post=386248"}],"version-history":[{"count":0,"href":"https:\/\/www.europesays.com\/fr\/wp-json\/wp\/v2\/posts\/386248\/revisions"}],"wp:featuredmedia":[{"embeddable":true,"href":"https:\/\/www.europesays.com\/fr\/wp-json\/wp\/v2\/media\/386249"}],"wp:attachment":[{"href":"https:\/\/www.europesays.com\/fr\/wp-json\/wp\/v2\/media?parent=386248"}],"wp:term":[{"taxonomy":"category","embeddable":true,"href":"https:\/\/www.europesays.com\/fr\/wp-json\/wp\/v2\/categories?post=386248"},{"taxonomy":"post_tag","embeddable":true,"href":"https:\/\/www.europesays.com\/fr\/wp-json\/wp\/v2\/tags?post=386248"}],"curies":[{"name":"wp","href":"https:\/\/api.w.org\/{rel}","templated":true}]}}