{"id":386281,"date":"2025-09-12T21:48:13","date_gmt":"2025-09-12T21:48:13","guid":{"rendered":"https:\/\/www.europesays.com\/fr\/386281\/"},"modified":"2025-09-12T21:48:13","modified_gmt":"2025-09-12T21:48:13","slug":"elle-est-sa-maquilleuse-depuis-plusieurs-annees-que-sait-on-de-clara-43-ans-la-nouvelle-compagne-de-dany-boon-aux-tres-beaux-yeux","status":"publish","type":"post","link":"https:\/\/www.europesays.com\/fr\/386281\/","title":{"rendered":"Elle est sa maquilleuse depuis plusieurs ann\u00e9es ! Que sait-on de Clara (43 ans), la nouvelle compagne de Dany Boon aux tr\u00e8s beaux yeux ?"},"content":{"rendered":"<p>            <img loading=\"lazy\" decoding=\"async\" src=\"https:\/\/www.europesays.com\/fr\/wp-content\/uploads\/2025\/04\/4-656d937be89b8-35x35-1.jpg\" class=\"author-article-picture\" width=\"35\" height=\"35\"\/><\/p>\n<p>                Par<br \/>\n                                    <a class=\"author-article-bio-link\" href=\"https:\/\/www.purepeople.com\/auteur\/olivia-maunoury_a4\" rel=\"nofollow noopener\" target=\"_blank\">Olivia Maunoury<\/a><br \/>\n                                                    | R\u00e9dactrice en chef<\/p>\n<p>\n                Apr\u00e8s des \u00e9tudes de sciences politiques et une \u00e9cole de journalisme, le people s&rsquo;est invit\u00e9 dans son quotidien. Comment, pourquoi ? Elle ne le sait toujours pas vraiment&#8230; Mais une chose est s\u00fbre, suivre les p\u00e9rip\u00e9ties des stars est l&rsquo;assurance de ne jamais s&rsquo;ennuyer. Et on ne s\u2019ennuie jamais chez Purepeople !\n            <\/p>\n<p>\n    Le 8 septembre dernier, Dany Boon et Clara ont choisi d&rsquo;officialiser leur histoire d&rsquo;amour devant les photographes lors de l&rsquo;avant-premi\u00e8re de \u00ab\u00a0Regarde\u00a0\u00bb, nouveau film d&rsquo;Emmanuel Poulain-Arnaud dont l&rsquo;ex-compagnon de Laurence Arn\u00e9 partage l&rsquo;affiche avec Audrey Fleurot. Dans son nouveau num\u00e9ro, \u00ab\u00a0Closer\u00a0\u00bb nous en apprend plus sur Clara, 43 ans, qui n&rsquo;est autre que la maquilleuse de Dany Boon depuis plusieurs ann\u00e9es&#8230;\n<\/p>\n<p>                            <img loading=\"lazy\" decoding=\"async\" class=\"player-thumbnail\" src=\"https:\/\/www.europesays.com\/fr\/wp-content\/uploads\/2025\/09\/fa605dc96fb85a90-580x326-2.jpg\" width=\"580\" height=\"326\"\/><\/p>\n<p>                    Elle est sa maquilleuse depuis plusieurs ann\u00e9es ! Que sait-on de Clara (43 ans), la nouvelle compagne de Dany Boon aux tr\u00e8s beaux yeux ?<\/p>\n<p>La suite apr\u00e8s la publicit\u00e9<\/p>\n<p>Grand soir de premi\u00e8re lundi dernier au cin\u00e9ma Path\u00e9 Wepler \u00e0 Paris ! Ce jour-l\u00e0, <a href=\"https:\/\/www.purepeople.com\/people\/dany-boon_p126\" rel=\"nofollow noopener\" target=\"_blank\">Dany Boon<\/a> et <a href=\"https:\/\/www.purepeople.com\/people\/audrey-fleurot_p2665\" rel=\"nofollow noopener\" target=\"_blank\">Audrey Fleurot<\/a> pr\u00e9sentaient leur nouveau film Regarde, r\u00e9alisation d&rsquo;Emmanuel Poulain-Arnaud en salles le 17 septembre prochain dans laquelle les deux acteurs jouent un couple divorc\u00e9 qui a un enfant : Chris (Audrey Fleurot) et Antoine (Dany Boon) ont bien du mal \u00e0 s\u2019entendre depuis leur divorce. Mais, lorsqu\u2019on leur annonce que leur fils de 16 ans (jou\u00e9 par Ewan Bourdelles) est atteint d\u2019une maladie rare, qui va lui faire perdre la vue, ils s\u2019efforcent de mettre leurs ranc\u0153urs de c\u00f4t\u00e9. Les ex-conjoints embarquent leur fils pour des vacances inoubliables, bien d\u00e9cid\u00e9s \u00e0 lui offrir ses plus beaux souvenirs.<\/p>\n<p>Le th\u00e8me du divorce parle forc\u00e9ment \u00e0 Dany Boon, lui qui a \u00e9t\u00e9 mari\u00e9 \u00e0 trois reprises et qui a divorc\u00e9 autant de fois. Apr\u00e8s un premier mariage qui s&rsquo;est conclu par un \u00e9chec, l&rsquo;acteur et r\u00e9alisateur a \u00e9pous\u00e9 l&rsquo;actrice Judith Godr\u00e8che avec qui il a eu <a href=\"https:\/\/www.purepeople.com\/article\/dany-boon-son-fils-noe-qui-est-son-sosie-et-dont-la-maman-est-aussi-actrice-va-faire-parler-de-lui-il-a-choisi-une-autre-voie-que-ses-parents_a541905\/1\" rel=\"nofollow noopener\" target=\"_blank\">son fils No\u00e9 qui perce dans le monde de la musique<\/a>. Ils divorcent en 2002. En 2003, Dany Boon se marie \u00e0 Ya\u00ebl Harris avec qui il a eu trois enfants : Eytan en 23 juin 2005, \u00c9lia en 2006 et <a href=\"https:\/\/www.purepeople.com\/article\/-je-lui-ai-fait-du-chantage-dany-boon-avec-sa-fille-sarah-dans-son-nouveau-film-tout-ne-s-est-pas-passe-comme-prevu_a507462\/1\" rel=\"nofollow noopener\" target=\"_blank\">Sarah en 27 f\u00e9vrier 2010, qui a suivi ses traces<\/a> et qui a jou\u00e9 dans son film La Vie pour de vrai. Avec chacun de ses ex, Dany Boon a gard\u00e9 de bonnes relations, essentielles pour le bien-\u00eatre de ses enfants. <a href=\"https:\/\/www.purepeople.com\/article\/dany-boon-son-ex-femme-yael-remariee-baiser-passionne-avec-son-amour-de-jeunesse_a497807\/1\" rel=\"nofollow noopener\" target=\"_blank\">Ya\u00ebl s&rsquo;est remari\u00e9e \u00e0 son amour de jeunesse, Billy Spielmann, en septembre 2022<\/a>. Un dernier enfant compl\u00e8te ce joli tableau de famille, Mehdi, n\u00e9 le 25 ao\u00fbt 1997 et que Dany Boon a eu avec l&rsquo;actrice Sophie Hermelin.\u00a0<\/p>\n<p>Clara, compagne et maquilleuse de Dany Boon mais aussi d&rsquo;autres stars<\/p>\n<p>Mais le 8 septembre dernier, c&rsquo;est avec Clara que Dany Boon a attir\u00e9 tous les regards. Sa nouvelle compagne, aux tr\u00e8s jolis yeux clairs et en qui l&rsquo;on retrouve des airs de <a href=\"https:\/\/www.purepeople.com\/article\/si-lon-nest-plus-en-phase-laurence-arne-officialise-sa-rupture-avec-dany-boon_a533166\/1\" rel=\"nofollow noopener\" target=\"_blank\">Laurence Arn\u00e9, l&rsquo;ex de l&rsquo;acteur<\/a>, est apparue ravissante dans une tenue noire mais quelque peu timide devant les photographes. Rien de bien \u00e9tonnant puisque Clara est habitu\u00e9e \u00e0 \u00e9voluer dans l&rsquo;ombre des acteurs&#8230; Maquilleuse de profession, elle travaille avec Dany Boon depuis six ans comme nous l&rsquo;apprend Closer dans son nouveau num\u00e9ro de ce vendredi 12 septembre 2025. A 43 ans (Dany Boon en a 59 ans), Clara \u00ab\u00a0<strong>a mis en beaut\u00e9 Marine Lorphelin, poudr\u00e9 le teint de Charles Aznavour et donn\u00e9 de l&rsquo;\u00e9clat \u00e0 Bruno LeMaire. Mais, depuis une d\u00e9cennie, cette make-up artist de 43 ans s&rsquo;occupe essentiellement du visage de Dany Boon<\/strong>\u00ab\u00a0, nous apprennent nos confr\u00e8res qui pr\u00e9cisent que Clara l&rsquo;accompagne sur la tourn\u00e9e de son one-man show Clown, n&rsquo;est pas un m\u00e9tier !! qu&rsquo;il joue jusqu&rsquo;en mars prochain.\u00a0<\/p>\n<p>Comme le rappellent tr\u00e8s justement Closer, <a href=\"https:\/\/www.purepeople.com\/article\/dany-boon-n-est-plus-un-coeur-a-prendre-photo-avec-sa-nouvelle-compagne-pour-ses-59-ans-elle-ressemble-beaucoup-a-son-ex-laurence-arne_a539842\/1\" rel=\"nofollow noopener\" target=\"_blank\">Dany Boon et Clara \u00e9taient apparus ensemble en juin dernier<\/a> \u00e0 l&rsquo;occasion de la c\u00e9l\u00e9bration des 59 ans de la star de Bienvenue chez les Chtis au restaurant L&rsquo;or Q&rsquo;id\u00e9e, \u00e9tablissement gastronomique de Na\u00f6elle d&rsquo;Hainaut situ\u00e9 \u00e0 Pontoise, dans le Val d&rsquo;Oise<\/p>\n<p>\u00ab\u00a0Mr Dany Boon et sa jolie conjointe #lorqidee. Une surprise pour monsieur pour f\u00eater son anniversaire et une surprise \u00e9galement pour nous. Dans la simplicit\u00e9\u2026\u00a0\u00bb, pouvait-on lire en l\u00e9gende de la photo \u00e0 l&rsquo;\u00e9poque. Aujourd&rsquo;hui, cette jolie conjointe est officielle et tout le monde conna\u00eet son pr\u00e9nom : Clara.\u00a0<\/p>\n<p>        <img decoding=\"async\" class=\"thumb-img-100 thumb-img\" src=\"https:\/\/www.europesays.com\/fr\/wp-content\/uploads\/2025\/09\/9b59e15451482ab0-320x180-1.jpg\" alt=\"Dany Boon en couple ! La star de 59 ans pose officiellement avec sa nouvelle compagne qui a les m\u00eames airs que son ex Laurence Arn\u00e9\" width=\"320\" height=\"180\" loading=\"lazy\" role=\"presentation\"\/><\/p>\n<p>                                            Dany Boon en couple ! La star de 59 ans pose officiellement avec sa nouvelle compagne qui a les m\u00eames airs que son ex Laurence Arn\u00e9<\/p>\n<p>        <img decoding=\"async\" class=\"thumb-img-100 thumb-img\" src=\"https:\/\/www.europesays.com\/fr\/wp-content\/uploads\/2025\/09\/b072e5dd50fef014-320x180-2.jpg\" alt=\"Dany Boon n'est plus un coeur \u00e0 prendre ! Photo avec sa nouvelle compagne pour ses 59 ans, elle ressemble beaucoup \u00e0 son ex Laurence Arn\u00e9\" width=\"320\" height=\"180\" loading=\"lazy\" role=\"presentation\"\/><\/p>\n<p>                                            Dany Boon n&rsquo;est plus un coeur \u00e0 prendre ! Photo avec sa nouvelle compagne pour ses 59 ans, elle ressemble beaucoup \u00e0 son ex Laurence Arn\u00e9<\/p>\n<p>        <img decoding=\"async\" class=\"thumb-img-100 thumb-img\" src=\"https:\/\/www.europesays.com\/fr\/wp-content\/uploads\/2025\/09\/10c8ebaae5a85d1e-320x180-1.jpg\" alt=\"&quot;Si l'on n'est plus en phase...&quot; : Laurence Arn\u00e9 officialise sa rupture avec Dany Boon\" width=\"320\" height=\"180\" loading=\"lazy\" role=\"presentation\"\/><\/p>\n<p>                                            \u00ab\u00a0Si l&rsquo;on n&rsquo;est plus en phase&#8230;\u00a0\u00bb : Laurence Arn\u00e9 officialise sa rupture avec Dany Boon<\/p>\n","protected":false},"excerpt":{"rendered":"Par Olivia Maunoury | R\u00e9dactrice en chef Apr\u00e8s des \u00e9tudes de sciences politiques et une \u00e9cole de journalisme,&hellip;\n","protected":false},"author":2,"featured_media":386282,"comment_status":"","ping_status":"","sticky":false,"template":"","format":"standard","meta":{"footnotes":""},"categories":[1359],"tags":[58,59,1011,27,973],"class_list":{"0":"post-386281","1":"post","2":"type-post","3":"status-publish","4":"format-standard","5":"has-post-thumbnail","7":"category-people","8":"tag-divertissement","9":"tag-entertainment","10":"tag-fr","11":"tag-france","12":"tag-people"},"share_on_mastodon":{"url":"https:\/\/pubeurope.com\/@fr\/115193532208417299","error":""},"_links":{"self":[{"href":"https:\/\/www.europesays.com\/fr\/wp-json\/wp\/v2\/posts\/386281","targetHints":{"allow":["GET"]}}],"collection":[{"href":"https:\/\/www.europesays.com\/fr\/wp-json\/wp\/v2\/posts"}],"about":[{"href":"https:\/\/www.europesays.com\/fr\/wp-json\/wp\/v2\/types\/post"}],"author":[{"embeddable":true,"href":"https:\/\/www.europesays.com\/fr\/wp-json\/wp\/v2\/users\/2"}],"replies":[{"embeddable":true,"href":"https:\/\/www.europesays.com\/fr\/wp-json\/wp\/v2\/comments?post=386281"}],"version-history":[{"count":0,"href":"https:\/\/www.europesays.com\/fr\/wp-json\/wp\/v2\/posts\/386281\/revisions"}],"wp:featuredmedia":[{"embeddable":true,"href":"https:\/\/www.europesays.com\/fr\/wp-json\/wp\/v2\/media\/386282"}],"wp:attachment":[{"href":"https:\/\/www.europesays.com\/fr\/wp-json\/wp\/v2\/media?parent=386281"}],"wp:term":[{"taxonomy":"category","embeddable":true,"href":"https:\/\/www.europesays.com\/fr\/wp-json\/wp\/v2\/categories?post=386281"},{"taxonomy":"post_tag","embeddable":true,"href":"https:\/\/www.europesays.com\/fr\/wp-json\/wp\/v2\/tags?post=386281"}],"curies":[{"name":"wp","href":"https:\/\/api.w.org\/{rel}","templated":true}]}}