{"id":386283,"date":"2025-09-12T21:49:19","date_gmt":"2025-09-12T21:49:19","guid":{"rendered":"https:\/\/www.europesays.com\/fr\/386283\/"},"modified":"2025-09-12T21:49:19","modified_gmt":"2025-09-12T21:49:19","slug":"une-retrospective-de-michel-viallon-botaniste-et-photographe-au-chambon-sur-lignon","status":"publish","type":"post","link":"https:\/\/www.europesays.com\/fr\/386283\/","title":{"rendered":"Une r\u00e9trospective de Michel Viallon, botaniste et photographe, au Chambon-sur-Lignon"},"content":{"rendered":"<p>\t\t\t\t\t\t\t\t\t\t\t\t\t\t\t\t\t\t\t\t\t\t\t\t\t\t\t\t\t\t\t\t\t\t\t\t\t\t\t\t\t\t\t\t\t\t\t\t\t\t\t\t\t\t\t\t\t\t\t\t\t\t\t<a href=\"https:\/\/www.lacommere43.fr\/component\/banners\/click\/1815.html\" target=\"_blank\" title=\"Haut Pays Velay journ\u00e9es patrimoine septembre 2025\" rel=\"noopener\"><br \/>\n\t\t\t\t\t\t\t<img decoding=\"async\" loading=\"lazy\" src=\"https:\/\/www.europesays.com\/fr\/wp-content\/uploads\/2025\/09\/Pub_la_Commre_-JEP.gif\" alt=\"Haut Pays Velay journ\u00e9es patrimoine septembre 2025\"\/><br \/>\n\t\t\t\t\t\t<\/a><\/p>\n<p>\t\t\t\t\t\t\t\t\t\t\t\t\t\t\t\t\t\t\t\t\t\t\t\t\t\t\t\t\t\t\t\t\t\t\t\t\t\t\t\t\t\t\t\t\t\t\t\t\t\t\t\t\t\t\t\t\t\t\t\t\t\t\t<a href=\"https:\/\/www.lacommere43.fr\/component\/banners\/click\/1813.html\" target=\"_blank\" title=\"Loisirs Camper septembre 2025\" rel=\"noopener\"><br \/>\n\t\t\t\t\t\t\t<img decoding=\"async\" loading=\"lazy\" src=\"https:\/\/www.europesays.com\/fr\/wp-content\/uploads\/2025\/09\/LACOMMERE_43-loisirs_camper.png\" alt=\"Loisirs Camper septembre 2025\"\/><br \/>\n\t\t\t\t\t\t<\/a><\/p>\n<p><strong>Dans le cadre des Journ\u00e9es Europ\u00e9ennes du Patrimoine dont le th\u00e8me portera sur le \u00ab Patrimoine architectural \u00bb, une r\u00e9trospective est propos\u00e9e sur Michel Viallon, \u00e0 l&rsquo;office de tourisme du Chambon-sur-Lignon, du 13 au 21 septembre.<\/strong><\/p>\n<p>Cette r\u00e9trospective interroge sur nos pratiques architecturales et patrimoniales.<\/p>\n<p>\u00ab\u00a0Regard sur un territoire\u00a0\u00bb est visible du 13 au 21 septembre \u00e0 l&rsquo;office de tourisme du Chambonaut-Lignon du lundi au samedi (9h-12h 14h30-18h) et dimanche (10h-12h) Le vernissage est prgogramm\u00e9 ce samedi 13 septembre \u00e0 10 h 30.<\/p>\n<p>Pendant une cinquantaine d&rsquo;ann\u00e9es, Michel Viallon qui a v\u00e9cu au Chambon-sur-Lignon une grande partie de sa vie, a parcouru le plateau et le M\u00e9zenc \u00e0 observer, r\u00e9pertorier et photographier des<br \/>centaines de plantes.<\/p>\n<p>Par ailleurs, dans les ann\u00e9es 70, il a photographi\u00e9 des fermes traditionnelles sur ce m\u00eame territoire.<\/p>\n<p>Ce beau t\u00e9moignage photographique prend aujourd&rsquo;hui une saveur particuli\u00e8re avec des transformations architecturales irr\u00e9m\u00e9diables.<\/p>\n<p>Avec en point d&rsquo;orgue un bel hommage rendu par l&rsquo;APPEM lors d&rsquo;une exposition fin juillet aux\u00a0Estables. Il laisse une collection inestimable.<\/p>\n","protected":false},"excerpt":{"rendered":"Dans le cadre des Journ\u00e9es Europ\u00e9ennes du Patrimoine dont le th\u00e8me portera sur le \u00ab Patrimoine architectural \u00bb,&hellip;\n","protected":false},"author":2,"featured_media":386284,"comment_status":"","ping_status":"","sticky":false,"template":"","format":"standard","meta":{"footnotes":""},"categories":[1358],"tags":[2281,1348,1384,1385,1386,58,59,2282,1011,27,2280,2284,2285,2283],"class_list":{"0":"post-386283","1":"post","2":"type-post","3":"status-publish","4":"format-standard","5":"has-post-thumbnail","7":"category-arts-et-design","8":"tag-actualite-43","9":"tag-arts","10":"tag-arts-and-design","11":"tag-arts-et-design","12":"tag-design","13":"tag-divertissement","14":"tag-entertainment","15":"tag-faits-divers-auvergne","16":"tag-fr","17":"tag-france","18":"tag-information-haute-loire","19":"tag-infos-43","20":"tag-journal-haute-loire","21":"tag-la-commere-43"},"share_on_mastodon":{"url":"https:\/\/pubeurope.com\/@fr\/115193535893327228","error":""},"_links":{"self":[{"href":"https:\/\/www.europesays.com\/fr\/wp-json\/wp\/v2\/posts\/386283","targetHints":{"allow":["GET"]}}],"collection":[{"href":"https:\/\/www.europesays.com\/fr\/wp-json\/wp\/v2\/posts"}],"about":[{"href":"https:\/\/www.europesays.com\/fr\/wp-json\/wp\/v2\/types\/post"}],"author":[{"embeddable":true,"href":"https:\/\/www.europesays.com\/fr\/wp-json\/wp\/v2\/users\/2"}],"replies":[{"embeddable":true,"href":"https:\/\/www.europesays.com\/fr\/wp-json\/wp\/v2\/comments?post=386283"}],"version-history":[{"count":0,"href":"https:\/\/www.europesays.com\/fr\/wp-json\/wp\/v2\/posts\/386283\/revisions"}],"wp:featuredmedia":[{"embeddable":true,"href":"https:\/\/www.europesays.com\/fr\/wp-json\/wp\/v2\/media\/386284"}],"wp:attachment":[{"href":"https:\/\/www.europesays.com\/fr\/wp-json\/wp\/v2\/media?parent=386283"}],"wp:term":[{"taxonomy":"category","embeddable":true,"href":"https:\/\/www.europesays.com\/fr\/wp-json\/wp\/v2\/categories?post=386283"},{"taxonomy":"post_tag","embeddable":true,"href":"https:\/\/www.europesays.com\/fr\/wp-json\/wp\/v2\/tags?post=386283"}],"curies":[{"name":"wp","href":"https:\/\/api.w.org\/{rel}","templated":true}]}}