{"id":386285,"date":"2025-09-12T21:50:11","date_gmt":"2025-09-12T21:50:11","guid":{"rendered":"https:\/\/www.europesays.com\/fr\/386285\/"},"modified":"2025-09-12T21:50:11","modified_gmt":"2025-09-12T21:50:11","slug":"joanna-lorho-a-travers-la-nuit-celebrer-lamitie-et-la-nature","status":"publish","type":"post","link":"https:\/\/www.europesays.com\/fr\/386285\/","title":{"rendered":"Joanna Lorho, \u00ab \u00c0 travers la nuit\u00a0\u00bb\u00a0: c\u00e9l\u00e9brer l\u2019amiti\u00e9 et la nature"},"content":{"rendered":"<p>      Une narration autour du myst\u00e8re<\/p>\n<p>\u00a0<\/p>\n<p>Une jeune femme, Ahnah, a disparu une nuit d\u2019\u00e9t\u00e9 dans la nature, sans que personne sache ce qu\u2019il lui est arriv\u00e9. Le r\u00e9cit d\u00e9bute un an plus tard, lorsque ses quatre ami\u00b7es, Paulie, Sam, Charli et Angel, d\u00e9cident de rendre visite \u00e0 ses parents. Confront\u00e9\u00b7es \u00e0 son absence, iels se rem\u00e9morent les souvenirs qu\u2019elle leur a laiss\u00e9s, suivent ses traces dans la for\u00eat et \u00e0 la clairi\u00e8re.<\/p>\n<p>\u00a0<\/p>\n<p>La nuit, enveloppante et secr\u00e8te, propice \u00e0 l\u2019introspection et \u00e0 la libert\u00e9, m\u00e8ne peu \u00e0 peu les quatre ami\u00b7es \u00e0 s\u2019abandonner \u00e0 leurs \u00e9motions. Suivre les pas de leur amie les entra\u00eene dans une c\u00e9l\u00e9bration, marqu\u00e9e par la tendresse discr\u00e8te qui les lie entre elleux. Cet aspect c\u00e9r\u00e9moniel ne tombe pourtant jamais dans le mysticisme, \u00e9vite les traditions modernes li\u00e9es au deuil, et interroge nos rapports aux rituels et aux cycles naturels.<\/p>\n<p>\u00a0<\/p>\n<p>Bien que le myst\u00e8re de cette disparition plane tout au long de l\u2019ouvrage, il ne s\u2019agit pas tant de comprendre ce qui est arriv\u00e9 \u00e0 Ahnah que d\u2019accompagner un deuil. Le r\u00e9cit de Joanna Lorho explore la solidarit\u00e9 silencieuse entre ces ami\u00b7es, port\u00e9e par une nature omnipr\u00e9sente.<\/p>\n<p>\u00a0<\/p>\n<p>Une c\u00e9l\u00e9bration de la nature<\/p>\n<p>\u00a0<\/p>\n<p>La nature devient \u00e0 son tour protagoniste du r\u00e9cit, avec ses pr\u00e9sences, ses m\u00e9tamorphoses et ses mouvements. L\u2019autrice ne hi\u00e9rarchise ni les personnages ni la nature et adopte une temporalit\u00e9 presque primitive : celle du jour et de la nuit. \u00c0 cela s\u2019ajoute les silences, qui, loin d\u2019entraver la narration, laissent au contraire la place \u00e0 la nature de se d\u00e9velopper et aux lecteur\u00b7ices d\u2019imaginer.<\/p>\n<p>\u00a0<\/p>\n<p>Les planches de Joanna Lorho, r\u00e9alis\u00e9es au crayon et \u00e0 la peinture \u00e0 l\u2019huile, illustrent justement cette narration silencieuse. De sc\u00e8nes nocturnes en sc\u00e8nes diurnes, elles font la part belle \u00e0 la nature. Les dessins d\u00e9gagent une impression de mouvement constant : m\u00eame dans le calme le plus profond, dans la solitude la plus absolue, les feuilles des arbres s\u2019agitent, l\u2019herbe se ploie, et l\u2019eau de la rivi\u00e8re s\u2019anime. Une dimension onirique \u00e9merge, accentu\u00e9e par le voile pictural aux tons verts et gris qui traverse tout l\u2019ouvrage.<\/p>\n<p>\u00a0<\/p>\n<p>\u00a0<\/p>\n<p>Avec \u00c0 travers la nuit, Joanna Lorho invite \u00e0 prendre le temps de c\u00e9l\u00e9brer ce qui nous entoure, dans l\u2019absence ou la pr\u00e9sence, dans l\u2019amiti\u00e9 et les liens avec la nature. Une tr\u00e8s belle premi\u00e8re bande dessin\u00e9e, qui \u00e9veille vivement la curiosit\u00e9 envers les futurs travaux de l\u2019autrice.<\/p>\n","protected":false},"excerpt":{"rendered":"Une narration autour du myst\u00e8re \u00a0 Une jeune femme, Ahnah, a disparu une nuit d\u2019\u00e9t\u00e9 dans la nature,&hellip;\n","protected":false},"author":2,"featured_media":386286,"comment_status":"","ping_status":"","sticky":false,"template":"","format":"standard","meta":{"footnotes":""},"categories":[1357],"tags":[1379,58,59,1011,27,1380],"class_list":{"0":"post-386285","1":"post","2":"type-post","3":"status-publish","4":"format-standard","5":"has-post-thumbnail","7":"category-livres","8":"tag-books","9":"tag-divertissement","10":"tag-entertainment","11":"tag-fr","12":"tag-france","13":"tag-livres"},"share_on_mastodon":{"url":"https:\/\/pubeurope.com\/@fr\/115193539719167285","error":""},"_links":{"self":[{"href":"https:\/\/www.europesays.com\/fr\/wp-json\/wp\/v2\/posts\/386285","targetHints":{"allow":["GET"]}}],"collection":[{"href":"https:\/\/www.europesays.com\/fr\/wp-json\/wp\/v2\/posts"}],"about":[{"href":"https:\/\/www.europesays.com\/fr\/wp-json\/wp\/v2\/types\/post"}],"author":[{"embeddable":true,"href":"https:\/\/www.europesays.com\/fr\/wp-json\/wp\/v2\/users\/2"}],"replies":[{"embeddable":true,"href":"https:\/\/www.europesays.com\/fr\/wp-json\/wp\/v2\/comments?post=386285"}],"version-history":[{"count":0,"href":"https:\/\/www.europesays.com\/fr\/wp-json\/wp\/v2\/posts\/386285\/revisions"}],"wp:featuredmedia":[{"embeddable":true,"href":"https:\/\/www.europesays.com\/fr\/wp-json\/wp\/v2\/media\/386286"}],"wp:attachment":[{"href":"https:\/\/www.europesays.com\/fr\/wp-json\/wp\/v2\/media?parent=386285"}],"wp:term":[{"taxonomy":"category","embeddable":true,"href":"https:\/\/www.europesays.com\/fr\/wp-json\/wp\/v2\/categories?post=386285"},{"taxonomy":"post_tag","embeddable":true,"href":"https:\/\/www.europesays.com\/fr\/wp-json\/wp\/v2\/tags?post=386285"}],"curies":[{"name":"wp","href":"https:\/\/api.w.org\/{rel}","templated":true}]}}