{"id":386287,"date":"2025-09-12T21:51:11","date_gmt":"2025-09-12T21:51:11","guid":{"rendered":"https:\/\/www.europesays.com\/fr\/386287\/"},"modified":"2025-09-12T21:51:11","modified_gmt":"2025-09-12T21:51:11","slug":"cyril-hanouna-fustige-france-tele","status":"publish","type":"post","link":"https:\/\/www.europesays.com\/fr\/386287\/","title":{"rendered":"Cyril Hanouna fustige France T\u00e9l\u00e9 &#8230;"},"content":{"rendered":"<p>EN BREF<\/p>\n<ul class=\"bloc_resume_post_list\">\n<li>Depuis quelques jours, une pol\u00e9mique entoure France<br \/>\nT\u00e9l\u00e9visions, impliquant Thomas Legrand, Patrick Cohen.<\/li>\n<li>Patrick Cohen a \u00e9t\u00e9 convoqu\u00e9 par le comit\u00e9 d\u00a0\u00bb\u00e9thique, qui<br \/>\na conclu \u00e0 l&rsquo;absence de faute.<\/li>\n<li>Le d\u00e9bat dans TBT9 s&rsquo;\u00e9tend \u00e0 la fronti\u00e8re entre vie<br \/>\npriv\u00e9e et cr\u00e9dibilit\u00e9 journalistique, notamment concernant L\u00e9a<br \/>\nSalam\u00e9.<\/li>\n<\/ul>\n<p data-start=\"248\" data-end=\"705\">Depuis plusieurs jours, la<br \/>\n<strong>pol\u00e9mique<\/strong> enfle autour de <a href=\"https:\/\/www.telestar.fr\/actu_tv\/je-peux-devoiler-ce-secret-olivier-minne-se-confie-prudemment-sur-son-depart-de-france-televisions-1737862\" target=\"_blank\" rel=\"noopener\"><br \/>\nFrance T\u00e9l\u00e9visions<\/a> et m\u00eame <a href=\"https:\/\/www.telestar.fr\/actu_tv\/jt-de-france-2-lea-salame-grassement-payee-cyril-hanouna-y-va-de-ses-infos-1737782\" target=\"_blank\" rel=\"noopener\"><br \/>\nL\u00e9a Salam\u00e9<\/a> prend des balles perdues. En cause, deux figures de<br \/>\nFrance Inter, <a href=\"https:\/\/www.telestar.fr\/actu_tv\/patrick-cohen-et-thomas-legrand-larcom-intervient-manu-militari-apres-leurs-discussions-secretes-1737381\" target=\"_blank\" rel=\"noopener\"><br \/>\nThomas Legrand et Patrick Cohen<\/a>, accus\u00e9s de proximit\u00e9 avec des<br \/>\n<strong>dirigeants socialistes<\/strong>. Film\u00e9s lors d\u2019un \u00e9change<br \/>\ninformel, certains les soup\u00e7onnent d\u2019avoir \u00e9voqu\u00e9 une strat\u00e9gie<br \/>\npolitique. Patrick Cohen a m\u00eame \u00e9t\u00e9 <strong>convoqu\u00e9<\/strong><br \/>\ndevant le comit\u00e9 d\u2019\u00e9thique qui a finalement conclu<br \/>\n<strong>qu\u2019aucune faute<\/strong> n\u2019avait \u00e9t\u00e9 commise.<\/p>\n<p data-start=\"707\" data-end=\"1042\">Un <strong>verdict<\/strong> qui<br \/>\nn\u2019a pas manqu\u00e9 de faire r\u00e9agir les chroniqueurs de TBT9. Isabelle Morini-Bosc a ouvert le<br \/>\n<strong>d\u00e9bat<\/strong>, pointant le manque<br \/>\n<strong>d\u2019ind\u00e9pendance<\/strong> suppos\u00e9 de certains journalistes.<br \/>\nPour elle, voir des voix d\u2019opinion entretenir des liens aussi<br \/>\n<strong>\u00e9troits<\/strong> avec un parti politique pose question sur<br \/>\n<strong>l\u2019impartialit\u00e9<\/strong> de l\u2019audiovisuel public.<\/p>\n<p>L\u00e9a Salam\u00e9 dans le viseur des<br \/>\ncritiques<\/p>\n<p data-start=\"1095\" data-end=\"1503\">Rapidement, le<br \/>\n<strong>d\u00e9bat<\/strong> a gliss\u00e9 vers une autre figure embl\u00e9matique<br \/>\nde France T\u00e9l\u00e9visions : <strong>L\u00e9a Salam\u00e9<\/strong>. Son r\u00f4le au JT<br \/>\nde 20h, combin\u00e9 \u00e0 sa relation avec <a href=\"https:\/\/www.telestar.fr\/people\/une-fake-news-ca-raphael-glucksmann-retablit-la-verite-sur-son-couple-avec-lea-salame-sur-rtl-1737790\" target=\"_blank\" rel=\"noopener\"><br \/>\nRapha\u00ebl Glucksmann<\/a>, homme politique engag\u00e9 \u00e0<br \/>\n<strong>gauche<\/strong>, interroge certains chroniqueurs.<br \/>\n<strong>Matthieu Delormeau<\/strong> s\u2019est montr\u00e9 particuli\u00e8rement<br \/>\n<strong>tranchant<\/strong>.<\/p>\n<p data-start=\"1095\" data-end=\"1503\">\u2018\u2018<strong>L\u00e9a Salam\u00e9 qui est aux 20h<\/strong> alors<br \/>\nque son <strong>mari est au Parti Socialiste<\/strong>, c\u2019est<br \/>\ncompl\u00e8tement <strong>surr\u00e9aliste<\/strong>.\u201d <a href=\"https:\/\/www.telestar.fr\/actu_tv\/ca-va-revenir-tres-tres-vite-cyril-hanouna-annonce-le-retour-dune-de-ses-emissions-cultes-sur-w9-1737798\" target=\"_blank\" rel=\"noopener\"><br \/>\nCyril Hanouna<\/a> a tenu \u00e0 d\u00e9fendre la journaliste mais a soulev\u00e9<br \/>\nune question de sym\u00e9trie. \u2018\u2018Imaginez que son compagnon ne soit <strong>pas Glucksmann<br \/>\nmais Jordan Bardella\u2026<\/strong> Est-ce qu\u2019elle aurait<br \/>\n<strong>pr\u00e9sent\u00e9 le JT de 20h ?<\/strong> (\u2026) Est-ce que si son<br \/>\ncompagnon \u00e9tait <strong>Laurent Wauquiez ou Bruno<br \/>\nRetailleau<\/strong>, est-ce qu&rsquo;elle aurait pr\u00e9sent\u00e9 le JT de 20h<br \/>\n?\u201d<\/p>\n<p>Un<br \/>\nd\u00e9bat qui d\u00e9passe le cas de la pr\u00e9sentatrice du JT du 20<br \/>\nheures<\/p>\n<p data-start=\"1962\" data-end=\"2341\">Au-del\u00e0 de la journaliste L\u00e9a<br \/>\nSalam\u00e9, ce d\u00e9bat illustre une probl\u00e9matique plus large : la<br \/>\nfronti\u00e8re parfois <strong>floue<\/strong> entre <strong>vie<br \/>\npriv\u00e9e<\/strong> et <strong>cr\u00e9dibilit\u00e9 journalistique<\/strong>.<br \/>\nPeut-on juger une professionnelle \u00e0 travers les engagements<br \/>\npolitiques de son compagnon ? Pour Cyril Hanouna, <strong>r\u00e9duire<br \/>\nL\u00e9a Salam\u00e9 \u00e0 ce prisme serait injuste<\/strong>. \u2018\u2018La <strong>pauvre<\/strong>, elle en prend<br \/>\nde tous les c\u00f4t\u00e9s, <strong>je la d\u00e9fends.<\/strong> Elle n\u2019est<br \/>\n<strong>pas nulle<\/strong>. Elle a du <strong>talent<\/strong>, elle<br \/>\nfait partie du <strong>top 5<\/strong> aujourd\u2019hui \u00e0<br \/>\nl\u2019antenne.\u2019\u2019<\/p>\n<p data-start=\"2343\" data-end=\"2708\">Une chroniqueuse de<br \/>\nTBT9 a \u00e9galement soulign\u00e9 que L\u00e9a Salam\u00e9 ne<br \/>\n<strong>partageait pas forc\u00e9ment les opinions politiques<\/strong><br \/>\nde son compagnon. \u2018\u2018<strong>Rapha\u00ebl Glucksmann<\/strong> avait<br \/>\npris la parole justement par rapport \u00e0 \u00e7a en disant qu&rsquo;il ne<br \/>\n<strong>parlait pas politique avec L\u00e9a Salam\u00e9<\/strong> parce qu\u2019il<br \/>\npouvait se prendre le <strong>chou<\/strong>, parce qu&rsquo;ils ne sont<br \/>\n<strong>pas toujours d&rsquo;accord sur les questions<br \/>\npolitiques<\/strong>.\u201d Et Cyril Hanouna \u00e9tait d\u2019accord.<br \/>\n\u2018\u2018Ce n\u2019est pas parce que son <strong>compagnon est de gauche<br \/>\nqu&rsquo;elle est de gauche<\/strong><strong>.\u201d<\/strong><\/p>\n","protected":false},"excerpt":{"rendered":"EN BREF Depuis quelques jours, une pol\u00e9mique entoure France T\u00e9l\u00e9visions, impliquant Thomas Legrand, Patrick Cohen. Patrick Cohen a&hellip;\n","protected":false},"author":2,"featured_media":386288,"comment_status":"","ping_status":"","sticky":false,"template":"","format":"standard","meta":{"footnotes":""},"categories":[1356],"tags":[548,1083,58,59,1011,27,50052,3806,252,1364],"class_list":{"0":"post-386287","1":"post","2":"type-post","3":"status-publish","4":"format-standard","5":"has-post-thumbnail","7":"category-television","8":"tag-article-simple","9":"tag-cyril-hanouna","10":"tag-divertissement","11":"tag-entertainment","12":"tag-fr","13":"tag-france","14":"tag-jt-de-20h","15":"tag-lea-salame","16":"tag-television","17":"tag-tv"},"share_on_mastodon":{"url":"https:\/\/pubeurope.com\/@fr\/115193543622467874","error":""},"_links":{"self":[{"href":"https:\/\/www.europesays.com\/fr\/wp-json\/wp\/v2\/posts\/386287","targetHints":{"allow":["GET"]}}],"collection":[{"href":"https:\/\/www.europesays.com\/fr\/wp-json\/wp\/v2\/posts"}],"about":[{"href":"https:\/\/www.europesays.com\/fr\/wp-json\/wp\/v2\/types\/post"}],"author":[{"embeddable":true,"href":"https:\/\/www.europesays.com\/fr\/wp-json\/wp\/v2\/users\/2"}],"replies":[{"embeddable":true,"href":"https:\/\/www.europesays.com\/fr\/wp-json\/wp\/v2\/comments?post=386287"}],"version-history":[{"count":0,"href":"https:\/\/www.europesays.com\/fr\/wp-json\/wp\/v2\/posts\/386287\/revisions"}],"wp:featuredmedia":[{"embeddable":true,"href":"https:\/\/www.europesays.com\/fr\/wp-json\/wp\/v2\/media\/386288"}],"wp:attachment":[{"href":"https:\/\/www.europesays.com\/fr\/wp-json\/wp\/v2\/media?parent=386287"}],"wp:term":[{"taxonomy":"category","embeddable":true,"href":"https:\/\/www.europesays.com\/fr\/wp-json\/wp\/v2\/categories?post=386287"},{"taxonomy":"post_tag","embeddable":true,"href":"https:\/\/www.europesays.com\/fr\/wp-json\/wp\/v2\/tags?post=386287"}],"curies":[{"name":"wp","href":"https:\/\/api.w.org\/{rel}","templated":true}]}}