{"id":386289,"date":"2025-09-12T21:52:11","date_gmt":"2025-09-12T21:52:11","guid":{"rendered":"https:\/\/www.europesays.com\/fr\/386289\/"},"modified":"2025-09-12T21:52:11","modified_gmt":"2025-09-12T21:52:11","slug":"pas-la-folie-des-grandeurs-jean-jacques-goldman-en-vacances-dans-un-club-med-de-charente-maritime","status":"publish","type":"post","link":"https:\/\/www.europesays.com\/fr\/386289\/","title":{"rendered":"Pas la folie des grandeurs ! Jean-Jacques Goldman en vacances dans un Club Med de Charente-Maritime"},"content":{"rendered":"<p>            <img loading=\"lazy\" decoding=\"async\" src=\"https:\/\/www.europesays.com\/fr\/wp-content\/uploads\/2025\/04\/144-64f8c016610ee-35x35-1.jpg\" class=\"author-article-picture\" width=\"35\" height=\"35\"\/><\/p>\n<p>                Par<br \/>\n                                    <a class=\"author-article-bio-link\" href=\"https:\/\/www.purepeople.com\/auteur\/louise-martin_a144\" rel=\"nofollow noopener\" target=\"_blank\">Louise Martin<\/a><br \/>\n                                                    | R\u00e9dactrice<\/p>\n<p>\n                Koh Lanta, Les Marseillais mais aussi Mari\u00e9s au Premier regards\u2026 Louise Martin est une t\u00e9l\u00e9vore qui essaye, \u00e0 ses heures perdues, de refaire les g\u00e2teaux qu\u2019elle admire devant le Meilleur P\u00e2tissier\u2026 mais elle ne risque pas de gagner le tablier bleu ! Les r\u00e9seaux sociaux n\u2019ont pas de secret pour elle, les derniers scoops, les derni\u00e8res \u00e9missions, elle les conna\u00eet tous.\n            <\/p>\n<p>\n    Jean-Jacques Goldman a d\u00e9cid\u00e9 de poser ses valises au Club Med de La Palmyre, aux Mathes, en Charente-Maritime, un choix qui a surpris ses fans. Malgr\u00e9 sa discr\u00e9tion, le chanteur pr\u00e9f\u00e9r\u00e9 des Fran\u00e7ais a d&rsquo;ailleurs \u00e9t\u00e9 reconnu par des vacanciers, dont les t\u00e9moignages et les clich\u00e9s ont confirm\u00e9 sa pr\u00e9sence dans l\u2019\u00e9tablissement apr\u00e8s quelques rumeurs.\n<\/p>\n<p>                            <img loading=\"lazy\" decoding=\"async\" class=\"player-thumbnail\" src=\"https:\/\/www.europesays.com\/fr\/wp-content\/uploads\/2025\/09\/fc93625dc1469e6d-580x326-3.jpg\" width=\"580\" height=\"326\"\/><\/p>\n<p>                    Pas la folie des grandeurs ! Jean-Jacques Goldman en vacances dans un Club Med de Charente-Maritime<\/p>\n<p>La suite apr\u00e8s la publicit\u00e9<\/p>\n<p>Chaque \u00e9t\u00e9, <a href=\"https:\/\/www.purepeople.com\/people\/jean-jacques-goldman_p288\" rel=\"nofollow noopener\" target=\"_blank\">Jean-Jacques Goldman<\/a> tente de s\u2019offrir des instants de tranquillit\u00e9. Pourtant, malgr\u00e9 sa l\u00e9gendaire discr\u00e9tion, <a href=\"https:\/\/www.purepeople.com\/article\/jean-jacques-goldman-pour-concretiser-avec-cette-immense-chanteuse-il-na-rien-lache_a541077\/1\" rel=\"nofollow noopener\" target=\"_blank\">le chanteur pr\u00e9f\u00e9r\u00e9 des Fran\u00e7ais<\/a> ne passe jamais totalement inaper\u00e7u ! D\u00e9but septembre, c\u2019est sur la c\u00f4te Atlantique que <strong>Jean-Jacques Goldman a choisi de poser ses valises. Selon <\/strong><strong>Sud-Ouest<\/strong><strong>, l\u2019artiste a pass\u00e9 une partie de ses vacances au Club Med de La Palmyre, situ\u00e9 aux Mathes, en Charente-Maritime.<\/strong> Un lieu qu\u2019il conna\u00eet bien, puisqu\u2019il y aurait d\u00e9j\u00e0 s\u00e9journ\u00e9 \u00e0 plusieurs reprises. L\u2019\u00e9tablissement, nich\u00e9 entre plages, pin\u00e8des et zoo r\u00e9put\u00e9, attire chaque \u00e9t\u00e9 des milliers de vacanciers. Tr\u00e8s vite, des rumeurs ont circul\u00e9 sur la pr\u00e9sence du chanteur mais ce sont surtout les photos et vid\u00e9os prises par ses admirateurs qui ont confirm\u00e9 son passage, avant qu\u2019un proche ne vienne d\u00e9finitivement lever le doute. La surprise a \u00e9t\u00e9 d\u2019autant plus grande que <strong>Jean-Jacques Goldman, connu pour sa discr\u00e9tion et son absence volontaire de la sc\u00e8ne m\u00e9diatique depuis pr\u00e8s de vingt ans, se fond habituellement dans l\u2019anonymat.<\/strong><\/p>\n<p>Pour ses fans, croiser le chemin de <a href=\"https:\/\/www.purepeople.com\/article\/on-sera-la-jean-jacques-goldman-retire-de-la-scene-musicale-depuis-2022-surprend-ses-fans-avec-un-cadeau-inattendu_a536905\/1\" rel=\"nofollow noopener\" target=\"_blank\">l\u2019interpr\u00e8te de Quand la musique est bonne<\/a> a \u00e9t\u00e9 un moment hors du temps. \u00ab\u00a0Rencontrer Jean-Jacques Goldman pendant notre r\u00e9sidence musicale au Club Med La Palmyre\u2026 encore difficile \u00e0 croire. Une rencontre lunaire, inspirante, et grav\u00e9e \u00e0 jamais dans nos m\u00e9moires\u00a0\u00bb, a racont\u00e9 une admiratrice sur Facebook. Son t\u00e9moignage a fait r\u00e9agir de nombreux internautes, certains envieux, d\u2019autres amus\u00e9s par l\u2019id\u00e9e de retrouver l\u2019ic\u00f4ne au milieu d\u2019un club de vacances. \u00ab\u00a0<strong>Dans ma t\u00eate, je ne parviens pas \u00e0 associer JJG au Club Med&#8230;\u00a0\u00bb<\/strong>, s\u2019est amus\u00e9e une autre. Ce passage en Charente-Maritime illustre une fois encore l\u2019attachement du musicien \u00e0 des lieux simples, loin du faste, o\u00f9 il peut profiter de la mer, du v\u00e9lo et d\u2019un cadre convivial, sans protocole ni mise en sc\u00e8ne. Ce n\u2019est d&rsquo;ailleurs pas la premi\u00e8re fois que l\u2019artiste r\u00e9appara\u00eet au d\u00e9tour d\u2019un lieu de vill\u00e9giature.<strong> L\u2019\u00e9t\u00e9 2024 pass\u00e9, Jean-Jacques Goldman avait surpris une fan bretonne, Catherine Fricard, en louant son appartement \u00e0 Sca\u00ebr, <\/strong>dans le Finist\u00e8re, avec son \u00e9pouse Nathalie. Elle avait confi\u00e9 \u00e0 Paris Match : \u00ab\u00a0Quand je me suis rendue compte de qui c\u2019\u00e9tait, l\u2019\u00e9motion est mont\u00e9e d\u2019un coup\u00a0\u00bb.\u00a0<\/p>\n<\/p>\n<p><strong>Une fan ravie !<\/strong><\/p>\n<p>Au fil de son s\u00e9jour, la locataire s\u2019est rendu compte de <a href=\"https:\/\/www.purepeople.com\/article\/jean-jacques-goldman-et-son-escapade-secrete-avec-nathalie-en-france-le-role-de-son-epouse-revele-en-details_a526854\/1\" rel=\"nofollow noopener\" target=\"_blank\">la simplicit\u00e9 du couple<\/a>, venu profiter de la voie verte reliant Concarneau \u00e0 Roscoff \u00e0 v\u00e9lo. Le lendemain de leur d\u00e9part, elle a pu \u00e9changer quelques instants avec le chanteur : \u00ab\u00a0Je ne m\u2019imaginais pas du tout le rencontrer, je n\u2019ai donc pas eu de r\u00e9action particuli\u00e8re au d\u00e9part. C\u2019est ensuite que l\u2019\u00e9motion est arriv\u00e9e\u2026 <strong>Je suis une grande fan !\u00a0\u00bb<\/strong>. Sur Instagram, Catherine a partag\u00e9 son ressenti, confirmant l\u2019image d\u2019un homme rest\u00e9 simple et accessible : \u00ab\u00a0Je voulais confirmer ce qui se dit sur lui.<strong> C\u2019est bel et bien ce personnage humble et gentil. <\/strong>Pendant dix minutes on a discut\u00e9, il n\u2019a rien montr\u00e9 de particulier. Comme si je discutais avec n\u2019importe qui\u00a0\u00bb.\u00a0<\/p>\n","protected":false},"excerpt":{"rendered":"Par Louise Martin | R\u00e9dactrice Koh Lanta, Les Marseillais mais aussi Mari\u00e9s au Premier regards\u2026 Louise Martin est&hellip;\n","protected":false},"author":2,"featured_media":386290,"comment_status":"","ping_status":"","sticky":false,"template":"","format":"standard","meta":{"footnotes":""},"categories":[1355],"tags":[58,59,1011,27,1361,873],"class_list":{"0":"post-386289","1":"post","2":"type-post","3":"status-publish","4":"format-standard","5":"has-post-thumbnail","7":"category-musique","8":"tag-divertissement","9":"tag-entertainment","10":"tag-fr","11":"tag-france","12":"tag-music","13":"tag-musique"},"share_on_mastodon":{"url":"https:\/\/pubeurope.com\/@fr\/115193547767578087","error":""},"_links":{"self":[{"href":"https:\/\/www.europesays.com\/fr\/wp-json\/wp\/v2\/posts\/386289","targetHints":{"allow":["GET"]}}],"collection":[{"href":"https:\/\/www.europesays.com\/fr\/wp-json\/wp\/v2\/posts"}],"about":[{"href":"https:\/\/www.europesays.com\/fr\/wp-json\/wp\/v2\/types\/post"}],"author":[{"embeddable":true,"href":"https:\/\/www.europesays.com\/fr\/wp-json\/wp\/v2\/users\/2"}],"replies":[{"embeddable":true,"href":"https:\/\/www.europesays.com\/fr\/wp-json\/wp\/v2\/comments?post=386289"}],"version-history":[{"count":0,"href":"https:\/\/www.europesays.com\/fr\/wp-json\/wp\/v2\/posts\/386289\/revisions"}],"wp:featuredmedia":[{"embeddable":true,"href":"https:\/\/www.europesays.com\/fr\/wp-json\/wp\/v2\/media\/386290"}],"wp:attachment":[{"href":"https:\/\/www.europesays.com\/fr\/wp-json\/wp\/v2\/media?parent=386289"}],"wp:term":[{"taxonomy":"category","embeddable":true,"href":"https:\/\/www.europesays.com\/fr\/wp-json\/wp\/v2\/categories?post=386289"},{"taxonomy":"post_tag","embeddable":true,"href":"https:\/\/www.europesays.com\/fr\/wp-json\/wp\/v2\/tags?post=386289"}],"curies":[{"name":"wp","href":"https:\/\/api.w.org\/{rel}","templated":true}]}}