{"id":386291,"date":"2025-09-12T21:53:11","date_gmt":"2025-09-12T21:53:11","guid":{"rendered":"https:\/\/www.europesays.com\/fr\/386291\/"},"modified":"2025-09-12T21:53:11","modified_gmt":"2025-09-12T21:53:11","slug":"men-in-black-international-film-2019","status":"publish","type":"post","link":"https:\/\/www.europesays.com\/fr\/386291\/","title":{"rendered":"Men in Black : International &#8211; Film (2019)"},"content":{"rendered":"<p>Informations<\/p>\n<p class=\"default-2\">A Brooklyn, les Men in Black interviennent chez la jeune Molly apr\u00e8s l&rsquo;apparition d&rsquo;un extraterrestre. Ils effacent la m\u00e9moire de ses parents mais pas la sienne. 20 ans plus tard, Molly veut connaitre la v\u00e9rit\u00e9 sur l&rsquo;univers et rejoindre les Men in Black. A force de pers\u00e9v\u00e9rance, elle d\u00e9couvre l&#8217;emplacement secret de leur quartier g\u00e9n\u00e9ral et parvient \u00e0 se faire recruter. Elle est alors envoy\u00e9e \u00e0 Londres et rencontre son nouveau partenaire, l&rsquo;agent H.<\/p>\n<p>Langues et sous-titres<\/p>\n<p>Disponible sur certains \u00e9pisodes\/\u00e9missions<\/p>\n<p>Casting<\/p>\n<p class=\"default-2 text-secondary flex\">Chris Hemsworth, Tessa Thompson, Liam Neeson, Emma Thompson, Rebecca Ferguson, Rafe Spall, Laurent Bourgeois, Larry Bourgeois, Kayvan Novak, Spencer Wilding<\/p>\n<p>R\u00e9alis\u00e9 par<\/p>\n<p class=\"default-2 text-secondary flex\">F. Gary Gray<\/p>\n","protected":false},"excerpt":{"rendered":"Informations A Brooklyn, les Men in Black interviennent chez la jeune Molly apr\u00e8s l&rsquo;apparition d&rsquo;un extraterrestre. Ils effacent&hellip;\n","protected":false},"author":2,"featured_media":386292,"comment_status":"","ping_status":"","sticky":false,"template":"","format":"standard","meta":{"footnotes":""},"categories":[1354],"tags":[58,59,1346,1011,27,51881,51887,51882,51888,1360,51884,51885,51886,51883,51889],"class_list":{"0":"post-386291","1":"post","2":"type-post","3":"status-publish","4":"format-standard","5":"has-post-thumbnail","7":"category-films","8":"tag-divertissement","9":"tag-entertainment","10":"tag-films","11":"tag-fr","12":"tag-france","13":"tag-men-in-black-international-film-2019","14":"tag-men-in-black-international-film-2019-streaming","15":"tag-men-in-black-international-film-2019-tf1","16":"tag-men-in-black-international-film-2019-tf1-streaming","17":"tag-movies","18":"tag-streaming-men-in-black-international-film-2019","19":"tag-streaming-men-in-black-international-film-2019-tf1","20":"tag-streaming-tf1-men-in-black-international-film-2019","21":"tag-tf1-men-in-black-international-film-2019","22":"tag-tf1-men-in-black-international-film-2019-streaming"},"share_on_mastodon":{"url":"","error":"Validation failed: Text character limit of 500 exceeded"},"_links":{"self":[{"href":"https:\/\/www.europesays.com\/fr\/wp-json\/wp\/v2\/posts\/386291","targetHints":{"allow":["GET"]}}],"collection":[{"href":"https:\/\/www.europesays.com\/fr\/wp-json\/wp\/v2\/posts"}],"about":[{"href":"https:\/\/www.europesays.com\/fr\/wp-json\/wp\/v2\/types\/post"}],"author":[{"embeddable":true,"href":"https:\/\/www.europesays.com\/fr\/wp-json\/wp\/v2\/users\/2"}],"replies":[{"embeddable":true,"href":"https:\/\/www.europesays.com\/fr\/wp-json\/wp\/v2\/comments?post=386291"}],"version-history":[{"count":0,"href":"https:\/\/www.europesays.com\/fr\/wp-json\/wp\/v2\/posts\/386291\/revisions"}],"wp:featuredmedia":[{"embeddable":true,"href":"https:\/\/www.europesays.com\/fr\/wp-json\/wp\/v2\/media\/386292"}],"wp:attachment":[{"href":"https:\/\/www.europesays.com\/fr\/wp-json\/wp\/v2\/media?parent=386291"}],"wp:term":[{"taxonomy":"category","embeddable":true,"href":"https:\/\/www.europesays.com\/fr\/wp-json\/wp\/v2\/categories?post=386291"},{"taxonomy":"post_tag","embeddable":true,"href":"https:\/\/www.europesays.com\/fr\/wp-json\/wp\/v2\/tags?post=386291"}],"curies":[{"name":"wp","href":"https:\/\/api.w.org\/{rel}","templated":true}]}}