{"id":386304,"date":"2025-09-12T22:00:18","date_gmt":"2025-09-12T22:00:18","guid":{"rendered":"https:\/\/www.europesays.com\/fr\/386304\/"},"modified":"2025-09-12T22:00:18","modified_gmt":"2025-09-12T22:00:18","slug":"a-barsac-180-engins-explosifs-artisanaux-decouverts-chez-un-ancien-militaire","status":"publish","type":"post","link":"https:\/\/www.europesays.com\/fr\/386304\/","title":{"rendered":"\u00e0 Barsac, 180 engins explosifs artisanaux d\u00e9couverts chez un ancien militaire"},"content":{"rendered":"<p>            Par<br \/>\n        <strong><br \/>\n            <a href=\"https:\/\/actu.fr\/auteur\/melvin-moya\" title=\"Consulter tous les articles de Melvin Moya\" target=\"_blank\" rel=\"noopener\">Melvin Moya<\/a><br \/>\n        <\/strong><\/p>\n<p>        Publi\u00e9 le<\/p>\n<p>            12 sept. 2025 \u00e0 21h04        <\/p>\n<p data-end=\"423\">\u00ab\u2009On les a entendus d\u00e9foncer la porte d\u2019entr\u00e9e \u00e0 6 heures du matin.\u2009\u00bb R\u00e9veil brutal pour les habitants de <a href=\"https:\/\/actu.fr\/nouvelle-aquitaine\/barsac_33030\" target=\"_blank\" rel=\"noopener\">Barsac<\/a> (<a href=\"https:\/\/actu.fr\/nouvelle-aquitaine\/gironde_33\" target=\"_blank\" rel=\"noopener\">Gironde<\/a>), lundi 8 septembre 2025. Les forces de l\u2019ordre ont appr\u00e9hend\u00e9 un habitant de 53 ans, <b>ancien militaire<\/b>, \u00e0 son domicile situ\u00e9 rue de la R\u00e9publique. Et ce qu\u2019ils y ont d\u00e9couvert est impressionnant. Depuis plusieurs jours maintenant, la population locale se demandait ce qu\u2019il se passait\u2026\u00a0<\/p>\n<p>R\u00e9volver, fusils, pistolets, poignards\u2026<\/p>\n<p data-end=\"423\" class=\" wall-content\">\u00ab\u00a0Cette perquisition, men\u00e9e avec l\u2019appui des services de d\u00e9minage, a permis de d\u00e9couvrir une somme en esp\u00e8ces (11 000 euros) mais surtout <b>180 engins explosifs artisanaux<\/b>, de nature et de taille diverses. De nombreuses armes ont \u00e9galement \u00e9t\u00e9 d\u00e9couvertes : r\u00e9volver, fusils, pistolets, arbal\u00e8tes, harpon, poignards, et diverses munitions\u00a0\u00bb, \u00e9num\u00e8re le procureur de la R\u00e9publique de Bordeaux, Renaud Gaudeul.<\/p>\n<p>    <img   decoding=\"async\" loading=\"lazy\" class=\"size-large\" src=\"https:\/\/www.europesays.com\/fr\/wp-content\/uploads\/2025\/09\/f49b90f974c86199b90f974c84d9b9v-960x640.jpg\" alt=\"Les services de d\u00e9minage sont intervenus \u00e0 Barsac (Gironde) lors de la d\u00e9couverte d'engins explosifs chez un ancien militaire.\" width=\"960\" height=\"640\"\/><br \/>\n    Les services de d\u00e9minage sont intervenus \u00e0 Barsac (Gironde) lors de la d\u00e9couverte d\u2019engins explosifs chez un ancien militaire. \u00a9Melvin Moya \/ Le R\u00e9publicain<\/p>\n<p data-end=\"423\" class=\" wall-content\">Tout est parti d\u2019un renseignement recueilli par le groupement de gendarmerie de la Gironde. Un \u00ab\u00a0tuyau\u00a0\u00bb pr\u00e9cieux qui am\u00e8ne les militaires \u00e0 mener <b>des investigations sur un homme<\/b>, habitant Barsac, tranquille commune du Sud-Gironde, o\u00f9 le Ciron et la Garonne se rencontrent.<\/p>\n<p>Une vingtaine de kilos de nitrate de potassium achet\u00e9s<\/p>\n<p data-end=\"423\" class=\" wall-content\">Les enqu\u00eateurs obtiennent la confirmation que le quinquag\u00e9naire en question a achet\u00e9, durant les derni\u00e8res semaines, une vingtaine de kilos de nitrate de potassium. \u00ab\u00a0Un \u00e9l\u00e9ment pouvant entrer dans la fabrication d\u2019engins explosifs\u00a0\u00bb, relate le procureur de la R\u00e9publique.<\/p>\n<p>    <img   decoding=\"async\" loading=\"lazy\" class=\"size-large\" src=\"https:\/\/www.europesays.com\/fr\/wp-content\/uploads\/2025\/09\/9c7d65c964c86708d65c964c8348d6v-960x640.jpg\" alt=\"Une partie des 180 engins explosifs d\u00e9couverts dans l'habitation d'un homme, \u00e0 Barsac, en Gironde.\" width=\"960\" height=\"640\"\/><br \/>\n    Une partie des 180 engins explosifs d\u00e9couverts dans l\u2019habitation d\u2019un homme, \u00e0 Barsac, en Gironde. \u00a9Parquet de Bordeaux \/ document transmis \u00e0 actu.frVid\u00e9os : en ce moment sur ActuDes explosifs con\u00e7us \u00ab\u00a0depuis plusieurs mois\u00a0\u00bb<\/p>\n<p data-end=\"423\" class=\" wall-content\">Charg\u00e9e de l\u2019enqu\u00eate, la brigade de recherches de la gendarmerie nationale de Langon a \u00e9t\u00e9 dessaisie au profit de la sous-direction anti-terroriste de la direction nationale de la police judiciaire ainsi qu\u2019\u00e0 la division de la criminalit\u00e9 organis\u00e9e et sp\u00e9cialis\u00e9e (DCOS) de la direction ou interd\u00e9partementale\u00a0de la police nationale de Bordeaux.<\/p>\n<p data-end=\"423\" class=\" wall-content\">Les quelque 180 engins explosifs retrouv\u00e9s chez l\u2019ancien militaire auraient \u00e9t\u00e9 confectionn\u00e9s \u00ab\u00a0depuis plusieurs mois\u00a0\u00bb.\u00a0<\/p>\n<p>Votre r\u00e9gion, votre actu !<\/p>\n<p>Recevez chaque jour les infos qui comptent pour vous.<\/p>\n<p>\t<a href=\"https:\/\/actu.fr\/newsletter\" class=\"ac-btn ac-btn--corner ac-btn--medium ac-btn--blue800\" target=\"_blank\" rel=\"noopener\">S&rsquo;incrire<\/a><br \/>\nLe militaire plac\u00e9 en d\u00e9tention provisoire<\/p>\n<p data-end=\"423\" class=\" wall-content\">Apr\u00e8s quatre jours de garde \u00e0 vue, l\u2019habitant de Barsac a \u00e9t\u00e9 <b>pr\u00e9sent\u00e9 au Parquet de Bordeaux.<\/b> Il est mis\u00a0en examen des chefs de fabrication et d\u00e9tention non autoris\u00e9es d\u2019engins explosifs et d\u00e9tention non autoris\u00e9es d\u2019armes et munitions de cat\u00e9gorie B.<\/p>\n<p>Le maire de Barsac veut \u00e9viter la psychose et \u00ab\u00a0rassurer les administr\u00e9s\u00a0\u00bb<\/p>\n<p>Contact\u00e9 par Le R\u00e9publicain Sud-Gironde, Dominique Cavaillols, le maire de Barsac, tient \u00e0 saluer le bon d\u00e9roulement de l&rsquo;op\u00e9ration, dont il connaissait l&rsquo;objet depuis vendredi 5 septembre. \u00ab\u00a0Je me disais : &lsquo;Vivement lundi matin que ce soit r\u00e9gl\u00e9 et que \u00e7a se passe bien.'\u00a0\u00bb D\u00e9sormais, le premier magistrat barsacais souhaite \u00e9viter la psychose et \u00ab\u00a0\u2009rassurer les administr\u00e9s\u00a0\u00bb.<br \/>&#13;<br \/>\nCrois\u00e9e sur place lors de la perquisition, une riveraine \u00e9voque, quant \u00e0 elle, une op\u00e9ration spectaculaire. \u00ab\u00a0Ils \u00e9taient quand m\u00eame arm\u00e9s jusqu&rsquo;aux dents.\u2009\u00a0\u00bb<\/p>\n<p data-end=\"423\" class=\" wall-content\">\u00ab\u00a0Il a \u00e9t\u00e9 plac\u00e9 cet apr\u00e8s-midi en d\u00e9tention provisoire par le juge des libert\u00e9s et de la d\u00e9tention\u00a0\u00bb, indique Renaud Gaudeul.<\/p>\n<blockquote class=\"ac-article-quote wall-content\">\n<p>De nombreuses investigations restent \u00e0 r\u00e9aliser dans le cadre de l\u2019information judiciaire afin de mieux cerner le profil de l\u2019homme interpell\u00e9 et les circonstances dans lesquelles il a pu confectionner ces engins explosifs et acqu\u00e9rir ces diverses armes.<\/p>\n<p>Renaud Gaudeul<\/p><\/blockquote>\n<p class=\" wall-content\">D\u2019apr\u00e8s le Parquet de Bordeaux, le quinquag\u00e9naire \u00ab\u00a0s\u2019est montr\u00e9 vague quant \u00e0 ses motivations\u00a0\u00bb.<\/p>\n<p>\u00ab\u00a0Mieux cerner le profil\u00a0\u00bb de l\u2019ancien militaire<\/p>\n<p class=\" wall-content\">Les investigations sont donc<b> loin d\u2019\u00eatre termin\u00e9es.<\/b> Il convient d\u00e9sormais de \u00ab\u00a0mieux cerner le profil de l\u2019homme interpell\u00e9\u00a0\u00bb, mais \u00e9galement de faire la lumi\u00e8re sur la fa\u00e7on dont il a pu acheter les diff\u00e9rentes armes retrouv\u00e9es chez lui ainsi que d\u00e9terminer \u00ab\u00a0les circonstances dans lesquelles il a pu confectionner ces engins explosifs\u00a0\u00bb.<\/p>\n<p class=\" wall-content\">Personnalisez votre actualit\u00e9 en ajoutant vos villes et m\u00e9dias en favori avec <a href=\"https:\/\/moncompte.actu.fr\" title=\"D\u00e9couvez Mon Actu\" rel=\"nofollow noopener\" data-trk=\"{&quot;cta&quot;:{&quot;action&quot;:&quot;https:\\\/\\\/moncompte.actu.fr&quot;,&quot;category&quot;:&quot;mon compte&quot;,&quot;from&quot;:&quot;article footer&quot;,&quot;name&quot;:&quot;Mon actu&quot;,&quot;type&quot;:&quot;cta&quot;}}\" target=\"_blank\">Mon Actu<\/a>.<\/p>\n","protected":false},"excerpt":{"rendered":"Par Melvin Moya Publi\u00e9 le 12 sept. 2025 \u00e0 21h04 \u00ab\u2009On les a entendus d\u00e9foncer la porte d\u2019entr\u00e9e&hellip;\n","protected":false},"author":2,"featured_media":386305,"comment_status":"","ping_status":"","sticky":false,"template":"","format":"standard","meta":{"footnotes":""},"categories":[4],"tags":[11,118,1011,27,3381,12,25,7559],"class_list":{"0":"post-386304","1":"post","2":"type-post","3":"status-publish","4":"format-standard","5":"has-post-thumbnail","7":"category-france","8":"tag-actualites","9":"tag-faits-divers","10":"tag-fr","11":"tag-france","12":"tag-gendarmerie","13":"tag-news","14":"tag-republique-francaise","15":"tag-tribunal-de-bordeaux"},"share_on_mastodon":{"url":"https:\/\/pubeurope.com\/@fr\/115193579197824925","error":""},"_links":{"self":[{"href":"https:\/\/www.europesays.com\/fr\/wp-json\/wp\/v2\/posts\/386304","targetHints":{"allow":["GET"]}}],"collection":[{"href":"https:\/\/www.europesays.com\/fr\/wp-json\/wp\/v2\/posts"}],"about":[{"href":"https:\/\/www.europesays.com\/fr\/wp-json\/wp\/v2\/types\/post"}],"author":[{"embeddable":true,"href":"https:\/\/www.europesays.com\/fr\/wp-json\/wp\/v2\/users\/2"}],"replies":[{"embeddable":true,"href":"https:\/\/www.europesays.com\/fr\/wp-json\/wp\/v2\/comments?post=386304"}],"version-history":[{"count":0,"href":"https:\/\/www.europesays.com\/fr\/wp-json\/wp\/v2\/posts\/386304\/revisions"}],"wp:featuredmedia":[{"embeddable":true,"href":"https:\/\/www.europesays.com\/fr\/wp-json\/wp\/v2\/media\/386305"}],"wp:attachment":[{"href":"https:\/\/www.europesays.com\/fr\/wp-json\/wp\/v2\/media?parent=386304"}],"wp:term":[{"taxonomy":"category","embeddable":true,"href":"https:\/\/www.europesays.com\/fr\/wp-json\/wp\/v2\/categories?post=386304"},{"taxonomy":"post_tag","embeddable":true,"href":"https:\/\/www.europesays.com\/fr\/wp-json\/wp\/v2\/tags?post=386304"}],"curies":[{"name":"wp","href":"https:\/\/api.w.org\/{rel}","templated":true}]}}