{"id":386308,"date":"2025-09-12T22:02:23","date_gmt":"2025-09-12T22:02:23","guid":{"rendered":"https:\/\/www.europesays.com\/fr\/386308\/"},"modified":"2025-09-12T22:02:23","modified_gmt":"2025-09-12T22:02:23","slug":"rendre-le-street-art-accessible-a-tous","status":"publish","type":"post","link":"https:\/\/www.europesays.com\/fr\/386308\/","title":{"rendered":"\u00ab\u00a0Rendre le street art accessible \u00e0 tous\u00a0\u00bb"},"content":{"rendered":"<p class=\"insetTitle\">Des pointures r\u00e9unies ce week-end<\/p>\n<p>Pour rappel, le Safir est n\u00e9 en 2015 de la volont\u00e9 d\u2019Eric Berlivet, maire de la ville, qui souhaitait \u00ab\u00a0changer l\u2019image de Roche-la-Moli\u00e8re\u00a0en y apportant de la couleur\u00a0\u00bb, selon Fernando Davila, alias Mr Fernand, cr\u00e9ateur du festival.<\/p>\n<p>Depuis, de grands noms de la discipline ont laiss\u00e9 libre cours \u00e0 leur talent <a href=\"https:\/\/www.leprogres.fr\/culture-loisirs\/2025\/08\/03\/la-commune-sera-la-capitale-du-street-art-du-12-au-14-septembre\" target=\"_blank\" rel=\"noopener\">sur les murs de la cit\u00e9 rouchonne,<\/a> parfois avec des fresques gigantesques\u00a0: El Pez, Jace, C215, Pec ou encore les \u00ab\u00a0papiers peintres\u00a0\u00bb st\u00e9phanois Ella et Pitr, entre autres.<\/p>\n<p>Des performances en direct sous les yeux des visiteurs<\/p>\n<p>Cette 8e \u00e9dition, qui se d\u00e9roulera sur le site de l\u2019\u00e9cole Cousteau, accueille onze artistes, dont certains de renomm\u00e9e internationale\u00a0: Farid Rueda (Mexique), Al\u00ebxone, Kalouf, Monsta, Mr Fernand et Williann, une artiste f\u00e9minine \u00ab\u00a0vou\u00e9e \u00e0 exploser sur la sc\u00e8ne europ\u00e9enne d&rsquo;ici aux cinq prochaines ann\u00e9es\u00a0\u00bb, selon Fernando Davila.<\/p>\n<p>Ces six artistes travailleront sur des cubes en aluminium de 2\u00a0m sur 2\u00a0m issus de l\u2019entreprise Alti-Cr\u00e9ations, bas\u00e9e \u00e0 Pont-Salomon.<\/p>\n<p>Pendant trois jours, les visiteurs pourront ainsi d\u00e9ambuler et assister en direct aux performances des artistes. \u00ab\u00a0C\u2019est de plus en plus rare dans les festivals d\u00e9di\u00e9s au street art\u00a0\u00bb, tient \u00e0 pr\u00e9ciser Fernando Davila.<\/p>\n<p>Un espace boutique accessible tout le week-end<\/p>\n<p>Cot\u00e9 programmation \u00ab\u00a0off\u00a0\u00bb, on retrouve cinq artistes\u00a0: ONiRG, Rimp, Toox One, Fouapa et S\u00e9bastien Theys, qui travailleront soit dans la cour de l\u2019\u00e9cole, soit en salle, en fonction de la m\u00e9t\u00e9o.<\/p>\n<p>Un espace boutique sera \u00e9galement accessible pendant les trois jours. L\u2019occasion de se procurer des \u0153uvres d\u2019artistes de renom \u00e0 des tarifs abordables selon Fernando Davila\u00a0: \u00ab\u00a0Pour le jeune collectionneur ou quelqu\u2019un qui veut se faire plaisir, cela repr\u00e9sente une vraie opportunit\u00e9.\u00a0\u00a0\u00bb<\/p>\n<p class=\"note\">8e \u00e9dition du Safir, du vendredi\u00a012 au dimanche 14\u00a0septembre, de 10 \u00e0 12 heures et de 14 \u00e0 18 heures. \u00c9cole Cousteau. Entr\u00e9e libre. Instagram\u00a0: @s.a.f.i.r_festival<\/p>\n<p class=\"insetSignature\">Romain Gavidia<\/p>\n","protected":false},"excerpt":{"rendered":"Des pointures r\u00e9unies ce week-end Pour rappel, le Safir est n\u00e9 en 2015 de la volont\u00e9 d\u2019Eric Berlivet,&hellip;\n","protected":false},"author":2,"featured_media":386309,"comment_status":"","ping_status":"","sticky":false,"template":"","format":"standard","meta":{"footnotes":""},"categories":[9653],"tags":[1111,11,2430,1687,7539,1777,674,2271,1011,27,3367,12,25,12490,12491,4001,10806],"class_list":{"0":"post-386308","1":"post","2":"type-post","3":"status-publish","4":"format-standard","5":"has-post-thumbnail","7":"category-saint-etienne","8":"tag-actu","9":"tag-actualites","10":"tag-auvergne-rhone-alpes","11":"tag-culture-loisirs","12":"tag-edition-loire-sud","13":"tag-eu","14":"tag-europe","15":"tag-exposition-arts-plastiques","16":"tag-fr","17":"tag-france","18":"tag-loire","19":"tag-news","20":"tag-republique-francaise","21":"tag-roche-la-moliere","22":"tag-roche-la-moliere-bassin","23":"tag-saint-etienne","24":"tag-selection-de-la-redaction-42"},"share_on_mastodon":{"url":"https:\/\/pubeurope.com\/@fr\/115193587025946322","error":""},"_links":{"self":[{"href":"https:\/\/www.europesays.com\/fr\/wp-json\/wp\/v2\/posts\/386308","targetHints":{"allow":["GET"]}}],"collection":[{"href":"https:\/\/www.europesays.com\/fr\/wp-json\/wp\/v2\/posts"}],"about":[{"href":"https:\/\/www.europesays.com\/fr\/wp-json\/wp\/v2\/types\/post"}],"author":[{"embeddable":true,"href":"https:\/\/www.europesays.com\/fr\/wp-json\/wp\/v2\/users\/2"}],"replies":[{"embeddable":true,"href":"https:\/\/www.europesays.com\/fr\/wp-json\/wp\/v2\/comments?post=386308"}],"version-history":[{"count":0,"href":"https:\/\/www.europesays.com\/fr\/wp-json\/wp\/v2\/posts\/386308\/revisions"}],"wp:featuredmedia":[{"embeddable":true,"href":"https:\/\/www.europesays.com\/fr\/wp-json\/wp\/v2\/media\/386309"}],"wp:attachment":[{"href":"https:\/\/www.europesays.com\/fr\/wp-json\/wp\/v2\/media?parent=386308"}],"wp:term":[{"taxonomy":"category","embeddable":true,"href":"https:\/\/www.europesays.com\/fr\/wp-json\/wp\/v2\/categories?post=386308"},{"taxonomy":"post_tag","embeddable":true,"href":"https:\/\/www.europesays.com\/fr\/wp-json\/wp\/v2\/tags?post=386308"}],"curies":[{"name":"wp","href":"https:\/\/api.w.org\/{rel}","templated":true}]}}