{"id":38632,"date":"2025-04-20T10:20:28","date_gmt":"2025-04-20T10:20:28","guid":{"rendered":"https:\/\/www.europesays.com\/fr\/38632\/"},"modified":"2025-04-20T10:20:28","modified_gmt":"2025-04-20T10:20:28","slug":"insolite-ce-pont-pres-de-la-gare-de-nancy-ne-mene-nulle-part-voici-pourquoi","status":"publish","type":"post","link":"https:\/\/www.europesays.com\/fr\/38632\/","title":{"rendered":"Insolite. Ce pont pr\u00e8s de la gare de Nancy ne m\u00e8ne\u2026 nulle part : voici pourquoi"},"content":{"rendered":"<p>            Par<br \/>\n        <strong><br \/>\n            <a href=\"https:\/\/actu.fr\/auteur\/pierre-emile-bouchy-actu-fr\" title=\"Consulter tous les articles de Paul-Emile Bouchy\" rel=\"nofollow noopener\" target=\"_blank\">Paul-Emile Bouchy<\/a><br \/>\n        <\/strong><\/p>\n<p>        Publi\u00e9 le<\/p>\n<p>            6 f\u00e9vr. 2025 \u00e0 15h20        <\/p>\n<p>Si vous \u00eates r\u00e9cemment pass\u00e9 sur le viaduc Kennedy, non loin de la <a href=\"https:\/\/actu.fr\/tag\/gare-de-nancy\" rel=\"nofollow noopener\" target=\"_blank\">gare de Nancy<\/a> (Meurthe-et-Moselle), vous avez sans doute remarqu\u00e9 cet \u00e9trange pont.<\/p>\n<p class=\" wall-content\">Longeant le si\u00e8ge de la M\u00e9tropole du Grand Nancy, ce pont, nomm\u00e9 \u00ab\u2009la rampe Bellange\u2009\u00bb, est dor\u00e9navant <strong>une voie sans issue<\/strong> et est interdit \u00e0 la circulation. On vous explique pourquoi.<\/p>\n<p>Le pont coup\u00e9 lors des travaux du trolleybus<\/p>\n<p class=\" wall-content\">Jusqu\u2019en avril\u00a02023, ce pont permettait aux automobilistes de rejoindre le viaduc Kennedy depuis la rue Jacques Bellange, en contrebas, comme on peut le voir sur cette photo de Google Street View\u2009:<\/p>\n<p>    <a href=\"https:\/\/www.google.com\/maps\/embed?pb=!4v1738846777479!6m8!1m7!1seukIDFBQq_D5ZGBajO9ymg!2m2!1d48.68557260332034!2d6.175582161346787!3f243.48997111338934!4f-5.139292622993764!5f0.7820865974627469\" title=\"Ouvrie le lien\" rel=\"nofollow noopener\" target=\"_blank\">Cliquez ici pour visualiser le contenu<\/a><\/p>\n<p class=\" wall-content\">Or, cet acc\u00e8s a \u00e9t\u00e9 coup\u00e9 au d\u00e9but des travaux du <a href=\"https:\/\/actu.fr\/tag\/trolleybus\" rel=\"nofollow noopener\" target=\"_blank\">trolleybus<\/a> pour effectuer des travaux sur la structure du viaduc Kennedy.<\/p>\n<p>Vid\u00e9os : en ce moment sur Actu<\/p>\n<blockquote class=\"ac-article-quote wall-content\">\n<p>Afin d\u2019engager les indispensables travaux de renforcement de la poutre du viaduc Kennedy \u2013 qui pr\u00e9sentait des faiblesses structurelles non trait\u00e9es jusqu\u2019alors, avec l\u2019objectif de p\u00e9renniser cet ouvrage pour la circulation automobile et l\u2019accueil du trolleybus, la M\u00e9tropole du Grand Nancy a d\u00fb d\u00e9ployer un chantier sous le viaduc, qui a n\u00e9cessit\u00e9 de retirer la derni\u00e8re trav\u00e9e de la rampe Bellange.<\/p>\n<p>    <strong>La M\u00e9tropole du Grand Nancy<\/strong>\n            <\/p><\/blockquote>\n<p>D\u00e9truire ce pont\u2009? Pas une priorit\u00e9<\/p>\n<p class=\" wall-content\">Alors que les travaux de la plateforme du trolleybus sont <a href=\"https:\/\/actu.fr\/grand-est\/nancy_54395\/trolleybus-a-nancy-fin-des-travaux-mise-en-service-voici-ce-qu-il-faut-savoir_61841691.html\" rel=\"nofollow noopener\" target=\"_blank\">termin\u00e9s depuis d\u00e9cembre\u00a02024<\/a> et que la circulation a repris sur le viaduc Kennedy, <strong>le pont n\u2019a pas \u00e9t\u00e9 reconstruit<\/strong> et cela ne sera pas le cas dans le futur.<\/p>\n<p class=\" wall-content\">\u00ab\u2009Dans la mesure o\u00f9 la rampe ne pr\u00e9sente <strong>pas de r\u00e9elle utilit\u00e9 pour la desserte du quartier, elle a vocation \u00e0 \u00eatre d\u00e9truite<\/strong>. Cette op\u00e9ration repr\u00e9sentant <strong>un co\u00fbt financier \u00e0 hauteur de 800\u2009000\u00a0euros<\/strong>, elle ne fait n\u00e9anmoins pas aujourd\u2019hui partie des priorit\u00e9s d\u2019investissement de la M\u00e9tropole du Grand Nancy, dans le contexte budg\u00e9taire contraint que chacun conna\u00eet\u2009\u00bb, ajoute la M\u00e9tropole du Grand Nancy.<\/p>\n<p class=\" wall-content\">En attendant, l\u2019acc\u00e8s est toujours interdit aux voitures par des plots en b\u00e9ton et l\u2019extr\u00e9mit\u00e9 est s\u00e9curis\u00e9e par une barri\u00e8re au cas o\u00f9 des pi\u00e9tons souhaiteraient s\u2019y aventurer.<\/p>\n<p class=\" wall-content\">Suivez toute l\u2019actualit\u00e9 de vos villes et m\u00e9dias favoris en vous inscrivant \u00e0 <a href=\"https:\/\/moncompte.actu.fr\" title=\"D\u00e9couvez Mon Actu\" rel=\"nofollow noopener\" data-trk=\"{&quot;cta&quot;:{&quot;action&quot;:&quot;https:\\\/\\\/moncompte.actu.fr&quot;,&quot;category&quot;:&quot;mon compte&quot;,&quot;from&quot;:&quot;article footer&quot;,&quot;name&quot;:&quot;Mon actu&quot;,&quot;type&quot;:&quot;cta&quot;}}\" target=\"_blank\">Mon Actu<\/a>.<\/p>\n","protected":false},"excerpt":{"rendered":"Par Paul-Emile Bouchy Publi\u00e9 le 6 f\u00e9vr. 2025 \u00e0 15h20 Si vous \u00eates r\u00e9cemment pass\u00e9 sur le viaduc&hellip;\n","protected":false},"author":2,"featured_media":38633,"comment_status":"","ping_status":"","sticky":false,"template":"","format":"standard","meta":{"footnotes":""},"categories":[9635],"tags":[1111,11,1777,674,1011,27,775,1757,1702,12,25,104,2086],"class_list":{"0":"post-38632","1":"post","2":"type-post","3":"status-publish","4":"format-standard","5":"has-post-thumbnail","7":"category-nancy","8":"tag-actu","9":"tag-actualites","10":"tag-eu","11":"tag-europe","12":"tag-fr","13":"tag-france","14":"tag-grand-est","15":"tag-insolite","16":"tag-nancy","17":"tag-news","18":"tag-republique-francaise","19":"tag-societe","20":"tag-travaux"},"share_on_mastodon":{"url":"https:\/\/pubeurope.com\/@fr\/114369791504424712","error":""},"_links":{"self":[{"href":"https:\/\/www.europesays.com\/fr\/wp-json\/wp\/v2\/posts\/38632","targetHints":{"allow":["GET"]}}],"collection":[{"href":"https:\/\/www.europesays.com\/fr\/wp-json\/wp\/v2\/posts"}],"about":[{"href":"https:\/\/www.europesays.com\/fr\/wp-json\/wp\/v2\/types\/post"}],"author":[{"embeddable":true,"href":"https:\/\/www.europesays.com\/fr\/wp-json\/wp\/v2\/users\/2"}],"replies":[{"embeddable":true,"href":"https:\/\/www.europesays.com\/fr\/wp-json\/wp\/v2\/comments?post=38632"}],"version-history":[{"count":0,"href":"https:\/\/www.europesays.com\/fr\/wp-json\/wp\/v2\/posts\/38632\/revisions"}],"wp:featuredmedia":[{"embeddable":true,"href":"https:\/\/www.europesays.com\/fr\/wp-json\/wp\/v2\/media\/38633"}],"wp:attachment":[{"href":"https:\/\/www.europesays.com\/fr\/wp-json\/wp\/v2\/media?parent=38632"}],"wp:term":[{"taxonomy":"category","embeddable":true,"href":"https:\/\/www.europesays.com\/fr\/wp-json\/wp\/v2\/categories?post=38632"},{"taxonomy":"post_tag","embeddable":true,"href":"https:\/\/www.europesays.com\/fr\/wp-json\/wp\/v2\/tags?post=38632"}],"curies":[{"name":"wp","href":"https:\/\/api.w.org\/{rel}","templated":true}]}}