{"id":386329,"date":"2025-09-12T22:16:14","date_gmt":"2025-09-12T22:16:14","guid":{"rendered":"https:\/\/www.europesays.com\/fr\/386329\/"},"modified":"2025-09-12T22:16:14","modified_gmt":"2025-09-12T22:16:14","slug":"wawrinka-et-gaston-en-demi-finale-le-programme-de-ce-vendredi-a-lopen-blot-de-rennes","status":"publish","type":"post","link":"https:\/\/www.europesays.com\/fr\/386329\/","title":{"rendered":"Wawrinka et Gaston en demi-finale\u00a0: le programme de ce vendredi \u00e0 l\u2019Open Blot de Rennes"},"content":{"rendered":"<p>Open Blot de Rennes<\/p>\n<p>Vendredi, le Suisse de 40 ans, Stan Wawrinka a continu\u00e9 sa route sur l\u2019Open Blot de Rennes. En battant le Blege Michael Geerts, il a d\u00e9croch\u00e9 sa place dans le dernier carr\u00e9 du tournoi breton tout comme les Fran\u00e7ais Hugo Gaston et Cl\u00e9ment Chidekh. Plus tard dans la soir\u00e9e, le Belge Patrick Zahraj a d\u00e9croch\u00e9 le dernier ticket pour les demi-finales, qui se jouent ce samedi.<\/p>\n<p>Les r\u00e9sultats de vendredi<\/p>\n<p><strong class=\"tech\">Quarts de finale : <\/strong>S. Wawrinka (Sui\/N.2) bat M. Geerts 7-6 (7-2), 7-5 ; C. Chidekh (FRA) bat H. Mayot (FRA\/N.3) 6-2, 2-6, 6-4 ; H. Gaston (FRA\/N.1) bat E. Coulibaly (ITA) 7-5, 6-2 ; P. Zahraj (BEL) bat C. Kingsley (USA) 6-4, 3-6, 6-3.<\/p>\n<p>Le programme de ce samedi<\/p>\n<p><strong class=\"tech\">Demi-finales :<\/strong> H. Gaston (FRA\/N.1) &#8211; C. Chidekh (FRA)<\/p>\n<p>S. Wawrinka (Sui\/N.2) &#8211; P. Zahraj (BEL) <\/p>\n","protected":false},"excerpt":{"rendered":"Open Blot de Rennes Vendredi, le Suisse de 40 ans, Stan Wawrinka a continu\u00e9 sa route sur l\u2019Open&hellip;\n","protected":false},"author":2,"featured_media":386330,"comment_status":"","ping_status":"","sticky":false,"template":"","format":"standard","meta":{"footnotes":""},"categories":[2821],"tags":[1111,11,829,3166,1777,674,1011,27,12,584,25,60,1467],"class_list":{"0":"post-386329","1":"post","2":"type-post","3":"status-publish","4":"format-standard","5":"has-post-thumbnail","7":"category-rennes","8":"tag-actu","9":"tag-actualites","10":"tag-bretagne","11":"tag-en-continu-sports","12":"tag-eu","13":"tag-europe","14":"tag-fr","15":"tag-france","16":"tag-news","17":"tag-rennes","18":"tag-republique-francaise","19":"tag-sports","20":"tag-tennis"},"share_on_mastodon":{"url":"https:\/\/pubeurope.com\/@fr\/115193642015891522","error":""},"_links":{"self":[{"href":"https:\/\/www.europesays.com\/fr\/wp-json\/wp\/v2\/posts\/386329","targetHints":{"allow":["GET"]}}],"collection":[{"href":"https:\/\/www.europesays.com\/fr\/wp-json\/wp\/v2\/posts"}],"about":[{"href":"https:\/\/www.europesays.com\/fr\/wp-json\/wp\/v2\/types\/post"}],"author":[{"embeddable":true,"href":"https:\/\/www.europesays.com\/fr\/wp-json\/wp\/v2\/users\/2"}],"replies":[{"embeddable":true,"href":"https:\/\/www.europesays.com\/fr\/wp-json\/wp\/v2\/comments?post=386329"}],"version-history":[{"count":0,"href":"https:\/\/www.europesays.com\/fr\/wp-json\/wp\/v2\/posts\/386329\/revisions"}],"wp:featuredmedia":[{"embeddable":true,"href":"https:\/\/www.europesays.com\/fr\/wp-json\/wp\/v2\/media\/386330"}],"wp:attachment":[{"href":"https:\/\/www.europesays.com\/fr\/wp-json\/wp\/v2\/media?parent=386329"}],"wp:term":[{"taxonomy":"category","embeddable":true,"href":"https:\/\/www.europesays.com\/fr\/wp-json\/wp\/v2\/categories?post=386329"},{"taxonomy":"post_tag","embeddable":true,"href":"https:\/\/www.europesays.com\/fr\/wp-json\/wp\/v2\/tags?post=386329"}],"curies":[{"name":"wp","href":"https:\/\/api.w.org\/{rel}","templated":true}]}}