{"id":386359,"date":"2025-09-12T22:31:24","date_gmt":"2025-09-12T22:31:24","guid":{"rendered":"https:\/\/www.europesays.com\/fr\/386359\/"},"modified":"2025-09-12T22:31:24","modified_gmt":"2025-09-12T22:31:24","slug":"metropole-de-lyon-que-faire-ce-week-end-nos-bons-plans-dans-lest-lyonnais","status":"publish","type":"post","link":"https:\/\/www.europesays.com\/fr\/386359\/","title":{"rendered":"M\u00e9tropole de Lyon. Que faire ce week-end\u00a0? Nos bons plans dans l\u2019Est Lyonnais"},"content":{"rendered":"<p>  D\u00e9cines-Charpieu<\/p>\n<blockquote class=\"question\"><p>On visite la police municipale ce samedi<\/p><\/blockquote>\n<p>La police municipale ouvre ses portes ce samedi de 9\u00a0h \u00e0 13\u00a0h, et \u00e7a attire toujours beaucoup de monde.\u00a0L\u2019occasion de mieux comprendre le r\u00f4le au quotidien de la police municipale : visite du poste de police, \u00e9changes avec les agents sur leurs m\u00e9tiers, leurs outils et leurs engagements, d\u00e9couverte du Centre de Supervision Urbain<\/p>\n<p>Pendant toute la matin\u00e9e, <a href=\"https:\/\/www.leprogres.fr\/faits-divers-justice\/2025\/09\/05\/la-police-municipale-ouvre-ses-portes-au-public\" target=\"_blank\" rel=\"nofollow noopener\"> on pourra d\u00e9couvrir<\/a> les v\u00e9hicules de la police municipale, tester les jumelles de contr\u00f4le de vitesse, observer les diff\u00e9rentes unit\u00e9s\u00a0: brigade \u00e9questre, brigade v\u00e9lo, brigade canine, brigade moto, brigade p\u00e9destre<\/p>\n<p>Petit plus\u00a0: \u00e0 10\u00a0h et \u00e0 11\u00a0h\u00a045, d\u00e9monstrations en conditions r\u00e9elles, arrestation d\u2019un individu, simulation d\u2019accident, reconnaissance de fumig\u00e8nes ou de produits stup\u00e9fiants par les chiens de la brigade canine<\/p>\n<p class=\"note\">O\u00f9 et quand\u00a0? Poste de police municipale &#8211; 20 rue Carnot \u00e0 D\u00e9cines &#8211; Samedi de 9\u00a0h \u00e0 13\u00a0h &#8211; Gratuit et ouvert \u00e0 tous<\/p>\n<p>  Saint-Priest<\/p>\n<blockquote class=\"question\"><p>On va \u00e0 l\u2019expo d\u2019automobiles anciennes<\/p><\/blockquote>\n<p><a href=\"https:\/\/www.leprogres.fr\/culture-loisirs\/2025\/09\/09\/des-modeles-auto-emblematiques-s-exposent-ce-week-end\" target=\"_blank\" rel=\"nofollow noopener\">Cette exposition<\/a> est organis\u00e9e par l\u2019association san-priote Automobilistes Lyonnais. Voitures anciennes, yougtimers, prestiges, sportives\u2026 200 \u00e0 300 bolides de diff\u00e9rents types sont attendus. Concours d\u2019\u00e9l\u00e9gance automobile, avec une vingtaine de v\u00e9hicules datant de 30 ans et plus, \u00e0 13\u00a0h\u00a045 devant l\u2019entr\u00e9e du Ch\u00e2teau.<\/p>\n<p class=\"note\">Entr\u00e9e libre et gratuite\u00a0dimanche De 9\u00a0h \u00e0 16\u00a0h, Parc du Ch\u00e2teau et alentours Infos\u00a0: 06\u00a077\u00a087\u00a037\u00a004 &#8211; automobilistes.lyonnais@gmail.com<\/p>\n<p>  Saint-Bonnet de Mure<\/p>\n<blockquote class=\"question\"><p>La Maison de la photo organise sa Foire ce week-end<\/p><\/blockquote>\n<p><a href=\"https:\/\/www.leprogres.fr\/culture-loisirs\/2021\/04\/22\/du-positif-a-la-maison-de-la-photographie\" target=\"_blank\" rel=\"nofollow noopener\">On red\u00e9couvre la photo<\/a>, le Club Niepce-Lumi\u00e8re et les photographes animaliers murois.<\/p>\n<p>D\u00e9monstrations de prises de vues et vente d\u2019appareils. Et l\u2019occasion de d\u00e9couvrir plus de 2000 pi\u00e8ces repr\u00e9sentatives.<\/p>\n<p>Inscriptions pour la vente, contacter Thierry au 06\u00a011\u00a095\u00a044\u00a087 &#8211; contact@lamaisonphoto.fr<\/p>\n<p class=\"note\">D\u00e9but des ventes d\u00e8s 8 heures, samedi. Restauration sur place, entr\u00e9e gratuite. Dans la cour du mus\u00e9e &#8211; 37, avenue de l\u2019H\u00f4tel de Ville &#8211; Saint-Bonnet de Mure 69720<\/p>\n<p>  Grand Parc Miribel Jonage<\/p>\n<blockquote class=\"question\"><p>On danse au Festival Brunch Electronik<\/p><\/blockquote>\n<p>Brunch Electronik\u00a0? C\u2019est un <a href=\"https:\/\/www.grand-parc.fr\/agenda\/festival-brunch-electronik-lyon-musique-2025\" target=\"_blank\" rel=\"nofollow noopener\"> festival nomade en plein air<\/a> qui \u00e9lit domicile dans des lieux embl\u00e9matiques de diverses villes \u00e0 travers le monde.<\/p>\n<p>\u00c0 chaque \u00e9v\u00e9nement, un public chaleureux et inclusif, partage les valeurs qui lui tiennent \u00e0 c\u0153ur. Le Brunch Electronik se veut \u00e9galement un espace o\u00f9 chacun peut s\u2019exprimer librement<\/p>\n<p>autour d\u2019une ou deux sc\u00e8nes d\u00e9di\u00e9es \u00e0 la musique et \u00e0 la danse. On peut aussi profiter des zones de d\u00e9tente et d\u00e9guster un verre ou de la food trucks. \u00ab\u00a0Venez danser avec nous\u00a0!\u00a0\u00bb lancent les organisateurs.<\/p>\n<p class=\"note\">Samedi et dimanche\u00a013 h-23\u00a0h-00 (22h dimanche). Grand Parc Miribel Jonage, Chemin de la Bletta, 69\u00a0120 Vaulx-en-Velin<\/p>\n<p>  Bron<\/p>\n<blockquote class=\"question\"><p>On trinque \u00e0 la F\u00eate de la bi\u00e8re<\/p><\/blockquote>\n<p>Le rendez-vous est donn\u00e9 ce samedi 13\u00a0septembre sur la place de la Libert\u00e9 \u00e0 Bron pour profiter <a href=\"https:\/\/www.leprogres.fr\/culture-loisirs\/2025\/09\/11\/des-centaines-de-litres-de-biere-attendus-ce-samedi-a-bron\" target=\"_blank\" rel=\"nofollow noopener\"> de la F\u00eate de la bi\u00e8re<\/a>. Au programme\u00a0: choucroute, musique, jeux pour enfants, p\u00e9tanque, concerts\u2026 et bien s\u00fbr de la bi\u00e8re \u00e0 consommer avec mod\u00e9ration<\/p>\n<p>  Toussieu<\/p>\n<blockquote class=\"question\"><p>On fait du sport<\/p><\/blockquote>\n<p>Ce sera dimanche la 1re \u00a0\u00e9dition de Touss\u2019O sport\u00a0: une matin\u00e9e d\u00e9di\u00e9e au sport. le principe\u00a0: des \u00e9quipes de cinq personnes qui se mesurent au rugby, volley, hockey, basket, ping-pong\u2026<\/p>\n<p class=\"note\">Touss\u2019O sport dimanche 14\u00a0septembre de 9h \u00e0 13h au parc municipal de Toussieu.<\/p>\n","protected":false},"excerpt":{"rendered":"D\u00e9cines-Charpieu On visite la police municipale ce samedi La police municipale ouvre ses portes ce samedi de 9\u00a0h&hellip;\n","protected":false},"author":2,"featured_media":386360,"comment_status":"","ping_status":"","sticky":false,"template":"","format":"standard","meta":{"footnotes":""},"categories":[1889],"tags":[1111,11,2430,9492,12890,1687,4624,3152,1777,674,1011,27,2428,12,25,26746,4605,51896],"class_list":{"0":"post-386359","1":"post","2":"type-post","3":"status-publish","4":"format-standard","5":"has-post-thumbnail","7":"category-lyon","8":"tag-actu","9":"tag-actualites","10":"tag-auvergne-rhone-alpes","11":"tag-bron","12":"tag-bron-ville","13":"tag-culture-loisirs","14":"tag-decines-charpieu","15":"tag-edition-est-lyonnais","16":"tag-eu","17":"tag-europe","18":"tag-fr","19":"tag-france","20":"tag-lyon","21":"tag-news","22":"tag-republique-francaise","23":"tag-saint-bonnet-de-mure","24":"tag-saint-priest","25":"tag-toussieu"},"share_on_mastodon":{"url":"https:\/\/pubeurope.com\/@fr\/115193701689295144","error":""},"_links":{"self":[{"href":"https:\/\/www.europesays.com\/fr\/wp-json\/wp\/v2\/posts\/386359","targetHints":{"allow":["GET"]}}],"collection":[{"href":"https:\/\/www.europesays.com\/fr\/wp-json\/wp\/v2\/posts"}],"about":[{"href":"https:\/\/www.europesays.com\/fr\/wp-json\/wp\/v2\/types\/post"}],"author":[{"embeddable":true,"href":"https:\/\/www.europesays.com\/fr\/wp-json\/wp\/v2\/users\/2"}],"replies":[{"embeddable":true,"href":"https:\/\/www.europesays.com\/fr\/wp-json\/wp\/v2\/comments?post=386359"}],"version-history":[{"count":0,"href":"https:\/\/www.europesays.com\/fr\/wp-json\/wp\/v2\/posts\/386359\/revisions"}],"wp:featuredmedia":[{"embeddable":true,"href":"https:\/\/www.europesays.com\/fr\/wp-json\/wp\/v2\/media\/386360"}],"wp:attachment":[{"href":"https:\/\/www.europesays.com\/fr\/wp-json\/wp\/v2\/media?parent=386359"}],"wp:term":[{"taxonomy":"category","embeddable":true,"href":"https:\/\/www.europesays.com\/fr\/wp-json\/wp\/v2\/categories?post=386359"},{"taxonomy":"post_tag","embeddable":true,"href":"https:\/\/www.europesays.com\/fr\/wp-json\/wp\/v2\/tags?post=386359"}],"curies":[{"name":"wp","href":"https:\/\/api.w.org\/{rel}","templated":true}]}}