{"id":386363,"date":"2025-09-12T22:33:17","date_gmt":"2025-09-12T22:33:17","guid":{"rendered":"https:\/\/www.europesays.com\/fr\/386363\/"},"modified":"2025-09-12T22:33:17","modified_gmt":"2025-09-12T22:33:17","slug":"valerie-pecresse-renonce-a-subventionner-lexperimentation-des-taxis-volants","status":"publish","type":"post","link":"https:\/\/www.europesays.com\/fr\/386363\/","title":{"rendered":"Val\u00e9rie P\u00e9cresse renonce \u00e0 subventionner l\u2019exp\u00e9rimentation des taxis volants"},"content":{"rendered":"<p>On sentait bien, ces derniers mois, que le projet de taxis volants \u00e9lectriques \u00e0 Paris <a href=\"https:\/\/www.20minutes.fr\/societe\/4100798-20240711-jo-paris-2024-mairie-paris-va-engager-refere-suspension-contre-taxis-volants\" class=\"c-link c-link--is-underlined\" rel=\"nofollow noopener\" target=\"_blank\">avait du plomb dans l\u2019aile<\/a>. C\u2019est encore un peu plus vrai ce vendredi. <a href=\"https:\/\/www.20minutes.fr\/dossier\/ile-de-france\" class=\"c-link c-link--is-underlined\" rel=\"nofollow noopener\" target=\"_blank\">La R\u00e9gion Ile-de-France<\/a> vient en effet d\u2019annoncer l\u2019annulation d\u2019une subvention d\u2019un million d\u2019euros consentie <a href=\"https:\/\/www.20minutes.fr\/sport\/4102808-20240724-jo-paris-2024-taxis-volants-pourront-naviguer-paris-selon-conseil-etat\" class=\"c-link c-link--is-underlined\" rel=\"nofollow noopener\" target=\"_blank\">pour exp\u00e9rimenter ce projet dans les rues de la capitale<\/a>, a-t-on appris vendredi aupr\u00e8s de l\u2019ex\u00e9cutif r\u00e9gional. Un nouveau revers pour cette id\u00e9e controvers\u00e9e de navette entre Paris et l\u2019h\u00e9liport d\u2019Issy-les-Moulineaux.<\/p>\n<\/p>\n<p>La pr\u00e9sidente (LR) de la R\u00e9gion, Val\u00e9rie P\u00e9cresse, a soumis aux \u00e9lus un projet de retrait de la subvention accord\u00e9e au Groupe ADP, gestionnaire des a\u00e9roports de Paris, <a href=\"https:\/\/www.20minutes.fr\/high-tech\/3220635-20220120-taxis-volants-premiers-clients-europeens-pourraient-embarquer-2025\" class=\"c-link c-link--is-underlined\" rel=\"nofollow noopener\" target=\"_blank\">pour installer une plateforme<\/a> amarr\u00e9e au quai d\u2019Austerlitz, dans l\u2019est de la capitale, selon le texte de cette d\u00e9lib\u00e9ration transmise \u00e0 l\u2019AFP. Pour rappel, le principe de ce versement avait \u00e9t\u00e9 adopt\u00e9 le 17\u00a0novembre 2023, mais \u00ab\u00a0\u00e0 la suite de retards pris \u00e0 diff\u00e9rents niveaux [\u2026], l\u2019exp\u00e9rimentation n\u2019a pas pu avoir lieu dans les conditions envisag\u00e9es\u00a0\u00bb, a expliqu\u00e9 Val\u00e9rie P\u00e9cresse.<\/p>\n<p>Pas de JO, pas de\u2026<\/p>\n<p>De m\u00eame source, ADP et son partenaire industriel, le constructeur a\u00e9ronautique allemand Volocopter, esp\u00e9raient initialement r\u00e9aliser \u00ab\u00a01.000 vols grand public sur six mois sur une liaison entre Paris et l\u2019h\u00e9liport d\u2019Issy-les-Moulineaux\u00a0\u00bb. Selon le cabinet de Val\u00e9rie P\u00e9cresse, la d\u00e9cision de cette annulation de subvention sera ent\u00e9rin\u00e9e le 15\u00a0novembre. Une annulation qui ne remet cependant pas en cause le soutien de l\u2019\u00cele-de-France \u00e0 l\u2019innovation en g\u00e9n\u00e9ral et aux engins \u00e0 d\u00e9collage et atterrissage vertical (VTOLs, leur acronyme en anglais) en particulier, a assur\u00e9 l\u2019ex\u00e9cutif.<\/p>\n<p>Il faut dire que l\u2019annonce des promoteurs il y a trois mois <a href=\"https:\/\/www.20minutes.fr\/societe\/4104985-20240808-jo-2024-taxis-volants-renoncent-parcourir-ciel-parisien-pendant-jeux\" class=\"c-link c-link--is-underlined\" rel=\"nofollow noopener\" target=\"_blank\">de ne pas faire voler ces a\u00e9ronefs<\/a> pendant les Jeux olympiques de Paris n\u2019a pas aid\u00e9\u2026 La certification du Volocity, l\u2019engin con\u00e7u et fabriqu\u00e9 par Volocopter, a subi un \u00ab\u00a0d\u00e9calage de quelques semaines\u00a0\u00bb li\u00e9 \u00e0 ses moteurs, avait alors indiqu\u00e9 ADP, disant esp\u00e9rer des vols au moment de la r\u00e9ouverture de la cath\u00e9drale <a href=\"https:\/\/www.20minutes.fr\/dossier\/dame-paris\" class=\"c-link c-link--is-underlined\" rel=\"nofollow noopener\" target=\"_blank\">Notre-Dame<\/a>, en d\u00e9cembre.<\/p>\n<p>Le minist\u00e8re des Transports, qui a autoris\u00e9 les exp\u00e9rimentations \u00e0 partir d\u2019Austerlitz jusqu\u2019au 31\u00a0d\u00e9cembre, n\u2019a pas souhait\u00e9 faire de commentaire vendredi. \u00ab\u00a0Nous nous tenons pr\u00eats \u00e0 <a href=\"https:\/\/www.20minutes.fr\/societe\/4077081-20240219-jo-paris-2024-aeroports-paris-determine-lancer-taxis-volants\" class=\"c-link c-link--is-underlined\" rel=\"nofollow noopener\" target=\"_blank\">pouvoir mener une exp\u00e9rimentation en d\u00e9cembre,<\/a> depuis la barge d\u2019Austerlitz avec notre partenaire Volocopter\u00a0\u00bb, a toutefois d\u00e9clar\u00e9 vendredi ADP. Rappelons que le groupe a\u00e9roportuaire ADP contr\u00f4l\u00e9 par l\u2019\u00c9tat fran\u00e7ais a engrang\u00e9 un b\u00e9n\u00e9fice net de 347\u00a0millions d\u2019euros au premier semestre\u00a02024.<\/p>\n","protected":false},"excerpt":{"rendered":"On sentait bien, ces derniers mois, que le projet de taxis volants \u00e9lectriques \u00e0 Paris avait du plomb&hellip;\n","protected":false},"author":2,"featured_media":386364,"comment_status":"","ping_status":"","sticky":false,"template":"","format":"standard","meta":{"footnotes":""},"categories":[1592],"tags":[1111,47,11,51897,1261,7182,51,33,1777,674,6329,1011,27,662,12,626,16,25,10522,13430,2803,2328],"class_list":{"0":"post-386363","1":"post","2":"type-post","3":"status-publish","4":"format-standard","5":"has-post-thumbnail","7":"category-ile-de-france","8":"tag-actu","9":"tag-actualite","10":"tag-actualites","11":"tag-adp-aeroports-de-paris","12":"tag-argent","13":"tag-aviation","14":"tag-ecologie","15":"tag-economie","16":"tag-eu","17":"tag-europe","18":"tag-finances-publiques","19":"tag-fr","20":"tag-france","21":"tag-ile-de-france","22":"tag-news","23":"tag-paris","24":"tag-region","25":"tag-republique-francaise","26":"tag-subventions","27":"tag-taxi","28":"tag-transport","29":"tag-valerie-pecresse"},"share_on_mastodon":{"url":"https:\/\/pubeurope.com\/@fr\/115193709304951279","error":""},"_links":{"self":[{"href":"https:\/\/www.europesays.com\/fr\/wp-json\/wp\/v2\/posts\/386363","targetHints":{"allow":["GET"]}}],"collection":[{"href":"https:\/\/www.europesays.com\/fr\/wp-json\/wp\/v2\/posts"}],"about":[{"href":"https:\/\/www.europesays.com\/fr\/wp-json\/wp\/v2\/types\/post"}],"author":[{"embeddable":true,"href":"https:\/\/www.europesays.com\/fr\/wp-json\/wp\/v2\/users\/2"}],"replies":[{"embeddable":true,"href":"https:\/\/www.europesays.com\/fr\/wp-json\/wp\/v2\/comments?post=386363"}],"version-history":[{"count":0,"href":"https:\/\/www.europesays.com\/fr\/wp-json\/wp\/v2\/posts\/386363\/revisions"}],"wp:featuredmedia":[{"embeddable":true,"href":"https:\/\/www.europesays.com\/fr\/wp-json\/wp\/v2\/media\/386364"}],"wp:attachment":[{"href":"https:\/\/www.europesays.com\/fr\/wp-json\/wp\/v2\/media?parent=386363"}],"wp:term":[{"taxonomy":"category","embeddable":true,"href":"https:\/\/www.europesays.com\/fr\/wp-json\/wp\/v2\/categories?post=386363"},{"taxonomy":"post_tag","embeddable":true,"href":"https:\/\/www.europesays.com\/fr\/wp-json\/wp\/v2\/tags?post=386363"}],"curies":[{"name":"wp","href":"https:\/\/api.w.org\/{rel}","templated":true}]}}