{"id":386365,"date":"2025-09-12T22:34:19","date_gmt":"2025-09-12T22:34:19","guid":{"rendered":"https:\/\/www.europesays.com\/fr\/386365\/"},"modified":"2025-09-12T22:34:19","modified_gmt":"2025-09-12T22:34:19","slug":"maire-petitionnaire-trafic-sncf-perturbe-sur-la-ligne-paris-lyon-linfo-a-midi-en-ile-de-france","status":"publish","type":"post","link":"https:\/\/www.europesays.com\/fr\/386365\/","title":{"rendered":"Maire p\u00e9titionnaire, trafic SNCF perturb\u00e9 sur la ligne Paris-Lyon&#8230; L&rsquo;info \u00e0 midi en \u00cele-de-France"},"content":{"rendered":"<p>            Par<br \/>\n        <strong><br \/>\n            <a href=\"https:\/\/actu.fr\/auteur\/redaction-paris\" title=\"Consulter tous les articles de R\u00e9daction Paris\" target=\"_blank\" rel=\"noopener\">R\u00e9daction Paris<\/a><br \/>\n        <\/strong><\/p>\n<p>        Publi\u00e9 le<\/p>\n<p>            12 sept. 2025 \u00e0 12h01        <\/p>\n<p>Le week-end pointe le bout de son nez mais l\u2019actualit\u00e9, elle, ne fait pas de pause. Dans les Yvelines, un maire a lanc\u00e9 une p\u00e9tition pour s\u2019opposer \u00e0 un projet \u00ab\u2009impos\u00e9\u2009\u00bb par le D\u00e9partement dans sa commune. \u00c0 Paris, le trafic des trains est fortement perturb\u00e9 apr\u00e8s un vol de c\u00e2bles. En Seine-et-Marne, l\u2019ouverture d\u2019une cr\u00eaperie r\u00e9jouit les habitants et la municipalit\u00e9\u2026 Voici l\u2019essentiel des actualit\u00e9s \u00e0 retenir ce jeudi 11\u00a0septembre 2025 en <a href=\"https:\/\/actu.fr\/ile-de-france\/\" target=\"_blank\" rel=\"noopener\">\u00cele-de-France<\/a>.<\/p>\n<p>Les informations \u00e0 retenir ce vendredi 12\u00a0septembre 2025, \u00e0 midi, en \u00cele-de-France<\/p>\n<p class=\" wall-content\"><strong>Paris.<\/strong>\u00a0<a title=\"Lire l&#039;article\" href=\"https:\/\/actu.fr\/ile-de-france\/paris_75056\/sncf-fortes-perturbations-sur-la-ligne-paris-lyon-des-trains-detournes-et-des-heures-de-retard_63152513.html\" target=\"_blank\" rel=\"noopener\"><strong>SNCF\u2009: fortes perturbations sur la ligne Paris-Lyon, des trains d\u00e9tourn\u00e9s et des heures de retard<\/strong><\/a><br \/>Le trafic SNCF est fortement perturb\u00e9 ce vendredi 12\u00a0septembre 2025 sur la ligne reliant Paris \u00e0 Lyon apr\u00e8s un vol de c\u00e2bles survenu en Bourgogne.<\/p>\n<p class=\" wall-content\"><strong>Essonne.<\/strong>\u00a0<a title=\"Lire l&#039;article\" href=\"https:\/\/actu.fr\/ile-de-france\/bretigny-sur-orge_91103\/violent-accident-sur-la-n104-en-essonne-huit-blesses-dont-deux-en-urgence-absolue_63152135.html\" target=\"_blank\" rel=\"noopener\"><strong>Violent accident sur la N104\u2009: huit bless\u00e9s, dont deux en urgence absolue<\/strong><\/a><br \/>Ce jeudi 11\u00a0septembre 2025, un grave accident impliquant deux poids lourds, un utilitaire ainsi que deux voitures s\u2019est produit sur la N104 \u00e0 proximit\u00e9 de Br\u00e9tigny-sur-Orge.<\/p>\n<p class=\" wall-content\"><strong>Seine-et-Marne. <\/strong><a title=\"Lire l&#039;article\" href=\"https:\/\/actu.fr\/ile-de-france\/nemours_77333\/notre-plus-beau-projet-a-nemours-une-creperie-avec-vue-sur-le-chateau-et-produits-locaux-ouvre_63151828.html\" target=\"_blank\" rel=\"noopener\"><strong>\u00ab\u2009Notre plus beau projet\u2009\u00bb\u2009: \u00e0 Nemours, une cr\u00eaperie avec vue sur le ch\u00e2teau et produits locaux ouvre<\/strong><\/a><br \/>C\u2019est ouvert\u2009! La tr\u00e8s attendue cr\u00eaperie du ch\u00e2teau, financ\u00e9e par la mairie de Nemours, a accueilli ses premiers clients. Un r\u00eave devenu r\u00e9alit\u00e9 pour Ali et son ma\u00eetre cr\u00eapier.<\/p>\n<p class=\" wall-content\"><strong>Val-d\u2019Oise.\u00a0<\/strong><a title=\"Lire l&#039;article\" href=\"https:\/\/actu.fr\/ile-de-france\/cergy_95127\/defile-de-chars-retraite-aux-flambeaux-ce-village-du-val-doise-en-fete_63149298.html\" target=\"_blank\" rel=\"noopener\"><strong>D\u00e9fil\u00e9 de chars, retraite aux flambeaux\u2009: ce village se pr\u00e9pare \u00e0 la f\u00eate<\/strong><\/a><br \/>Charivari, la f\u00eate de Cergy village, revient les samedi\u00a013 et dimanche 14\u00a0septembre 2025. Cette nouvelle \u00e9dition se tourne vers le fantastique avec un programme riche entre march\u00e9 artisanal, ateliers cr\u00e9atifs et animations en tous genres.<\/p>\n<p class=\" wall-content\"><strong>Yvelines.<\/strong> <a title=\"Lire l&#039;article\" href=\"https:\/\/actu.fr\/ile-de-france\/mantes-la-jolie_78361\/village-pour-mineurs-etrangers-a-mantes-le-maire-lance-une-petition-les-habitants-le-suivront-ils_63151928.html\" target=\"_blank\" rel=\"noopener\"><strong>\u00ab\u2009Village\u2009\u00bb pour mineurs \u00e9trangers \u00e0 Mantes\u2009: le maire lance une p\u00e9tition, les habitants le suivront-ils\u2009?<\/strong><\/a><br \/>Ce 12\u00a0septembre 2025, Rapha\u00ebl Cognet, maire de Mantes-la-Jolie (Yvelines), a ouvert une p\u00e9tition en ligne afin que les habitants le souhaitant expriment leur opposition au projet.<\/p>\n<p>Suivez-nous pour en savoir plus\u2009!<\/p>\n<p class=\" wall-content wall-content wall-content wall-content wall-content\">Vous voulez plus d\u2019infos sur l\u2019\u00cele-de-France\u2009? Vous pouvez nous retrouver sur actu \u00cele-de-France. Pour nous suivre sur les r\u00e9seaux sociaux, dans vos d\u00e9partements\u2009:<\/p>\n<p class=\" wall-content wall-content wall-content wall-content wall-content\"><strong>Paris<\/strong>\u2009: retrouvez\u00a0actu\u00a0Paris\u00a0sur\u00a0<a href=\"https:\/\/www.facebook.com\/actufr.paris\/\" target=\"_blank\" rel=\"noopener\">Facebook<\/a>\u00a0et\u00a0<a href=\"https:\/\/twitter.com\/actufrparis\" target=\"_blank\" rel=\"noopener\">Twitter<\/a>\u2009;<br \/><strong>Seine-et-Marne<\/strong>\u2009: retrouvez\u00a0La R\u00e9publique de Seine-et-Marne (sud) sur\u00a0<a href=\"https:\/\/www.facebook.com\/RepubliqueSeineMarne\/\" target=\"_blank\" rel=\"noopener\">Facebook<\/a>\u00a0et\u00a0<a href=\"https:\/\/twitter.com\/LaRep77\" target=\"_blank\" rel=\"noopener\">Twitter<\/a>\u2009; La Marne (nord) sur\u00a0<a href=\"https:\/\/www.facebook.com\/journallarmarne\/?__tn__=%2Cd%2CP-R&amp;eid=ARDLZc91LaHbXzDwChLLLQJVMBLx_ABJremTC2-RG0CYvg0f4f8CLvbV5G1Lli4g_6QoXDcKkU1_LX1W\" target=\"_blank\" rel=\"noopener\">Facebook<\/a>\u00a0et\u00a0<a href=\"https:\/\/twitter.com\/JournalLaMarne\" target=\"_blank\" rel=\"noopener\">Twitter<\/a>\u2009; et\u00a0Le Pays Briard\u00a0sur\u00a0<a href=\"https:\/\/www.facebook.com\/LePaysBriard\/?ref=bookmarks\" target=\"_blank\" rel=\"noopener\">Facebook<\/a>\u00a0et\u00a0<a href=\"https:\/\/twitter.com\/LePaysBriard\" target=\"_blank\" rel=\"noopener\">Twitter<\/a>\u2009;<br \/><strong>Yvelines\u2009:<\/strong> retrouvez\u00a078actu\u00a0sur\u00a0<a href=\"https:\/\/www.facebook.com\/78actu\/\" target=\"_blank\" rel=\"noopener\">Facebook<\/a>\u00a0et\u00a0<a href=\"https:\/\/x.com\/78actu\">Twitter<\/a>\u2009;<br \/><strong>Essonne\u2009:<\/strong> retrouvez\u00a0actu Essonne\u00a0sur\u00a0<a href=\"https:\/\/www.facebook.com\/actuessonne\/?ref=br_rs\" target=\"_blank\" rel=\"noopener\">Facebook<\/a>\u00a0et\u00a0<a href=\"https:\/\/twitter.com\/ActuEssonne\" target=\"_blank\" rel=\"noopener\">Twitter<\/a>\u2009;<br \/><strong>Hauts-de-Seine\u2009:<\/strong> retrouvez\u00a0actu\u00a0Hauts-de-Seine\u00a0sur\u00a0<a href=\"https:\/\/www.facebook.com\/actufr.hautsdeseine\/\" target=\"_blank\" rel=\"noopener\">Facebook<\/a>\u00a0et\u00a0<a href=\"https:\/\/twitter.com\/actufr92\" target=\"_blank\" rel=\"noopener\">Twitter<\/a>\u2009;<br \/><strong>Seine-Saint-Denis\u2009:<\/strong> retrouvez actu Seine-Saint-Denis sur\u00a0<a href=\"https:\/\/www.facebook.com\/actufr.seinesaintdenis\/\" target=\"_blank\" rel=\"noopener\">Facebook<\/a>\u00a0et\u00a0<a href=\"https:\/\/x.com\/Actufr93\">Twitter<\/a>\u2009;<br \/><strong>Val-de-Marne\u2009: <\/strong>retrouvez actu Val-de-Marne sur\u00a0<a href=\"https:\/\/www.facebook.com\/actu94.valdemarne\/\" target=\"_blank\" rel=\"noopener\">Facebook<\/a>\u00a0et\u00a0<a href=\"https:\/\/x.com\/actufr94\">Twitter<\/a>\u2009;<br \/><strong>Val-d\u2019Oise\u2009: <\/strong>retrouvez La Gazette du Val-d\u2019Oise sur\u00a0<a href=\"https:\/\/x.com\/actufr94\">Twitter<\/a><\/p>\n<p class=\" wall-content\">Personnalisez votre actualit\u00e9 en ajoutant vos villes et m\u00e9dias en favori avec <a href=\"https:\/\/moncompte.actu.fr\" title=\"D\u00e9couvez Mon Actu\" rel=\"nofollow noopener\" data-trk=\"{&quot;cta&quot;:{&quot;action&quot;:&quot;https:\\\/\\\/moncompte.actu.fr&quot;,&quot;category&quot;:&quot;mon compte&quot;,&quot;from&quot;:&quot;article footer&quot;,&quot;name&quot;:&quot;Mon actu&quot;,&quot;type&quot;:&quot;cta&quot;}}\" target=\"_blank\">Mon Actu<\/a>.<\/p>\n<p>                    <script async src=\"https:\/\/platform.twitter.com\/widgets.js\" charset=\"utf-8\"><\/script><\/p>\n","protected":false},"excerpt":{"rendered":"Par R\u00e9daction Paris Publi\u00e9 le 12 sept. 2025 \u00e0 12h01 Le week-end pointe le bout de son nez&hellip;\n","protected":false},"author":2,"featured_media":386366,"comment_status":"","ping_status":"","sticky":false,"template":"","format":"standard","meta":{"footnotes":""},"categories":[1592],"tags":[119,1111,11,1777,674,1011,27,662,12,626,25,2215,104],"class_list":{"0":"post-386365","1":"post","2":"type-post","3":"status-publish","4":"format-standard","5":"has-post-thumbnail","7":"category-ile-de-france","8":"tag-accident","9":"tag-actu","10":"tag-actualites","11":"tag-eu","12":"tag-europe","13":"tag-fr","14":"tag-france","15":"tag-ile-de-france","16":"tag-news","17":"tag-paris","18":"tag-republique-francaise","19":"tag-sncf","20":"tag-societe"},"share_on_mastodon":{"url":"https:\/\/pubeurope.com\/@fr\/115193713075915001","error":""},"_links":{"self":[{"href":"https:\/\/www.europesays.com\/fr\/wp-json\/wp\/v2\/posts\/386365","targetHints":{"allow":["GET"]}}],"collection":[{"href":"https:\/\/www.europesays.com\/fr\/wp-json\/wp\/v2\/posts"}],"about":[{"href":"https:\/\/www.europesays.com\/fr\/wp-json\/wp\/v2\/types\/post"}],"author":[{"embeddable":true,"href":"https:\/\/www.europesays.com\/fr\/wp-json\/wp\/v2\/users\/2"}],"replies":[{"embeddable":true,"href":"https:\/\/www.europesays.com\/fr\/wp-json\/wp\/v2\/comments?post=386365"}],"version-history":[{"count":0,"href":"https:\/\/www.europesays.com\/fr\/wp-json\/wp\/v2\/posts\/386365\/revisions"}],"wp:featuredmedia":[{"embeddable":true,"href":"https:\/\/www.europesays.com\/fr\/wp-json\/wp\/v2\/media\/386366"}],"wp:attachment":[{"href":"https:\/\/www.europesays.com\/fr\/wp-json\/wp\/v2\/media?parent=386365"}],"wp:term":[{"taxonomy":"category","embeddable":true,"href":"https:\/\/www.europesays.com\/fr\/wp-json\/wp\/v2\/categories?post=386365"},{"taxonomy":"post_tag","embeddable":true,"href":"https:\/\/www.europesays.com\/fr\/wp-json\/wp\/v2\/tags?post=386365"}],"curies":[{"name":"wp","href":"https:\/\/api.w.org\/{rel}","templated":true}]}}