{"id":386371,"date":"2025-09-12T22:37:10","date_gmt":"2025-09-12T22:37:10","guid":{"rendered":"https:\/\/www.europesays.com\/fr\/386371\/"},"modified":"2025-09-12T22:37:10","modified_gmt":"2025-09-12T22:37:10","slug":"boutique-hotel-4-etoiles-56-chambres-paris-2-recherche","status":"publish","type":"post","link":"https:\/\/www.europesays.com\/fr\/386371\/","title":{"rendered":"Boutique h\u00f4tel, 4 \u00e9toiles, 56 chambres, Paris 2, recherche"},"content":{"rendered":"<p id=\"offerText\" class=\" keep-format p-0\">Boutique h\u00f4tel, 4 \u00e9toiles, 56 chambres, Paris 2, recherche r\u00e9ceptionniste de jour H\/F bel environnement, \u00e9quipe sympa !&#13;<br \/>\nNous recherchons un personne dynamique, parlant Anglais et plus \u00e9ventuellement, avec le plaisir du service.&#13;<br \/>\nPlanning cyclique de 39h, fin des shifts max 20h et 1 week-end sur deux de repos.&#13;<br \/>\nSalaire int\u00e9ressant avec 13i\u00e8me mois. &#13;<br \/>\nPMS utilis\u00e9 : M\u00e9dialog<\/p>\n","protected":false},"excerpt":{"rendered":"Boutique h\u00f4tel, 4 \u00e9toiles, 56 chambres, Paris 2, recherche r\u00e9ceptionniste de jour H\/F bel environnement, \u00e9quipe sympa !&#13;&hellip;\n","protected":false},"author":2,"featured_media":3470,"comment_status":"","ping_status":"","sticky":false,"template":"","format":"standard","meta":{"footnotes":""},"categories":[1888],"tags":[11,1777,674,1011,27,12,626,25],"class_list":{"0":"post-386371","1":"post","2":"type-post","3":"status-publish","4":"format-standard","5":"has-post-thumbnail","7":"category-paris","8":"tag-actualites","9":"tag-eu","10":"tag-europe","11":"tag-fr","12":"tag-france","13":"tag-news","14":"tag-paris","15":"tag-republique-francaise"},"share_on_mastodon":{"url":"https:\/\/pubeurope.com\/@fr\/115193724785042594","error":""},"_links":{"self":[{"href":"https:\/\/www.europesays.com\/fr\/wp-json\/wp\/v2\/posts\/386371","targetHints":{"allow":["GET"]}}],"collection":[{"href":"https:\/\/www.europesays.com\/fr\/wp-json\/wp\/v2\/posts"}],"about":[{"href":"https:\/\/www.europesays.com\/fr\/wp-json\/wp\/v2\/types\/post"}],"author":[{"embeddable":true,"href":"https:\/\/www.europesays.com\/fr\/wp-json\/wp\/v2\/users\/2"}],"replies":[{"embeddable":true,"href":"https:\/\/www.europesays.com\/fr\/wp-json\/wp\/v2\/comments?post=386371"}],"version-history":[{"count":0,"href":"https:\/\/www.europesays.com\/fr\/wp-json\/wp\/v2\/posts\/386371\/revisions"}],"wp:featuredmedia":[{"embeddable":true,"href":"https:\/\/www.europesays.com\/fr\/wp-json\/wp\/v2\/media\/3470"}],"wp:attachment":[{"href":"https:\/\/www.europesays.com\/fr\/wp-json\/wp\/v2\/media?parent=386371"}],"wp:term":[{"taxonomy":"category","embeddable":true,"href":"https:\/\/www.europesays.com\/fr\/wp-json\/wp\/v2\/categories?post=386371"},{"taxonomy":"post_tag","embeddable":true,"href":"https:\/\/www.europesays.com\/fr\/wp-json\/wp\/v2\/tags?post=386371"}],"curies":[{"name":"wp","href":"https:\/\/api.w.org\/{rel}","templated":true}]}}