{"id":386374,"date":"2025-09-12T22:39:11","date_gmt":"2025-09-12T22:39:11","guid":{"rendered":"https:\/\/www.europesays.com\/fr\/386374\/"},"modified":"2025-09-12T22:39:11","modified_gmt":"2025-09-12T22:39:11","slug":"lenvoye-russe-a-lonu-nie-categoriquement-lenvoi-de-drones-au-dessus-de-la-pologne","status":"publish","type":"post","link":"https:\/\/www.europesays.com\/fr\/386374\/","title":{"rendered":"l\u2019envoy\u00e9 russe \u00e0 l\u2019ONU nie cat\u00e9goriquement l\u2019envoi de drones au-dessus de la Pologne"},"content":{"rendered":"<p>Au micro des Nations unies, la Russie a d\u00e9clar\u00e9 que ses forces attaquaient l\u2019Ukraine au moment des incursions de drones et qu\u2019elle n\u2019avait pas l\u2019intention de frapper des cibles en Pologne.<\/p>\n<p class=\"fig-paragraph\">Alors que l\u2019Assembl\u00e9e g\u00e9n\u00e9rale de l\u2019ONU s\u2019est tenue \u00e0 New York ce vendredi, l\u2019envoy\u00e9 russe aupr\u00e8s des Nations unies a affirm\u00e9 que son pays n\u2019avait pas\u00a0<a href=\"http:\/\/www.lefigaro.fr\/international\/la-pologne-a-cran-apres-cette-nuit-du-9-septembre-ou-les-drones-russes-l-ont-agressee-20250910\" data-fig-type=\"Article\" data-gtm-custom-categorie=\"navigation\" data-gtm-custom-action=\"crossclick\" data-gtm-custom-label=\"Contextuel\" data-gtm-event=\"customEventSPE\" data-fig-domain=\"LEFIGARO\" target=\"_blank\" rel=\"noopener\">vis\u00e9 la Pologne<\/a>\u00a0et qu\u2019il \u00e9tait \u00abphysiquement impossible\u00bb que des drones russes atteignent le territoire polonais. \u00abAucune cible n\u2019\u00e9tait marqu\u00e9e sur le territoire polonais\u00bb, a d\u00e9clar\u00e9 Vassily Nebenzia, ajoutant que \u00abla port\u00e9e maximale des drones utilis\u00e9s lors de cette frappe ne d\u00e9passait pas 700 kilom\u00e8tres, ce qui rend physiquement impossible leur atteinte du territoire polonais\u00bb. Il a ajout\u00e9 que Moscou \u00e9tait dispos\u00e9 \u00e0 discuter avec la Pologne \u00absi la partie polonaise souhaite effectivement apaiser les tensions plut\u00f4t que les attiser\u00bb.<\/p>\n<p class=\"fig-paragraph\">Les \u00c9tats-Unis ont d\u00e9clar\u00e9 vendredi au Conseil de s\u00e9curit\u00e9 des Nations unies qu\u2019ils \u00abd\u00e9fendraient chaque centim\u00e8tre du territoire de l\u2019Otan\u00bb apr\u00e8s une incursion russe pr\u00e9sum\u00e9e en Pologne. \u00abLes \u00c9tats-Unis soutiennent leurs alli\u00e9s de l\u2019Otan face \u00e0 ces violations alarmantes de l\u2019espace a\u00e9rien\u00bb, a d\u00e9clar\u00e9 l\u2019ambassadrice par int\u00e9rim des \u00c9tats-Unis aupr\u00e8s de l\u2019ONU, Dorothy Shea, devant l\u2019organisation de 15 membres. Ces propos semblent viser \u00e0 apaiser les alli\u00e9s de Washington au sein de l\u2019Otan, apr\u00e8s que le pr\u00e9sident am\u00e9ricain Donald Trump a d\u00e9clar\u00e9 jeudi que l\u2019incursion pr\u00e9sum\u00e9e de drones russes en Pologne\u00a0<a href=\"http:\/\/www.lefigaro.fr\/flash-actu\/pour-donald-trump-l-intrusion-de-drones-en-pologne-est-peut-etre-une-erreur-de-la-russie-20250911\" data-fig-type=\"NewsFlash\" data-gtm-custom-categorie=\"navigation\" data-gtm-custom-action=\"crossclick\" data-gtm-custom-label=\"Contextuel\" data-gtm-event=\"customEventSPE\" data-fig-domain=\"LEFIGARO\" target=\"_blank\" rel=\"noopener\">pourrait \u00eatre une erreur<\/a>.<\/p>\n<p>                                    <a class=\"fig-a11y-skip a11y-hidden\" href=\"#fig-a11y-skip-main-inarticle\"><br \/>\n        Passer la publicit\u00e9<br \/>\n    <\/a><\/p>\n<p class=\"fig-paragraph\">L\u2019ambassadeur de la Slov\u00e9nie aupr\u00e8s de l\u2019ONU, Samuel Zbogar, a d\u00e9clar\u00e9 au Conseil de s\u00e9curit\u00e9\u00a0: \u00abIl s\u2019agit d\u2019actes agressifs et dangereux, car il est difficile d\u2019imaginer qu\u2019autant de drones aient survol\u00e9 si profond\u00e9ment le territoire polonais, sans le vouloir\u00bb.<\/p>\n<p>Op\u00e9ration \u00absentinelle orientale\u00bb<\/p>\n<p class=\"fig-paragraph\">Les \u00c9tats-Unis se sont \u00e9galement joints \u00e0 leurs alli\u00e9s occidentaux dans une d\u00e9claration commune vendredi pour exprimer leur inqui\u00e9tude face \u00e0 l\u2019incursion de drones russes et accuser Moscou de violer le droit international et la Charte fondatrice de l\u2019ONU. La d\u00e9claration, lue par le secr\u00e9taire d\u2019\u00c9tat polonais Marcin Bosacki avant la r\u00e9union du Conseil de s\u00e9curit\u00e9, appelle \u00e9galement la Russie \u00e0 mettre fin \u00e0 \u00absa guerre d\u2019agression contre l\u2019Ukraine\u00bb et \u00e0 renoncer \u00e0 toute nouvelle provocation.<\/p>\n<p class=\"fig-paragraph\">Dans la nuit de mardi \u00e0 mercredi, des F-16 et F-35 polonais et n\u00e9erlandais ont abattu au moins trois drones sur les 19 ayant p\u00e9n\u00e9tr\u00e9 dans l\u2019espace a\u00e9rien polonais, une premi\u00e8re\u00a0<a href=\"http:\/\/www.lefigaro.fr\/international\/drones-russes-en-pologne-poutine-enclenche-l-escalade-l-otan-vit-son-premier-test-historique-20250910\" data-fig-type=\"Article\" data-gtm-custom-categorie=\"navigation\" data-gtm-custom-action=\"crossclick\" data-gtm-custom-label=\"Contextuel\" data-gtm-event=\"customEventSPE\" data-fig-domain=\"LEFIGARO\" target=\"_blank\" rel=\"noopener\">dans l\u2019histoire de l\u2019Otan<\/a>. Ce vendredi, l\u2019alliance a annonc\u00e9 le lancement d\u2019une op\u00e9ration pour \u00abrenforcer encore davantage notre posture le long de notre flanc oriental\u00bb, a affirm\u00e9 devant la presse \u00e0 Bruxelles le secr\u00e9taire g\u00e9n\u00e9ral de l\u2019Alliance atlantique, Mark Rutte.<\/p>\n<p class=\"fig-paragraph\">L\u2019ordre a d\u2019ores et d\u00e9j\u00e0 \u00e9t\u00e9 donn\u00e9 de lancer cette op\u00e9ration baptis\u00e9e \u00absentinelle orientale\u00bb, a pr\u00e9cis\u00e9 de son c\u00f4t\u00e9 le commandant supr\u00eame des forces alli\u00e9es en Europe, le g\u00e9n\u00e9ral am\u00e9ricain Alexus Grynkevich. Elle d\u00e9butera concr\u00e8tement \u00abdans les jours \u00e0 venir\u00bb et comprendra des contributions provenant de plusieurs pays de l\u2019Alliance , \u00abnotamment le Danemark, la France, le Royaume-Uni, l\u2019Allemagne et d\u2019autres\u00bb, a ajout\u00e9 Mark Rutte.<\/p>\n","protected":false},"excerpt":{"rendered":"Au micro des Nations unies, la Russie a d\u00e9clar\u00e9 que ses forces attaquaient l\u2019Ukraine au moment des incursions&hellip;\n","protected":false},"author":2,"featured_media":386375,"comment_status":"","ping_status":"","sticky":false,"template":"","format":"standard","meta":{"footnotes":""},"categories":[1591],"tags":[11,2024,1887,12,3521,2437,1885,1886,132],"class_list":{"0":"post-386374","1":"post","2":"type-post","3":"status-publish","4":"format-standard","5":"has-post-thumbnail","7":"category-russie","8":"tag-actualites","9":"tag-drones","10":"tag-federation-de-russie","11":"tag-news","12":"tag-onu","13":"tag-pologne","14":"tag-russia","15":"tag-russian-federation","16":"tag-russie"},"share_on_mastodon":{"url":"https:\/\/pubeurope.com\/@fr\/115193732602203719","error":""},"_links":{"self":[{"href":"https:\/\/www.europesays.com\/fr\/wp-json\/wp\/v2\/posts\/386374","targetHints":{"allow":["GET"]}}],"collection":[{"href":"https:\/\/www.europesays.com\/fr\/wp-json\/wp\/v2\/posts"}],"about":[{"href":"https:\/\/www.europesays.com\/fr\/wp-json\/wp\/v2\/types\/post"}],"author":[{"embeddable":true,"href":"https:\/\/www.europesays.com\/fr\/wp-json\/wp\/v2\/users\/2"}],"replies":[{"embeddable":true,"href":"https:\/\/www.europesays.com\/fr\/wp-json\/wp\/v2\/comments?post=386374"}],"version-history":[{"count":0,"href":"https:\/\/www.europesays.com\/fr\/wp-json\/wp\/v2\/posts\/386374\/revisions"}],"wp:featuredmedia":[{"embeddable":true,"href":"https:\/\/www.europesays.com\/fr\/wp-json\/wp\/v2\/media\/386375"}],"wp:attachment":[{"href":"https:\/\/www.europesays.com\/fr\/wp-json\/wp\/v2\/media?parent=386374"}],"wp:term":[{"taxonomy":"category","embeddable":true,"href":"https:\/\/www.europesays.com\/fr\/wp-json\/wp\/v2\/categories?post=386374"},{"taxonomy":"post_tag","embeddable":true,"href":"https:\/\/www.europesays.com\/fr\/wp-json\/wp\/v2\/tags?post=386374"}],"curies":[{"name":"wp","href":"https:\/\/api.w.org\/{rel}","templated":true}]}}