{"id":386378,"date":"2025-09-12T22:41:14","date_gmt":"2025-09-12T22:41:14","guid":{"rendered":"https:\/\/www.europesays.com\/fr\/386378\/"},"modified":"2025-09-12T22:41:14","modified_gmt":"2025-09-12T22:41:14","slug":"liphone-17-pro-aux-usa-retrouve-sa-petite-fenetre-pour-la-5g-millimetrique","status":"publish","type":"post","link":"https:\/\/www.europesays.com\/fr\/386378\/","title":{"rendered":"L\u2019iPhone 17 Pro aux USA retrouve sa petite fen\u00eatre pour la 5G millim\u00e9trique"},"content":{"rendered":"<p>Depuis l\u2019iPhone 12 Pro, les versions haut de gamme de l\u2019iPhone r\u00e9serv\u00e9es \u00e0 l\u2019Am\u00e9rique du Nord ont ce petit quelque chose de sp\u00e9cial par rapport aux autres : la pr\u00e9sence d\u2019une antenne permettant d\u2019utiliser la 5G millim\u00e9trique.<\/p>\n<p><img decoding=\"async\" loading=\"lazy\" src=\"https:\/\/www.europesays.com\/fr\/wp-content\/uploads\/2025\/09\/mg-89b242ec-w1600-w828-w1300.jpg\"   data-jslghtbx=\"https:\/\/cdn.mgig.fr\/2025\/09\/mg-89b242ec-w1600.jpg\"\/>L\u2019antenne r\u00e9serv\u00e9e \u00e0 la 5G millim\u00e9trique est maintenant sur le dessus. Image Apple.<\/p>\n<p>Sur chaque g\u00e9n\u00e9ration depuis, ces t\u00e9l\u00e9phones \u00e9taient rep\u00e9rables \u00e0 une petite fen\u00eatre plastifi\u00e9e sur le c\u00f4t\u00e9 de l\u2019appareil, derri\u00e8re laquelle se trouvait l\u2019antenne. Pour l\u2019iPhone 16 Pro, Apple avait r\u00e9ussi \u00e0 supprimer cette petite fen\u00eatre, cachant l\u2019antenne derri\u00e8re la vitre arri\u00e8re, mais le corps Unibody de l\u2019iPhone 17 Pro ne permet plus ce tour de passe-passe.<\/p>\n<p><img decoding=\"async\" loading=\"lazy\" src=\"https:\/\/www.europesays.com\/fr\/wp-content\/uploads\/2025\/09\/mg-dee6a256-w1600-w828-w1300.jpg\"   data-jslghtbx=\"https:\/\/cdn.mgig.fr\/2025\/09\/mg-dee6a256-w1600.jpg\"\/>L\u2019antenne 5G millim\u00e9trique de l\u2019iPhone 16 Pro, coll\u00e9e sur l\u2019\u00e9couteur. Image iFixit.<\/p>\n<p>En effet, cette gamme de fr\u00e9quence n\u00e9cessite non seulement une antenne sp\u00e9cifique, qui s\u2019accommode difficilement des formes utilis\u00e9es habituellement par Apple pour les cacher dans le pourtour du smartphone, mais en plus elles ne supportent pas la moindre pr\u00e9sence de m\u00e9tal entre elles et l\u2019\u00e9metteur. Les iPhone du 12 Pro jusqu\u2019au 15 Pro utilisaient une petite fen\u00eatre en plastique, qui fait donc son retour avec l\u2019iPhone 17 Pro, permettant ainsi aux ondes millim\u00e9triques de rejoindre l\u2019antenne idoine.<\/p>\n<p>Et le reste du monde\u00a0? Les USA \u00e9tant quasiment les seuls \u00e0 proposer commercialement la 5G millim\u00e9trique, Apple n\u2019inclut pas cette antenne dans les smartphones destin\u00e9s aux autres pays. Cette petite fen\u00eatre n\u2019appara\u00eet donc pas pour le reste de la plan\u00e8te, y compris en France.<\/p>\n","protected":false},"excerpt":{"rendered":"Depuis l\u2019iPhone 12 Pro, les versions haut de gamme de l\u2019iPhone r\u00e9serv\u00e9es \u00e0 l\u2019Am\u00e9rique du Nord ont ce&hellip;\n","protected":false},"author":2,"featured_media":386379,"comment_status":"","ping_status":"","sticky":false,"template":"","format":"standard","meta":{"footnotes":""},"categories":[1589],"tags":[51900,51898,11,73,1866,51899,12,1864,1865,1863,308],"class_list":{"0":"post-386378","1":"post","2":"type-post","3":"status-publish","4":"format-standard","5":"has-post-thumbnail","7":"category-etats-unis","8":"tag-5g-millimetrique","9":"tag-5g-ntn","10":"tag-actualites","11":"tag-etats-unis","12":"tag-etats-unis-damerique","13":"tag-iphone-17-pro","14":"tag-news","15":"tag-united-states","16":"tag-united-states-of-america","17":"tag-us","18":"tag-usa"},"share_on_mastodon":{"url":"https:\/\/pubeurope.com\/@fr\/115193741624830164","error":""},"_links":{"self":[{"href":"https:\/\/www.europesays.com\/fr\/wp-json\/wp\/v2\/posts\/386378","targetHints":{"allow":["GET"]}}],"collection":[{"href":"https:\/\/www.europesays.com\/fr\/wp-json\/wp\/v2\/posts"}],"about":[{"href":"https:\/\/www.europesays.com\/fr\/wp-json\/wp\/v2\/types\/post"}],"author":[{"embeddable":true,"href":"https:\/\/www.europesays.com\/fr\/wp-json\/wp\/v2\/users\/2"}],"replies":[{"embeddable":true,"href":"https:\/\/www.europesays.com\/fr\/wp-json\/wp\/v2\/comments?post=386378"}],"version-history":[{"count":0,"href":"https:\/\/www.europesays.com\/fr\/wp-json\/wp\/v2\/posts\/386378\/revisions"}],"wp:featuredmedia":[{"embeddable":true,"href":"https:\/\/www.europesays.com\/fr\/wp-json\/wp\/v2\/media\/386379"}],"wp:attachment":[{"href":"https:\/\/www.europesays.com\/fr\/wp-json\/wp\/v2\/media?parent=386378"}],"wp:term":[{"taxonomy":"category","embeddable":true,"href":"https:\/\/www.europesays.com\/fr\/wp-json\/wp\/v2\/categories?post=386378"},{"taxonomy":"post_tag","embeddable":true,"href":"https:\/\/www.europesays.com\/fr\/wp-json\/wp\/v2\/tags?post=386378"}],"curies":[{"name":"wp","href":"https:\/\/api.w.org\/{rel}","templated":true}]}}