{"id":386382,"date":"2025-09-12T22:43:15","date_gmt":"2025-09-12T22:43:15","guid":{"rendered":"https:\/\/www.europesays.com\/fr\/386382\/"},"modified":"2025-09-12T22:43:15","modified_gmt":"2025-09-12T22:43:15","slug":"basket-ball-lallemagne-met-fin-au-reve-de-la-finlande-et-se-qualifie-pour-la-finale-de-leuro","status":"publish","type":"post","link":"https:\/\/www.europesays.com\/fr\/386382\/","title":{"rendered":"Basket-Ball. L&rsquo;Allemagne met fin au r\u00eave de la Finlande et se qualifie pour la finale de l&rsquo;Euro"},"content":{"rendered":"<p>Fin du r\u00eave pour la Finlande. Qualifi\u00e9e pour sa premi\u00e8re demi-finale de l&rsquo;Euro de basket, la s\u00e9lection finlandaise est tomb\u00e9e face \u00e0 l&rsquo;Allemagne, championne du monde en titre, vendredi (98-86) \u00e0 Riga, en Lettonie.<\/p>\n<p>La Mannschaft, port\u00e9e par Franz Wagner et Dennis Schr\u00f6der, retrouve la\u00a0finale europ\u00e9enne pour la premi\u00e8re fois depuis 20 ans et une finale perdue contre la Gr\u00e8ce.\u00a0<\/p>\n<p>La Finlande a pay\u00e9 un deuxi\u00e8me quart-temps difficile<\/p>\n<p>Qu&rsquo;importe son adversaire dimanche, la Gr\u00e8ce, justement, ou la Turquie &#8211; qui s&rsquo;affrontent vendredi soir &#8211; la s\u00e9lection titr\u00e9e au Mondial-2023 fera certainement figure de favorite tellement elle a su se montrer intraitable tout au long de l&rsquo;\u00e9preuve (aucune d\u00e9faite et meilleure attaque).<\/p>\n<p>La Finlande, <a href=\"https:\/\/www.leprogres.fr\/sport\/2025\/09\/06\/la-serbie-grande-favorite-de-l-euro-est-eliminee\" target=\"_blank\" rel=\"nofollow noopener\">surprenant et m\u00e9ritant demi-finaliste en a encore fait les frais<\/a>, malgr\u00e9 une fin de troisi\u00e8me quart-temps qui a un temps laiss\u00e9 r\u00eaver \u00e0 une remont\u00e9e fantastique et un nouvel exploit. Coupable notamment d&rsquo;un deuxi\u00e8me quart-temps tr\u00e8s compliqu\u00e9, et victime en prime de l&rsquo;efficacit\u00e9 et la belle adresse adverse &#8211; 8\/16 \u00e0 50% de r\u00e9ussite \u00e0 3 points \u00e0 la pause &#8211; la s\u00e9lection emmen\u00e9e par la vedette Lauri Markkanen, plus discret (16 pts, 8 rebonds), comptait d\u00e9j\u00e0 14 points de retard \u00e0 la mi-temps (61-47).<\/p>\n<p>Objectif podium pour la Finlande<\/p>\n<p>La belle partition d&rsquo;Olivier Nkamhoua (21 pts, 9 rebonds, 3 passes), suivie de peu par le tir prim\u00e9 d&rsquo;Edon Maxhuni, les a ramen\u00e9s un court instant \u00e0 six unit\u00e9s (77-71) en fin d&rsquo;un troisi\u00e8me quart-temps au cours duquel les Finlandais ont accus\u00e9 18 points de retard.<\/p>\n<p>Ce contenu est bloqu\u00e9 car vous n&rsquo;avez pas accept\u00e9 les cookies et autres traceurs.<\/p>\n<p>En cliquant sur \u00ab J\u2019accepte \u00bb, les cookies et autres traceurs seront d\u00e9pos\u00e9s et vous pourrez visualiser les contenus  (<a href=\"\" class=\"consentModule_policy\" target=\"_blank\" title=\"Consulter la politique de protection des donn\u00e9es du fournisseur\">plus d&rsquo;informations<\/a>).<\/p>\n<p>En cliquant sur \u00ab J\u2019accepte tous les cookies \u00bb, vous autorisez des d\u00e9p\u00f4ts de cookies et autres traceurs pour le stockage de vos donn\u00e9es sur nos sites et applications \u00e0 des fins de personnalisation et de ciblage publicitaire.<\/p>\n<p class=\"consentModule_secondaryText\">Vous gardez la possibilit\u00e9 de retirer votre consentement \u00e0 tout moment en consultant notre <a href=\"https:\/\/www.leprogres.fr\/protection-des-donnees\" target=\"_blank\" title=\"Consulter notre politique de protection des donn\u00e9es\" rel=\"nofollow noopener\">politique de protection des donn\u00e9es<\/a>. <br \/>&#13;<br \/>\n            <a href=\"https:\/\/www.leprogres.fr\/sport\/2025\/09\/12\/javascript:Didomi.notice.show()\" class=\"consentModule_cmp\" rel=\"nofollow noopener\" target=\"_blank\">G\u00e9rer mes choix<\/a>&#13;\n        <\/p>\n<p>&#13;<br \/>\n                        J&rsquo;accepte&#13;<br \/>\n            J&rsquo;accepte tous les cookies&#13;\n        <\/p>\n<p>Une r\u00e9volte qui n&rsquo;a pas \u00e9t\u00e9 suivie d&rsquo;effet. De trois tirs prim\u00e9s cons\u00e9cutifs, les co\u00e9quipiers de Daniel Theis ont remis un dernier coup d&rsquo;acc\u00e9l\u00e9rateur pour filer \u00e0 grande vitesse vers la finale.<\/p>\n<p>Pr\u00e9sents dans le dernier carr\u00e9 pour la premi\u00e8re fois, apr\u00e8s avoir notamment \u00e9cart\u00e9 la Serbie, les Finlandais tenteront d&rsquo;accrocher le podium dimanche.<\/p>\n","protected":false},"excerpt":{"rendered":"Fin du r\u00eave pour la Finlande. Qualifi\u00e9e pour sa premi\u00e8re demi-finale de l&rsquo;Euro de basket, la s\u00e9lection finlandaise&hellip;\n","protected":false},"author":2,"featured_media":386383,"comment_status":"","ping_status":"","sticky":false,"template":"","format":"standard","meta":{"footnotes":""},"categories":[1587],"tags":[11,672,1791,1804,1805,1803,1777,674,107,1801,12,1802,517],"class_list":{"0":"post-386382","1":"post","2":"type-post","3":"status-publish","4":"format-standard","5":"has-post-thumbnail","7":"category-allemagne","8":"tag-actualites","9":"tag-allemagne","10":"tag-basket-ball","11":"tag-bundesrepublik-deutschland","12":"tag-de","13":"tag-deutschland","14":"tag-eu","15":"tag-europe","16":"tag-fil-info","17":"tag-germany","18":"tag-news","19":"tag-republique-federale-dallemagne","20":"tag-sport"},"share_on_mastodon":{"url":"https:\/\/pubeurope.com\/@fr\/115193748408097559","error":""},"_links":{"self":[{"href":"https:\/\/www.europesays.com\/fr\/wp-json\/wp\/v2\/posts\/386382","targetHints":{"allow":["GET"]}}],"collection":[{"href":"https:\/\/www.europesays.com\/fr\/wp-json\/wp\/v2\/posts"}],"about":[{"href":"https:\/\/www.europesays.com\/fr\/wp-json\/wp\/v2\/types\/post"}],"author":[{"embeddable":true,"href":"https:\/\/www.europesays.com\/fr\/wp-json\/wp\/v2\/users\/2"}],"replies":[{"embeddable":true,"href":"https:\/\/www.europesays.com\/fr\/wp-json\/wp\/v2\/comments?post=386382"}],"version-history":[{"count":0,"href":"https:\/\/www.europesays.com\/fr\/wp-json\/wp\/v2\/posts\/386382\/revisions"}],"wp:featuredmedia":[{"embeddable":true,"href":"https:\/\/www.europesays.com\/fr\/wp-json\/wp\/v2\/media\/386383"}],"wp:attachment":[{"href":"https:\/\/www.europesays.com\/fr\/wp-json\/wp\/v2\/media?parent=386382"}],"wp:term":[{"taxonomy":"category","embeddable":true,"href":"https:\/\/www.europesays.com\/fr\/wp-json\/wp\/v2\/categories?post=386382"},{"taxonomy":"post_tag","embeddable":true,"href":"https:\/\/www.europesays.com\/fr\/wp-json\/wp\/v2\/tags?post=386382"}],"curies":[{"name":"wp","href":"https:\/\/api.w.org\/{rel}","templated":true}]}}