{"id":386386,"date":"2025-09-12T22:45:17","date_gmt":"2025-09-12T22:45:17","guid":{"rendered":"https:\/\/www.europesays.com\/fr\/386386\/"},"modified":"2025-09-12T22:45:17","modified_gmt":"2025-09-12T22:45:17","slug":"comment-la-justice-europeenne-a-valide-le-transfert-de-vos-donnees-personnelles-vers-les-etats-unis","status":"publish","type":"post","link":"https:\/\/www.europesays.com\/fr\/386386\/","title":{"rendered":"Comment la justice europ\u00e9enne a valid\u00e9 le transfert de vos donn\u00e9es personnelles vers les \u00c9tats-Unis"},"content":{"rendered":"<p><strong>D\u00c9CRYPTAGE <\/strong>&#8211; Au terme d\u2019un long processus judiciaire et politique, la justice de l\u2019Union a valid\u00e9 la troisi\u00e8me version du cadre l\u00e9gal r\u00e9gissant le transfert des donn\u00e9es personnelles europ\u00e9ennes vers les \u00c9tats-Unis.<\/p>\n<p class=\"fig-paragraph\">La souverainet\u00e9 num\u00e9rique de l\u2019Union europ\u00e9enne s\u2019\u00e9loigne encore un peu plus. Le 3 septembre dernier, le Tribunal bas\u00e9 \u00e0 Luxembourg, autrefois connu sous le nom de Tribunal de premi\u00e8re instance des Communaut\u00e9s europ\u00e9ennes (TPICE), a rejet\u00e9 le recours d\u2019un d\u00e9put\u00e9 fran\u00e7ais qui demandait l\u2019annulation du \u00abData Privacy Framework\u00bb, le cadre l\u00e9gal qui\u00a0<a href=\"http:\/\/www.lefigaro.fr\/secteur\/high-tech\/transfert-de-donnees-la-justice-confirme-la-validite-de-l-accord-entre-l-europe-et-les-etats-unis-20250903\" data-fig-type=\"NewsFlash\" data-gtm-custom-categorie=\"navigation\" data-gtm-custom-action=\"crossclick\" data-gtm-custom-label=\"Contextuel\" data-gtm-event=\"customEventSPE\" data-fig-domain=\"LEFIGARO\" target=\"_blank\" rel=\"noopener\">r\u00e9git les transferts de donn\u00e9es<\/a>\u00a0personnelles entre l\u2019Europe et les \u00c9tats-Unis. Cet accord, sign\u00e9 en juillet 2023, est le r\u00e9sultat d\u2019un long processus juridique et politique qui ne poursuivait qu\u2019un seul but\u00a0: s\u2019assurer que les autorit\u00e9s am\u00e9ricaines garantissaient une protection suffisante pour les donn\u00e9es personnelles des citoyens europ\u00e9ens. En d\u00e9pit de la d\u00e9cision du Tribunal, selon laquelle les \u00c9tats-Unis assurent \u00abun niveau ad\u00e9quat de protection des donn\u00e9es \u00e0 caract\u00e8re personnel transf\u00e9r\u00e9es depuis l\u2019Union vers des organisations \u00e9tablies dans ce pays\u00bb, de nombreuses questions persistent.<\/p>\n<p class=\"fig-paragraph\">D\u2019abord, le \u00abData Privacy Framework\u00bb est\u00a0<a href=\"http:\/\/www.lefigaro.fr\/secteur\/high-tech\/l-union-europeenne-adopte-un-nouveau-cadre-legal-pour-le-transfert-de-donnees-vers-les-etats-unis-20230710\" data-fig-type=\"NewsFlash\" data-gtm-custom-categorie=\"navigation\" data-gtm-custom-action=\"crossclick\" data-gtm-custom-label=\"Contextuel\" data-gtm-event=\"customEventSPE\" data-fig-domain=\"LEFIGARO\" target=\"_blank\" rel=\"noopener\">la troisi\u00e8me\u2026<\/a><\/p>\n<p class=\"fig-premium-paywall__infos\">\n        Cet article est r\u00e9serv\u00e9 aux abonn\u00e9s.        Il vous reste 88% \u00e0 d\u00e9couvrir.\n    <\/p>\n<p>                <img  data- alt=\"Le Figaro\" class=\"fig-img--complete fig-img\"\/><\/p>\n<p class=\"fig-premium-paywall__title\">Vous avez envie de lire la suite ?<\/p>\n<p class=\"fig-premium-paywall__subtitle\">D\u00e9bloquez tous les articles imm\u00e9diatement.<\/p>\n<p class=\"fig-premium-paywall__connect\">\n                D\u00e9j\u00e0 abonn\u00e9\u00a0?                <a class=\"fig-premium-paywall__connect-link\" href=\"https:\/\/connect.lefigaro.fr\/login?client=horizon_web&amp;type=main&amp;redirect_uri=https%3A%2F%2Fwww.lefigaro.fr%2Fsecteur%2Fhigh-tech%2Fcomment-la-justice-europeenne-a-valide-le-transfert-de-vos-donnees-personnelles-vers-les-etats-unis-20250912\" data-js-gtm=\"{&quot;customCategorie&quot;: &quot;conversion&quot;, &quot;customAction&quot;: &quot;before_Landing_Connexion_paywall_auto&quot;, &quot;customLabel&quot;: &quot;bGVmaWdhcm8uZnJfXzFmMDhmMWQwLTg1ODctNjBlYS04OGY4LTdkNTEwMWMzNTZkOV9fQXJ0aWNsZQ==_Comment la justice europ\u00e9enne a valid\u00e9 le transfert de vos donn\u00e9es personnelles vers les \u00c9tats-Unis_52&quot;, &quot;customIDSPE&quot;: &quot;bGVmaWdhcm8uZnJfXzFmMDhmMWQwLTg1ODctNjBlYS04OGY4LTdkNTEwMWMzNTZkOV9fQXJ0aWNsZQ==&quot;, &quot;event&quot;: &quot;customEventSPE&quot;}\" target=\"_blank\" rel=\"noopener\"><br \/>\n                    Connectez-vous<br \/>\n                <\/a>\n            <\/p>\n","protected":false},"excerpt":{"rendered":"D\u00c9CRYPTAGE &#8211; Au terme d\u2019un long processus judiciaire et politique, la justice de l\u2019Union a valid\u00e9 la troisi\u00e8me&hellip;\n","protected":false},"author":2,"featured_media":386387,"comment_status":"","ping_status":"","sticky":false,"template":"","format":"standard","meta":{"footnotes":""},"categories":[1586],"tags":[11,654,73,1777,674,1779,1011,27,12,25,1778,364],"class_list":{"0":"post-386386","1":"post","2":"type-post","3":"status-publish","4":"format-standard","5":"has-post-thumbnail","7":"category-europe","8":"tag-actualites","9":"tag-donnees-personnelles","10":"tag-etats-unis","11":"tag-eu","12":"tag-europe","13":"tag-european-union","14":"tag-fr","15":"tag-france","16":"tag-news","17":"tag-republique-francaise","18":"tag-ue","19":"tag-union-europeenne"},"share_on_mastodon":{"url":"https:\/\/pubeurope.com\/@fr\/115193756280020650","error":""},"_links":{"self":[{"href":"https:\/\/www.europesays.com\/fr\/wp-json\/wp\/v2\/posts\/386386","targetHints":{"allow":["GET"]}}],"collection":[{"href":"https:\/\/www.europesays.com\/fr\/wp-json\/wp\/v2\/posts"}],"about":[{"href":"https:\/\/www.europesays.com\/fr\/wp-json\/wp\/v2\/types\/post"}],"author":[{"embeddable":true,"href":"https:\/\/www.europesays.com\/fr\/wp-json\/wp\/v2\/users\/2"}],"replies":[{"embeddable":true,"href":"https:\/\/www.europesays.com\/fr\/wp-json\/wp\/v2\/comments?post=386386"}],"version-history":[{"count":0,"href":"https:\/\/www.europesays.com\/fr\/wp-json\/wp\/v2\/posts\/386386\/revisions"}],"wp:featuredmedia":[{"embeddable":true,"href":"https:\/\/www.europesays.com\/fr\/wp-json\/wp\/v2\/media\/386387"}],"wp:attachment":[{"href":"https:\/\/www.europesays.com\/fr\/wp-json\/wp\/v2\/media?parent=386386"}],"wp:term":[{"taxonomy":"category","embeddable":true,"href":"https:\/\/www.europesays.com\/fr\/wp-json\/wp\/v2\/categories?post=386386"},{"taxonomy":"post_tag","embeddable":true,"href":"https:\/\/www.europesays.com\/fr\/wp-json\/wp\/v2\/tags?post=386386"}],"curies":[{"name":"wp","href":"https:\/\/api.w.org\/{rel}","templated":true}]}}