{"id":386390,"date":"2025-09-12T22:47:14","date_gmt":"2025-09-12T22:47:14","guid":{"rendered":"https:\/\/www.europesays.com\/fr\/386390\/"},"modified":"2025-09-12T22:47:14","modified_gmt":"2025-09-12T22:47:14","slug":"dette-publique-fitch-degrade-la-note-de-la-france-en-raison-de-ses-finances-publiques-degradees","status":"publish","type":"post","link":"https:\/\/www.europesays.com\/fr\/386390\/","title":{"rendered":"Dette publique : Fitch d\u00e9grade la note de la France en raison de ses finances publiques d\u00e9grad\u00e9es"},"content":{"rendered":"<ul class=\"jsx-862013697 ArticleChapo__List\">\n<li class=\"jsx-862013697 ArticleChapo__List_Item flex\">L&rsquo;agence Fitch annonce ce vendredi 12 septembre baisser la note de la France.<\/li>\n<li class=\"jsx-862013697 ArticleChapo__List_Item flex\">Elle passe de \u00ab\u00a0AA-\u00a0\u00bb \u00e0 \u00ab\u00a0A+\u00a0\u00bb.<\/li>\n<\/ul>\n<p data-module=\"article-paragraph\" class=\"jsx-3046738180 Paragraph\">L&rsquo;agence de notation Fitch a abaiss\u00e9 vendredi soir la note souveraine de la France, \u00e0 A+ avec perspective stable. Elle sanctionne ainsi le pays pour son instabilit\u00e9 politique persistante et les incertitudes budg\u00e9taires qui contrarient l&rsquo;assainissement de ses <a href=\"https:\/\/www.tf1info.fr\/economie\/dette-publique-pourquoi-la-france-n-est-pas-le-seul-pays-a-voir-ses-taux-d-interet-grimper-2394280.html\" rel=\"nofollow noopener\" target=\"_blank\">comptes publics tr\u00e8s d\u00e9grad\u00e9s<\/a>.\u00a0<\/p>\n<p data-module=\"article-paragraph\" class=\"jsx-3046738180 Paragraph Paragraph__End\">\u00ab\u00a0La chute du gouvernement lors d&rsquo;un vote de confiance illustre la fragmentation et la polarisation croissante de la politique int\u00e9rieure\u00a0\u00bb, indique l&rsquo;agence am\u00e9ricaine dans un communiqu\u00e9. \u00ab\u00a0Cette instabilit\u00e9 affaiblit la capacit\u00e9 du syst\u00e8me politique \u00e0 mettre en \u0153uvre une consolidation budg\u00e9taire d&rsquo;ampleur\u00a0\u00bb, ajoute l&rsquo;agence am\u00e9ricaine. Tr\u00e8s concr\u00e8tement, elle estime improbable de ramener le d\u00e9ficit public sous 3% du PIB en 2029 comme l&rsquo;ambitionnait le gouvernement sortant.<\/p>\n<p>Eric Lombard \u00ab\u00a0prend acte\u00a0\u00bb<\/p>\n<p data-module=\"article-paragraph\" class=\"jsx-3046738180 Paragraph Paragraph__End\">\u00ab\u00a0Je prends acte de la d\u00e9cision de Fitch de changer la note de la France de AA- \u00e0 A+, d\u00e9cision motiv\u00e9e par la situation de nos finances publiques et l\u2019incertitude politique, malgr\u00e9 la solidit\u00e9 de l\u2019\u00e9conomie fran\u00e7aise\u00a0\u00bb, r\u00e9agit Eric Lombard, ministre de l&rsquo;\u00c9conomie d\u00e9missionnaire. \u00ab\u00a0Le nouveau Premier ministre a d\u2019ores et d\u00e9j\u00e0 engag\u00e9 la consultation des forces politiques repr\u00e9sent\u00e9es au Parlement, en vue d\u2019adopter un budget pour la Nation et de poursuivre les efforts de r\u00e9tablissement de nos finances publiques\u00a0\u00bb, assure-t-il encore, sur X.\u00a0<\/p>\n<p><a href=\"https:\/\/www.tf1info.fr\/economie\/dette-publique-avec-le-verdict-de-fitch-ce-vendredi-recit-de-treize-ans-de-degradation-de-la-note-de-la-france-2394301.html\" rel=\"nofollow noopener\" class=\"jsx-3308031228 Link flex\" target=\"_blank\"><img decoding=\"async\" src=\"https:\/\/www.europesays.com\/fr\/wp-content\/uploads\/2025\/09\/centre-des-finances-publiques-3-c81b5e-0@1x.jpeg\" alt=\"Getty Images\" loading=\"lazy\" importance=\"low\" fetchpriority=\"low\" class=\"\" aria-hidden=\"true\"\/><\/p>\n<p class=\"jsx-3657663356 ReadMoreArticle__Title\">Lire aussi<\/p>\n<p class=\"jsx-3657663356\">Dette publique : avec le verdict de Fitch ce vendredi, r\u00e9cit de treize ans de d\u00e9gradation de la note de la France<\/p>\n<p><\/a><\/p>\n<p data-module=\"article-paragraph\" class=\"jsx-3046738180 Paragraph Paragraph__End\">Pour rappel, les agences comme Fitch, Moody&rsquo;s et S&amp;P Global classent la qualit\u00e9 de cr\u00e9dit des \u00c9tats (leur capacit\u00e9 \u00e0 rembourser leur dette), de AAA (la meilleure note) \u00e0 D (d\u00e9faut de paiement). Ces notes servent de base aux investisseurs : un \u00c9tat bien not\u00e9 emprunte g\u00e9n\u00e9ralement moins cher.\u00a0<\/p>\n<p>M.G avec AFP<\/p>\n","protected":false},"excerpt":{"rendered":"L&rsquo;agence Fitch annonce ce vendredi 12 septembre baisser la note de la France. Elle passe de \u00ab\u00a0AA-\u00a0\u00bb \u00e0&hellip;\n","protected":false},"author":2,"featured_media":386391,"comment_status":"","ping_status":"","sticky":false,"template":"","format":"standard","meta":{"footnotes":""},"categories":[2],"tags":[1111,51901,11,33,5641,1011,27,1922,12,25],"class_list":{"0":"post-386390","1":"post","2":"type-post","3":"status-publish","4":"format-standard","5":"has-post-thumbnail","7":"category-actualites","8":"tag-actu","9":"tag-actualite-economie","10":"tag-actualites","11":"tag-economie","12":"tag-finance-et-macro-economie","13":"tag-fr","14":"tag-france","15":"tag-info","16":"tag-news","17":"tag-republique-francaise"},"share_on_mastodon":{"url":"https:\/\/pubeurope.com\/@fr\/115193764334437263","error":""},"_links":{"self":[{"href":"https:\/\/www.europesays.com\/fr\/wp-json\/wp\/v2\/posts\/386390","targetHints":{"allow":["GET"]}}],"collection":[{"href":"https:\/\/www.europesays.com\/fr\/wp-json\/wp\/v2\/posts"}],"about":[{"href":"https:\/\/www.europesays.com\/fr\/wp-json\/wp\/v2\/types\/post"}],"author":[{"embeddable":true,"href":"https:\/\/www.europesays.com\/fr\/wp-json\/wp\/v2\/users\/2"}],"replies":[{"embeddable":true,"href":"https:\/\/www.europesays.com\/fr\/wp-json\/wp\/v2\/comments?post=386390"}],"version-history":[{"count":0,"href":"https:\/\/www.europesays.com\/fr\/wp-json\/wp\/v2\/posts\/386390\/revisions"}],"wp:featuredmedia":[{"embeddable":true,"href":"https:\/\/www.europesays.com\/fr\/wp-json\/wp\/v2\/media\/386391"}],"wp:attachment":[{"href":"https:\/\/www.europesays.com\/fr\/wp-json\/wp\/v2\/media?parent=386390"}],"wp:term":[{"taxonomy":"category","embeddable":true,"href":"https:\/\/www.europesays.com\/fr\/wp-json\/wp\/v2\/categories?post=386390"},{"taxonomy":"post_tag","embeddable":true,"href":"https:\/\/www.europesays.com\/fr\/wp-json\/wp\/v2\/tags?post=386390"}],"curies":[{"name":"wp","href":"https:\/\/api.w.org\/{rel}","templated":true}]}}