{"id":386392,"date":"2025-09-12T22:48:15","date_gmt":"2025-09-12T22:48:15","guid":{"rendered":"https:\/\/www.europesays.com\/fr\/386392\/"},"modified":"2025-09-12T22:48:15","modified_gmt":"2025-09-12T22:48:15","slug":"francois-bayrou-rejette-la-faute-sur-les-elites-qui-conduisent-a-refuser-la-verite","status":"publish","type":"post","link":"https:\/\/www.europesays.com\/fr\/386392\/","title":{"rendered":"Fran\u00e7ois Bayrou rejette la faute sur les \u00ab\u00e9lites\u00bb qui \u00abconduisent \u00e0 refuser la v\u00e9rit\u00e9\u00bb"},"content":{"rendered":"<p>L\u2019ancien premier ministre a r\u00e9agi sur X \u00e0 la d\u00e9cision de Fitch de d\u00e9grader la note souveraine fran\u00e7aise de AA- \u00e0 A+, ce vendredi.<\/p>\n<p class=\"fig-paragraph\">\u00abUn pays que ses \u00ab\u00a0\u00e9lites\u00a0\u00bb conduisent \u00e0 refuser la v\u00e9rit\u00e9 est condamn\u00e9 \u00e0 en payer le prix.\u00bb C\u2019est avec ces mots que\u00a0<a href=\"https:\/\/www.lefigaro.fr\/tag\/francois-bayrou\" target=\"_blank\" rel=\"sponsored noopener\" data-gtm-custom-categorie=\"navigation\" data-gtm-custom-action=\"crossclick\" data-gtm-custom-label=\"Contextuel\" data-gtm-event=\"customEventSPE\">Fran\u00e7ois Bayrou<\/a>\u00a0a r\u00e9agi ce vendredi soir \u00e0 la\u00a0<a href=\"http:\/\/www.lefigaro.fr\/conjoncture\/dette-fitch-degrade-la-note-de-la-france-et-fait-basculer-le-pays-dans-le-club-des-simples-a-20250912\" target=\"_blank\" data-fig-type=\"NewsFlash\" rel=\"noopener\" data-gtm-custom-categorie=\"navigation\" data-gtm-custom-action=\"crossclick\" data-gtm-custom-label=\"Contextuel\" data-gtm-event=\"customEventSPE\" data-fig-domain=\"LEFIGARO\">d\u00e9gradation de la note de la France<\/a>\u00a0par l\u2019agence am\u00e9ricaine Fitch Ratings, qui fait passer le pays de AA- \u00e0 A+. Une d\u00e9cision prise dans un contexte de crise budg\u00e9taire et politique sans pr\u00e9c\u00e9dent, apr\u00e8s la chute du gouvernement le 16 janvier.<\/p>\n<p class=\"fig-paragraph\">Aussit\u00f4t post\u00e9, aussit\u00f4t comment\u00e9. Le tweet de l\u2019ancien premier ministre a, en effet, imm\u00e9diatement d\u00e9clench\u00e9 une avalanche de r\u00e9actions. \u00abVous \u00eates responsable. Vous nous manquerez pas (sic)\u00bb, lui r\u00e9torque un internaute. \u00abLe culot\u00bb, rench\u00e9rit un autre. De son c\u00f4t\u00e9, Charles-Henri Gallois, conseiller \u00e9conomique de Jordan Bardella, ne m\u00e2che pas ses mots\u00a0: \u00abVous avez soutenu tous les budgets macronistes depuis 8 ans. Votre budget augmentait la d\u00e9pense publique de 30 milliards d\u2019euros et pratiquait un racket fiscal de 20 milliards d\u2019euros. Ayez au moins un peu de d\u00e9cence.\u00bb<\/p>\n<p>                                    <a class=\"fig-a11y-skip a11y-hidden\" href=\"#fig-a11y-skip-main-inarticle\"><br \/>\n        Passer la publicit\u00e9<br \/>\n    <\/a><\/p>\n<p>\u00abInstabilit\u00e9\u00bb<\/p>\n<p class=\"fig-paragraph\">La d\u00e9gradation de la note, qui mesure la capacit\u00e9 de la France \u00e0 rembourser sa dette colossale, marque un tournant pour le pays. En lui attribuant l\u2019\u00e9quivalent d\u2019un 16\/20, Fitch fait basculer la France dans la cat\u00e9gorie inf\u00e9rieure, de qualit\u00e9 \u00abmoyenne sup\u00e9rieure\u00bb, contre \u00abbonne ou haute\u00bb jusqu\u2019ici. Ce qui pourrait conduire des investisseurs \u00e0 vendre leurs titres de dette pour des placements moins risqu\u00e9s et entra\u00eener des hausses de taux. Cela alourdirait encore plus les int\u00e9r\u00eats pay\u00e9s par la France pour rembourser sa dette, estim\u00e9s \u00e0 environ 55 milliards d\u2019euros en 2025, alors que depuis la dissolution en juin 2024, la dette fran\u00e7aise se n\u00e9gocie d\u00e9j\u00e0 \u00e0 un taux bien plus co\u00fbteux que la dette allemande, d\u00e9passant m\u00eame l\u2019espace d\u2019une journ\u00e9e, mardi, celui de l\u2019Italie.<\/p>\n<p class=\"fig-paragraph\">Cet abaissement est le deuxi\u00e8me de la note fran\u00e7aise par Fitch depuis avril 2023, l\u2019agence ayant alors invoqu\u00e9 les fortes tensions sociales li\u00e9es \u00e0 la r\u00e9forme des retraites. Mais l\u2019agence am\u00e9ricaine sanctionne aussi l\u2019incapacit\u00e9 des quatre gouvernements qui se sont succ\u00e9d\u00e9 en un an \u00e0 r\u00e9duire le d\u00e9ficit public. Apr\u00e8s un pic \u00e0 5,8% du PIB en 2024, le solde budg\u00e9taire devrait th\u00e9oriquement atteindre -5,4% cette ann\u00e9e.<\/p>\n<p class=\"fig-paragraph\">\u00abLa chute du gouvernement lors d\u2019un vote de confiance illustre la fragmentation et la polarisation croissante de la politique int\u00e9rieure\u00bb, a indiqu\u00e9 Fitch dans son communiqu\u00e9. Puis d\u2019ajouter\u00a0: \u00abCette instabilit\u00e9 affaiblit la capacit\u00e9 du syst\u00e8me politique \u00e0 mettre en \u0153uvre une consolidation budg\u00e9taire d\u2019ampleur.\u00bb\u00a0L\u2019agence estime d\u00e9sormais improbable que la France ram\u00e8ne son d\u00e9ficit sous la barre des 3% du PIB en 2029, comme l\u2019ambitionnait le gouvernement Bayrou avant sa chute.<\/p>\n<p class=\"fig-paragraph\">Alors que Fran\u00e7ois Bayrou visait un retour \u00e0 -4,6% du d\u00e9ficit en 2026 gr\u00e2ce \u00e0 un effort de 44 milliards d\u2019euros, la plupart des pr\u00e9visionnistes tablent d\u00e9sormais sur un budget \u00e0 l\u2019ambition r\u00e9duite de moiti\u00e9. Au mieux, le d\u00e9ficit ne reviendrait qu\u2019\u00e0 -5%. Un constat qui sonne comme un d\u00e9saveu pour l\u2019ex\u00e9cutif et l\u2019ancien premier ministre.<\/p>\n","protected":false},"excerpt":{"rendered":"L\u2019ancien premier ministre a r\u00e9agi sur X \u00e0 la d\u00e9cision de Fitch de d\u00e9grader la note souveraine fran\u00e7aise&hellip;\n","protected":false},"author":2,"featured_media":386393,"comment_status":"","ping_status":"","sticky":false,"template":"","format":"standard","meta":{"footnotes":""},"categories":[4],"tags":[11,11847,6327,34558,1011,27,12,25],"class_list":{"0":"post-386392","1":"post","2":"type-post","3":"status-publish","4":"format-standard","5":"has-post-thumbnail","7":"category-france","8":"tag-actualites","9":"tag-bayrou","10":"tag-dette","11":"tag-fitch","12":"tag-fr","13":"tag-france","14":"tag-news","15":"tag-republique-francaise"},"share_on_mastodon":{"url":"https:\/\/pubeurope.com\/@fr\/115193768067720603","error":""},"_links":{"self":[{"href":"https:\/\/www.europesays.com\/fr\/wp-json\/wp\/v2\/posts\/386392","targetHints":{"allow":["GET"]}}],"collection":[{"href":"https:\/\/www.europesays.com\/fr\/wp-json\/wp\/v2\/posts"}],"about":[{"href":"https:\/\/www.europesays.com\/fr\/wp-json\/wp\/v2\/types\/post"}],"author":[{"embeddable":true,"href":"https:\/\/www.europesays.com\/fr\/wp-json\/wp\/v2\/users\/2"}],"replies":[{"embeddable":true,"href":"https:\/\/www.europesays.com\/fr\/wp-json\/wp\/v2\/comments?post=386392"}],"version-history":[{"count":0,"href":"https:\/\/www.europesays.com\/fr\/wp-json\/wp\/v2\/posts\/386392\/revisions"}],"wp:featuredmedia":[{"embeddable":true,"href":"https:\/\/www.europesays.com\/fr\/wp-json\/wp\/v2\/media\/386393"}],"wp:attachment":[{"href":"https:\/\/www.europesays.com\/fr\/wp-json\/wp\/v2\/media?parent=386392"}],"wp:term":[{"taxonomy":"category","embeddable":true,"href":"https:\/\/www.europesays.com\/fr\/wp-json\/wp\/v2\/categories?post=386392"},{"taxonomy":"post_tag","embeddable":true,"href":"https:\/\/www.europesays.com\/fr\/wp-json\/wp\/v2\/tags?post=386392"}],"curies":[{"name":"wp","href":"https:\/\/api.w.org\/{rel}","templated":true}]}}