{"id":386402,"date":"2025-09-12T22:54:12","date_gmt":"2025-09-12T22:54:12","guid":{"rendered":"https:\/\/www.europesays.com\/fr\/386402\/"},"modified":"2025-09-12T22:54:12","modified_gmt":"2025-09-12T22:54:12","slug":"motogp-pour-enea-bastianini-est-ce-lheure-du-renouveau","status":"publish","type":"post","link":"https:\/\/www.europesays.com\/fr\/386402\/","title":{"rendered":"MotoGP : Pour Enea Bastianini, est-ce l&rsquo;heure du renouveau ?"},"content":{"rendered":"<p>Tr\u00e8s performant en Catalogne o\u00f9 il a pris la 3e place du Grand Prix, Enea Bastianini para\u00eet trouver la bonne cadence pour obtenir cette r\u00e9gularit\u00e9 qui lui faisait d\u00e9faut chez Tech3, fra\u00eechement achet\u00e9e par G\u00fcnther Steiner. <\/p>\n<p>Il y a des moments o\u00f9 il vaut mieux \u00eatre performant dans son travail. C&rsquo;est notamment le cas quand le patron change. Avant le Grand Prix de Catalogne, <b>Herv\u00e9 Poncharal <\/b>a pass\u00e9 la main \u00e0 <b>G\u00fcnther Steiner<\/b>, qui s&rsquo;est offert Tech3 apr\u00e8s s&rsquo;\u00eatre fait conna\u00eetre sur les sports m\u00e9caniques \u00e0 quatre roues (NASCAR puis Formule 1). Heureux hasard (absolument pas), Liberty Media, propri\u00e9taire de la Formule 1, a acquis le MotoGP r\u00e9cemment, donc le milliardaire allemand n&rsquo;arrive pas en territoire inconnu. Clairement, c&rsquo;est une page qui se tourne pour l&rsquo;\u00e9curie varoise, parti du bas pour s&rsquo;imposer au niveau mondial.\u00a0<\/p>\n<p>Et comme on ne sait jamais de quoi l&rsquo;avenir sera fait, <b><a href=\"https:\/\/www.flashscore.fr\/joueur\/bastianini-enea\/ht1WUmo9\/\" target=\"_blank\" rel=\"noopener\">Enea Bastianini<\/a> <\/b>a eu l&rsquo;occasion d&rsquo;impressionner son nouveau boss, sur la piste si pi\u00e9geuse de Montmel\u00f3. Neuvi\u00e8me de la Q2 puis 5e de la sprint dans la roue de <b><a href=\"https:\/\/www.flashscore.fr\/joueur\/acosta-pedro\/KrGeaHq5\/\" target=\"_blank\" rel=\"noopener\">Pedro Acosta<\/a><\/b>, ex rookie Tech3 mont\u00e9 chez <b><a href=\"https:\/\/www.flashscore.fr\/equipe\/red-bull-ktm-factory-racing\/4j3V6SkC\/\" target=\"_blank\" rel=\"noopener\">KTM<\/a><\/b>, \u00ab\u00a0La Bestia\u00a0\u00bb a sign\u00e9 un beau podium dimanche, derri\u00e8re les fr\u00e8res <b>\u00c1lex et Marc M\u00e1rquez<\/b>. Et vu la physionomie de la course, l&rsquo;ancien pilote Ducati a peut-\u00eatre \u00e9t\u00e9 trop prudent pour d\u00e9passer le Tibur\u00f3n de Mazarr\u00f3n, laissant la fratrie s&rsquo;\u00e9chapper alors qu&rsquo;il paraissait en mesure de contester leur supr\u00e9matie dans la deuxi\u00e8me moiti\u00e9 de course. <b>\u00ab\u00a0Pedro fait de super freinages, c&rsquo;est tr\u00e8s dur de freiner encore plus fort que lui, mais j&rsquo;ai essay\u00e9 de faire de mon mieux<\/b>, a-t-il expliqu\u00e9 apr\u00e8s la course. <b>\u00c0 un moment donn\u00e9, j&rsquo;ai perdu le contact avec l&rsquo;arri\u00e8re, ensuite j&rsquo;ai gliss\u00e9, mais avec cette moto, j&rsquo;arrive \u00e0 beaucoup jouer dans les freinages et j&rsquo;aime \u00e7a !\u00a0\u00bb.\u00a0<\/b><\/p>\n<p>Une Tech3 KTM enfin \u00e0 sa mesure ?<\/p>\n<p>Absent en Allemagne au d\u00e9but de l&rsquo;\u00e9t\u00e9 en raison d&rsquo;une s\u00e9v\u00e8re intoxication alimentaire, Bastianini est revenu en R\u00e9publique tch\u00e8que lest\u00e9 de trois kilos, s&rsquo;est qualifi\u00e9 en Q2 et a pris la 3e place de la sprint. Et s&rsquo;il est tomb\u00e9 dans le 7e tour du Grand Prix, il n&rsquo;a \u00e9chapp\u00e9 \u00e0 personne qu&rsquo;il avait ajust\u00e9 <b>Francesco Bagnaia, <a href=\"https:\/\/www.flashscore.fr\/joueur\/quartararo-fabio\/UsfVoiLM\/\" target=\"_blank\" rel=\"noopener\">Fabio Quartararo<\/a>, Ra\u00fal Fern\u00e1ndez <\/b>et <b>Jack Miller<\/b>, excusez du peu.\u00a0<\/p>\n<p>Toujours aussi agressif et donc spectaculaire \u00e0 voir pour les fans, \u00ab\u00a0La Bestia\u00a0\u00bb a poursuivi sa progression apr\u00e8s une premi\u00e8re moiti\u00e9 de saison d\u00e9licate, doux euph\u00e9misme. Pas simple de passer d&rsquo;une Ducati officielle \u00e0 un team satellite KTM !\u00a0<\/p>\n<p>En Autriche, s&rsquo;il a loup\u00e9 la qualification directe en Q2 pour 21 petits milli\u00e8mes, il a survol\u00e9 la Q1 et s&rsquo;est battu pour la pole avant de prendre la 5e place. Septi\u00e8me de la sprint puis 5e du GP : le natif de Rimini a confirm\u00e9 son retour parmi les meilleurs. N\u00e9anmoins, il a v\u00e9cu un weekend pourri en Hongrie alors qu&rsquo;il a appr\u00e9ci\u00e9 cette nouvelle piste, avec une chute provoqu\u00e9e par Quartararo en sprint, une erreur qui a entra\u00een\u00e9 <b>Johann Zarco <\/b>avec lui le dimanche et, surtout, une sacr\u00e9e frayeur alors que le peloton \u00e9tait compact au moment o\u00f9 il a travers\u00e9 la piste.\u00a0<\/p>\n<p>En Catalogne, il a d\u00e9montr\u00e9 que ce regain de forme estival n&rsquo;\u00e9tait pas fugace et que les \u00e9volutions sur l&rsquo;a\u00e9rodynamisme \u00e9taient valid\u00e9es. Au point qu&rsquo;il a envisag\u00e9 un succ\u00e8s dimanche. <b>\u00ab\u00a0La victoire, j&rsquo;y ai un peu pens\u00e9, a-t-il souri. Mais en \u00e9tant r\u00e9aliste, j&rsquo;avais trop attaqu\u00e9 \u00e0 ce moment-l\u00e0 <\/b>(pour d\u00e9passer Acosta, ndlr). <b>Mon pneu ne pouvait probablement pas en faire plus \u00e0 la fin et l&rsquo;\u00e9cart s&rsquo;est creus\u00e9.\u00a0Je peux quand m\u00eame \u00eatre satisfait de ce r\u00e9sultat, c&rsquo;est mon premier podium avec Tech3 et avec KTM, c&rsquo;est bien\u00a0\u00bb.<\/b><\/p>\n<p>\u00c9videmment, la pr\u00e9sence de Steiner ne lui a pas \u00e9chapp\u00e9 et l&rsquo;a m\u00eame transcend\u00e9 : <b>\u00ab\u00a0c&rsquo;\u00e9tait super d&rsquo;avoir le nouveau patron. On a l&rsquo;ancien boss et le nouveau boss ensemble sur la m\u00eame course. Le nouveau PDG de KTM \u00e9tait \u00e0 Brno et on avait fait le podium au sprint, aujourd&rsquo;hui on avait le nouveau patron de Tech3 et on fait un autre podium. J&rsquo;attends de savoir qui sera \u00e0 Misano !\u00a0\u00bb.\u00a0<\/b><\/p>\n","protected":false},"excerpt":{"rendered":"Tr\u00e8s performant en Catalogne o\u00f9 il a pris la 3e place du Grand Prix, Enea Bastianini para\u00eet trouver&hellip;\n","protected":false},"author":2,"featured_media":386403,"comment_status":"","ping_status":"","sticky":false,"template":"","format":"standard","meta":{"footnotes":""},"categories":[1413],"tags":[1011,27,1457,1456,60],"class_list":{"0":"post-386402","1":"post","2":"type-post","3":"status-publish","4":"format-standard","5":"has-post-thumbnail","7":"category-moto","8":"tag-fr","9":"tag-france","10":"tag-moto","11":"tag-motocycle","12":"tag-sports"},"share_on_mastodon":{"url":"https:\/\/pubeurope.com\/@fr\/115193791477814174","error":""},"_links":{"self":[{"href":"https:\/\/www.europesays.com\/fr\/wp-json\/wp\/v2\/posts\/386402","targetHints":{"allow":["GET"]}}],"collection":[{"href":"https:\/\/www.europesays.com\/fr\/wp-json\/wp\/v2\/posts"}],"about":[{"href":"https:\/\/www.europesays.com\/fr\/wp-json\/wp\/v2\/types\/post"}],"author":[{"embeddable":true,"href":"https:\/\/www.europesays.com\/fr\/wp-json\/wp\/v2\/users\/2"}],"replies":[{"embeddable":true,"href":"https:\/\/www.europesays.com\/fr\/wp-json\/wp\/v2\/comments?post=386402"}],"version-history":[{"count":0,"href":"https:\/\/www.europesays.com\/fr\/wp-json\/wp\/v2\/posts\/386402\/revisions"}],"wp:featuredmedia":[{"embeddable":true,"href":"https:\/\/www.europesays.com\/fr\/wp-json\/wp\/v2\/media\/386403"}],"wp:attachment":[{"href":"https:\/\/www.europesays.com\/fr\/wp-json\/wp\/v2\/media?parent=386402"}],"wp:term":[{"taxonomy":"category","embeddable":true,"href":"https:\/\/www.europesays.com\/fr\/wp-json\/wp\/v2\/categories?post=386402"},{"taxonomy":"post_tag","embeddable":true,"href":"https:\/\/www.europesays.com\/fr\/wp-json\/wp\/v2\/tags?post=386402"}],"curies":[{"name":"wp","href":"https:\/\/api.w.org\/{rel}","templated":true}]}}