{"id":386410,"date":"2025-09-12T22:58:12","date_gmt":"2025-09-12T22:58:12","guid":{"rendered":"https:\/\/www.europesays.com\/fr\/386410\/"},"modified":"2025-09-12T22:58:12","modified_gmt":"2025-09-12T22:58:12","slug":"pharrell-williams-andrea-bocelli-et-de-nombreuses-superstars-pour-enflammer-le-vatican-samedi","status":"publish","type":"post","link":"https:\/\/www.europesays.com\/fr\/386410\/","title":{"rendered":"Pharrell Williams, Andrea Bocelli et de nombreuses superstars pour enflammer le Vatican samedi"},"content":{"rendered":"\n<p class=\"c-chapo \">\n  Ce show son et lumi\u00e8re pour c\u00e9l\u00e9brer la paix et la fraternit\u00e9 s&rsquo;inscrit dans le cadre du \u00ab\u00a0World Meeting on Human Fraternity\u00a0\u00bb, un cycle de rencontres lanc\u00e9 apr\u00e8s la publication l&rsquo;encyclique du pape Fran\u00e7ois \u00ab\u00a0Fratelli tutti\u00a0\u00bb.\n<\/p>\n<p>            lire plus tard<\/p>\n<p id=\"dialog__title\" class=\"dialog__title\">Pour sauvegarder cet article, connectez-vous ou cr\u00e9ez un compte franceinfo<\/p>\n<p class=\"dialog__description\">Sans paiement. Sans abonnement.<\/p>\n<p>        Fermer la fen\u00eatre d\u2019activation des notifications France Info<\/p>\n<p>            cr\u00e9er votre compte<\/p>\n<p>            se connecter<\/p>\n<p>        Fermer la fen\u00eatre de pr\u00e9sentation<\/p>\n<p>    <img loading=\"lazy\" decoding=\"async\" class=\"signature__image lazyload\" width=\"100\" height=\"100\" data- alt=\"\" src=\"https:\/\/www.europesays.com\/fr\/wp-content\/uploads\/2025\/05\/64abd44855ee1_placeholder-36b69ec8.png\"\/><\/p>\n<p>          France T\u00e9l\u00e9visions &#8211; R\u00e9daction Culture<\/p>\n<p>    Publi\u00e9 le 12\/09\/2025 17:36<\/p>\n<p>        Temps de lecture : 1min<\/p>\n<p>    <img decoding=\"async\"  alt=\"La place Saint-Pierre au Vatican, la nuit, avec la basilique Saint-Pierre en arri\u00e8re-plan dans l'enclave papale \u00e0 Rome, en Italie. (MLTZ \/ ROBERT HARDING RF)\" width=\"432\" height=\"243\" src=\"https:\/\/www.europesays.com\/fr\/wp-content\/uploads\/2025\/09\/071-1373-339-68c43aaaf2559659889051.jpg\" fetchpriority=\"high\"\/><\/p>\n<p>      La place Saint-Pierre au Vatican, la nuit, avec la basilique Saint-Pierre en arri\u00e8re-plan dans l&rsquo;enclave papale \u00e0 Rome, en Italie. (MLTZ \/ ROBERT HARDING RF)<\/p>\n<p>Des dizaines de milliers de personnes sont attendues samedi 13 septembre, place Saint-Pierre \u00e0 Rome, pour assister \u00e0 un m\u00e9ga concert en faveur de la paix et la fraternit\u00e9. L&rsquo;artiste am\u00e9ricain Pharrell Williams et le t\u00e9nor italien Andrea Bocelli dirigeront le show durant lequel se produiront \u00e9galement le compositeur am\u00e9ricain John Legend, la chanteuse franco-b\u00e9ninoise Ang\u00e9lique Kidjo, le rappeur tha\u00eflandais BamBam&#8230; Tous ces artistes se produiront en m\u00eame temps que quelque 3\u00a0500 drones qui illumineront le ciel romain.<\/p>\n<p>Toutefois, le pape Leon XIV ne devrait pas y assister, selon son agenda officiel. Cet \u00e9v\u00e9nement vient clore le troisi\u00e8me \u00ab\u00a0World Meeting on Human Fraternity\u00a0\u00bb, un cycle de rencontres lanc\u00e9 apr\u00e8s la publication, en octobre 2020, de l&rsquo;encyclique du pape Fran\u00e7ois Fratelli tutti (\u00ab\u00a0Tous fr\u00e8res\u00a0\u00bb).<\/p>\n<p>\u00ab\u00a0Le monde est marqu\u00e9 par des conflits et des divisions et vous \u00eates unis d&rsquo;un fort et courageux &lsquo;non&rsquo; \u00e0 la guerre et &lsquo;oui&rsquo; \u00e0 la paix et \u00e0 la fraternit\u00e9\u00a0\u00bb, a d\u00e9clar\u00e9 L\u00e9on XIV vendredi. \u00ab\u00a0Je tiens \u00e0 remercier les artistes qui, gr\u00e2ce \u00e0 leur cr\u00e9ativit\u00e9, diffuseront ce message au monde entier depuis la magnifique colonnade du Bernin\u00a0\u00bb, a poursuivi le pape. \u00ab\u00a0Ensemble, diffusons \u00e0 travers la musique le message d&rsquo;unit\u00e9 et de gr\u00e2ce pour toute l&rsquo;humanit\u00e9\u00a0\u00bb, a de son c\u00f4t\u00e9 post\u00e9 il y a quelques jours Pharrell Williams sur son compte Instagram.<\/p>\n<p>Les organisateurs n&rsquo;ont pas \u00e9t\u00e9 en mesure de dire combien de spectateurs s&rsquo;\u00e9taient inscrits pour le spectacle mais la place Saint-Pierre peut accueillir des dizaines de milliers de personnes. Annonc\u00e9 dans le courant de l&rsquo;\u00e9t\u00e9, l&rsquo;\u00e9v\u00e9nement, gratuit, affiche complet. Il sera diffus\u00e9 en live sur plusieurs cha\u00eenes am\u00e9ricaines et italiennes.<\/p>\n","protected":false},"excerpt":{"rendered":"Ce show son et lumi\u00e8re pour c\u00e9l\u00e9brer la paix et la fraternit\u00e9 s&rsquo;inscrit dans le cadre du \u00ab\u00a0World&hellip;\n","protected":false},"author":2,"featured_media":386411,"comment_status":"","ping_status":"","sticky":false,"template":"","format":"standard","meta":{"footnotes":""},"categories":[1359],"tags":[58,59,1011,27,973],"class_list":{"0":"post-386410","1":"post","2":"type-post","3":"status-publish","4":"format-standard","5":"has-post-thumbnail","7":"category-people","8":"tag-divertissement","9":"tag-entertainment","10":"tag-fr","11":"tag-france","12":"tag-people"},"share_on_mastodon":{"url":"https:\/\/pubeurope.com\/@fr\/115193807263621342","error":""},"_links":{"self":[{"href":"https:\/\/www.europesays.com\/fr\/wp-json\/wp\/v2\/posts\/386410","targetHints":{"allow":["GET"]}}],"collection":[{"href":"https:\/\/www.europesays.com\/fr\/wp-json\/wp\/v2\/posts"}],"about":[{"href":"https:\/\/www.europesays.com\/fr\/wp-json\/wp\/v2\/types\/post"}],"author":[{"embeddable":true,"href":"https:\/\/www.europesays.com\/fr\/wp-json\/wp\/v2\/users\/2"}],"replies":[{"embeddable":true,"href":"https:\/\/www.europesays.com\/fr\/wp-json\/wp\/v2\/comments?post=386410"}],"version-history":[{"count":0,"href":"https:\/\/www.europesays.com\/fr\/wp-json\/wp\/v2\/posts\/386410\/revisions"}],"wp:featuredmedia":[{"embeddable":true,"href":"https:\/\/www.europesays.com\/fr\/wp-json\/wp\/v2\/media\/386411"}],"wp:attachment":[{"href":"https:\/\/www.europesays.com\/fr\/wp-json\/wp\/v2\/media?parent=386410"}],"wp:term":[{"taxonomy":"category","embeddable":true,"href":"https:\/\/www.europesays.com\/fr\/wp-json\/wp\/v2\/categories?post=386410"},{"taxonomy":"post_tag","embeddable":true,"href":"https:\/\/www.europesays.com\/fr\/wp-json\/wp\/v2\/tags?post=386410"}],"curies":[{"name":"wp","href":"https:\/\/api.w.org\/{rel}","templated":true}]}}