{"id":386412,"date":"2025-09-12T22:59:11","date_gmt":"2025-09-12T22:59:11","guid":{"rendered":"https:\/\/www.europesays.com\/fr\/386412\/"},"modified":"2025-09-12T22:59:11","modified_gmt":"2025-09-12T22:59:11","slug":"une-nouvelle-fresque-pour-raviver-la-memoire-ouvriere-a-palente-orchamps-macommune-info","status":"publish","type":"post","link":"https:\/\/www.europesays.com\/fr\/386412\/","title":{"rendered":"une nouvelle fresque pour raviver la m\u00e9moire ouvri\u00e8re \u00e0 Palente-Orchamps \u2022 macommune.info"},"content":{"rendered":"<p>    \u201dLe murmure des forces\u201d : une nouvelle fresque pour raviver la m\u00e9moire ouvri\u00e8re \u00e0 Palente-Orchamps \u2022 macommune.info<\/p>\n<p>    <a class=\"cd-back\" href=\"https:\/\/www.macommune.info\/le-murmure-des-forces-une-nouvelle-fresque-pour-raviver-la-memoire-ouvriere-a-palente-orchamps\/javascript:history.back();\" rel=\"nofollow noopener\" target=\"_blank\">\u00a0<\/a><\/p>\n","protected":false},"excerpt":{"rendered":"\u201dLe murmure des forces\u201d : une nouvelle fresque pour raviver la m\u00e9moire ouvri\u00e8re \u00e0 Palente-Orchamps \u2022 macommune.info \u00a0\n","protected":false},"author":2,"featured_media":386413,"comment_status":"","ping_status":"","sticky":false,"template":"","format":"standard","meta":{"footnotes":""},"categories":[1358],"tags":[1348,1384,1385,1386,58,59,1011,27],"class_list":{"0":"post-386412","1":"post","2":"type-post","3":"status-publish","4":"format-standard","5":"has-post-thumbnail","7":"category-arts-et-design","8":"tag-arts","9":"tag-arts-and-design","10":"tag-arts-et-design","11":"tag-design","12":"tag-divertissement","13":"tag-entertainment","14":"tag-fr","15":"tag-france"},"share_on_mastodon":{"url":"https:\/\/pubeurope.com\/@fr\/115193811170921898","error":""},"_links":{"self":[{"href":"https:\/\/www.europesays.com\/fr\/wp-json\/wp\/v2\/posts\/386412","targetHints":{"allow":["GET"]}}],"collection":[{"href":"https:\/\/www.europesays.com\/fr\/wp-json\/wp\/v2\/posts"}],"about":[{"href":"https:\/\/www.europesays.com\/fr\/wp-json\/wp\/v2\/types\/post"}],"author":[{"embeddable":true,"href":"https:\/\/www.europesays.com\/fr\/wp-json\/wp\/v2\/users\/2"}],"replies":[{"embeddable":true,"href":"https:\/\/www.europesays.com\/fr\/wp-json\/wp\/v2\/comments?post=386412"}],"version-history":[{"count":0,"href":"https:\/\/www.europesays.com\/fr\/wp-json\/wp\/v2\/posts\/386412\/revisions"}],"wp:featuredmedia":[{"embeddable":true,"href":"https:\/\/www.europesays.com\/fr\/wp-json\/wp\/v2\/media\/386413"}],"wp:attachment":[{"href":"https:\/\/www.europesays.com\/fr\/wp-json\/wp\/v2\/media?parent=386412"}],"wp:term":[{"taxonomy":"category","embeddable":true,"href":"https:\/\/www.europesays.com\/fr\/wp-json\/wp\/v2\/categories?post=386412"},{"taxonomy":"post_tag","embeddable":true,"href":"https:\/\/www.europesays.com\/fr\/wp-json\/wp\/v2\/tags?post=386412"}],"curies":[{"name":"wp","href":"https:\/\/api.w.org\/{rel}","templated":true}]}}