{"id":386414,"date":"2025-09-12T23:00:18","date_gmt":"2025-09-12T23:00:18","guid":{"rendered":"https:\/\/www.europesays.com\/fr\/386414\/"},"modified":"2025-09-12T23:00:18","modified_gmt":"2025-09-12T23:00:18","slug":"comment-les-auteurs-essayent-ils-de-sortir-du-lot-pour-la-rentree-litteraire","status":"publish","type":"post","link":"https:\/\/www.europesays.com\/fr\/386414\/","title":{"rendered":"comment les auteurs essayent-ils de sortir du lot pour la rentr\u00e9e litt\u00e9raire"},"content":{"rendered":"<p>Article r\u00e9dig\u00e9 par les services programmes.<\/p>\n<p class=\"article__intro\">La 47\u00e8 \u00e9dition du Livre sur la Place a d\u00e9but\u00e9 ce vendredi 12 septembre. D\u00e9dicaces, rencontres et d\u00e9couvertes sont au rendez-vous permettant aux petits auteurs de se faire conna\u00eetre et d&rsquo;essayer de tirer leur \u00e9pingle du jeu.<\/p>\n<p>\n      L\u2019actu des r\u00e9gions\n    <\/p>\n<p>\n      Chaque jour, un tour d\u2019horizon des principales infos de toutes les r\u00e9gions.\n    <\/p>\n<p>    France T\u00e9l\u00e9visions utilise votre adresse e-mail afin de vous envoyer la newsletter \u00ab\u00a0L\u2019actu des r\u00e9gions\u00a0\u00bb. Vous pouvez vous d\u00e9sinscrire \u00e0 tout moment via le lien en bas de cette newsletter. <a target=\"_blank\" href=\"https:\/\/www.francetelevisions.fr\/groupe\/confidentialite\/politique-de-confidentialite\/politique-de-confidentialite-de-france-televisions-6503\" rel=\"nofollow noopener\">Notre politique de confidentialit\u00e9<\/a><\/p>\n<p>Rapha\u00ebl Quenard, Laurent Mariotte, David Foenkinos et plusieurs centaines d&rsquo;auteurs sont pr\u00e9sents \u00e0 Nancy (Meurthe-et-Moselle) pour <a href=\"https:\/\/lelivresurlaplace.nancy.fr\/accueil\" target=\"_blank\" data-tooltip-url=\"https:\/\/lelivresurlaplace.nancy.fr\/accueil\" rel=\"noopener nofollow\">Le livre sur la Place<\/a>. Cet \u00e9v\u00e9nement culturel r\u00e9unit depuis 47 ans les lecteurs amateurs comme aguerris pour des rencontres, des discussions et des d\u00e9dicaces.<\/p>\n<p>Parmi les auteurs exposants, certains sont des \u00e9crivains r\u00e9gionaux qui tentent de faire conna\u00eetre leurs \u0153uvres et ce n&rsquo;est pas toujours simple. \u00ab\u00a0Il faut \u00eatre un peu m\u00e9diatis\u00e9, c&rsquo;est l&rsquo;effet du hasard,\u00a0explique Benoit Fourchand, auteur de Jour de Chasse, le seul truc qui me distingue c&rsquo;est que je viens de Nancy.\u00a0\u00bb<\/p>\n<blockquote class=\"ftvi_content_quote\">\n<p class=\"ftvi_citation_quote\">On peut aussi bien se retrouver dans le texte d&rsquo;un petit auteur inconnu que dans un best seller<\/p>\n<p>Jean-Louis Antoine, auteur du Carnet d&rsquo;aventures de Clair Arthur<\/p>\n<\/blockquote>\n<p>\u00ab\u00a0Le Livre sur la Place permet aux auteurs et \u00e9diteurs r\u00e9gionaux de parler de leurs livres, affirme Jean-Louis Antoine, venu pr\u00e9senter son livre Carnet d&rsquo;aventures de Clair Arthur, c&rsquo;est une chance extraordinaire pour tout le monde.\u00a0\u00bb Il estime tout de m\u00eame que l&rsquo;\u00e9v\u00e9nement \u00ab\u00a0ne se rend pas compte du potentiel humain qu&rsquo;ils peuvent apporter car [&#8230;] on peut aussi bien se retrouver dans le texte d&rsquo;un petit auteur inconnu que dans un best-seller\u00a0\u00bb.<\/p>\n<p>L&rsquo;auteur <a href=\"https:\/\/fr.wikipedia.org\/wiki\/Sorj_Chalandon\" target=\"_blank\" data-tooltip-url=\"https:\/\/fr.wikipedia.org\/wiki\/Sorj_Chalandon\" rel=\"noopener nofollow\">Sorj Chalandon <\/a>se souvient de ses d\u00e9buts au Livre sur la Place. \u00ab\u00a0J&rsquo;\u00e9tais ici en 2005 pour mon premier roman, j&rsquo;ai d\u00fb signer cinq ou six livres. Je voyais les autres \u00e0 c\u00f4t\u00e9 il y avait des files d&rsquo;attente je me demandais comment ils faisaient !\u00a0\u00bb Pour lui le secret ce n&rsquo;est pas d&rsquo;\u00eatre connu mais de continuer \u00e0 \u00e9crire en \u00e9tant \u00ab\u00a0aimant et honn\u00eate\u00a0\u00bb pour construire un lectorat fid\u00e8le. <a href=\"https:\/\/www.academiegoncourt.com\/tous-les-laureats-prix-goncourt\" target=\"_blank\" data-tooltip-url=\"https:\/\/www.academiegoncourt.com\/tous-les-laureats-prix-goncourt\" rel=\"noopener nofollow\">Vainqueur du prix Goncourt en 2013<\/a> pour son roman Le quatri\u00e8me mur, il trouve encore que \u00ab\u00a0la plus belle chose, c&rsquo;est quand quelqu&rsquo;un vient en disant je vois qu&rsquo;il y a du monde, j&rsquo;ai jamais entendu parler de vous, qu&rsquo;est-ce que vous faites ?\u00a0\u00bb.<\/p>\n","protected":false},"excerpt":{"rendered":"Article r\u00e9dig\u00e9 par les services programmes. La 47\u00e8 \u00e9dition du Livre sur la Place a d\u00e9but\u00e9 ce vendredi&hellip;\n","protected":false},"author":2,"featured_media":386415,"comment_status":"","ping_status":"","sticky":false,"template":"","format":"standard","meta":{"footnotes":""},"categories":[1357],"tags":[1379,58,59,1011,27,1380],"class_list":{"0":"post-386414","1":"post","2":"type-post","3":"status-publish","4":"format-standard","5":"has-post-thumbnail","7":"category-livres","8":"tag-books","9":"tag-divertissement","10":"tag-entertainment","11":"tag-fr","12":"tag-france","13":"tag-livres"},"share_on_mastodon":{"url":"https:\/\/pubeurope.com\/@fr\/115193814997610031","error":""},"_links":{"self":[{"href":"https:\/\/www.europesays.com\/fr\/wp-json\/wp\/v2\/posts\/386414","targetHints":{"allow":["GET"]}}],"collection":[{"href":"https:\/\/www.europesays.com\/fr\/wp-json\/wp\/v2\/posts"}],"about":[{"href":"https:\/\/www.europesays.com\/fr\/wp-json\/wp\/v2\/types\/post"}],"author":[{"embeddable":true,"href":"https:\/\/www.europesays.com\/fr\/wp-json\/wp\/v2\/users\/2"}],"replies":[{"embeddable":true,"href":"https:\/\/www.europesays.com\/fr\/wp-json\/wp\/v2\/comments?post=386414"}],"version-history":[{"count":0,"href":"https:\/\/www.europesays.com\/fr\/wp-json\/wp\/v2\/posts\/386414\/revisions"}],"wp:featuredmedia":[{"embeddable":true,"href":"https:\/\/www.europesays.com\/fr\/wp-json\/wp\/v2\/media\/386415"}],"wp:attachment":[{"href":"https:\/\/www.europesays.com\/fr\/wp-json\/wp\/v2\/media?parent=386414"}],"wp:term":[{"taxonomy":"category","embeddable":true,"href":"https:\/\/www.europesays.com\/fr\/wp-json\/wp\/v2\/categories?post=386414"},{"taxonomy":"post_tag","embeddable":true,"href":"https:\/\/www.europesays.com\/fr\/wp-json\/wp\/v2\/tags?post=386414"}],"curies":[{"name":"wp","href":"https:\/\/api.w.org\/{rel}","templated":true}]}}