{"id":386416,"date":"2025-09-12T23:01:11","date_gmt":"2025-09-12T23:01:11","guid":{"rendered":"https:\/\/www.europesays.com\/fr\/386416\/"},"modified":"2025-09-12T23:01:11","modified_gmt":"2025-09-12T23:01:11","slug":"tes-un-bouffon-grognasse-les-insultes-fusent-face-a-yann-barthes","status":"publish","type":"post","link":"https:\/\/www.europesays.com\/fr\/386416\/","title":{"rendered":"\u2018\u2018T\u2019es un bouffon\u201d, \u2018\u2018Grognasse\u201d : les insultes fusent face \u00e0 Yann Barth\u00e8s"},"content":{"rendered":"<p data-start=\"243\" data-end=\"607\">C\u2019\u00e9tait une s\u00e9quence aussi<br \/>\n<strong>inattendue qu\u2019hilarante<\/strong> sur le plateau de <a href=\"https:\/\/www.closermag.fr\/people\/gros-baiseur-yann-barthes-interdit-un-chroniqueur-de-quotidien-se-lache-totalement-3576047\" target=\"_blank\" rel=\"noopener\"><br \/>\nQuotidien<\/a> ce vendredi<br \/>\n12 septembre. Yann Barth\u00e8s recevait <a href=\"https:\/\/www.closermag.fr\/people\/lea-drucker-son-partenaire-de-jeu-accuse-de-viol-et-evince-de-cannes-elle-sort-du-silence-3545426\" target=\"_blank\" rel=\"noopener\"><br \/>\nL\u00e9a Drucker<\/a> et <a href=\"https:\/\/www.closermag.fr\/people\/anamaria-vartolomei-est-elle-en-couple-3413226\" target=\"_blank\" rel=\"noopener\"><br \/>\nAnamaria Vartolomei<\/a>, venues pr\u00e9senter leur nouveau film<br \/>\nL\u2019int\u00e9r\u00eat d\u2019Adam. Fid\u00e8le \u00e0<br \/>\nson style, l\u2019animateur a propos\u00e9 \u00e0 ses invit\u00e9es son fameux jeu de<br \/>\n\u2018\u2018<strong>l\u2019interview rafale<\/strong>\u201d. Il a encha\u00een\u00e9 les<br \/>\nquestions <strong>rapides et d\u00e9cal\u00e9es.<\/strong><\/p>\n<p data-start=\"609\" data-end=\"1049\">Tout commence dans une ambiance<br \/>\nl\u00e9g\u00e8re. \u00c0 la question \u2018\u2018Quel \u00e9tait votre <strong>r\u00eave<br \/>\nd\u2019enfant<\/strong> ?\u2019\u2019 L\u00e9a Drucker s\u2019amuse \u00e0 r\u00e9pondre :<br \/>\n\u2018\u2018Je r\u00eavais qu\u2019on puisse se <strong>d\u00e9placer qu\u2019en<br \/>\ntire-fesses<\/strong>.\u201d d\u00e9clenchant les <strong>rires<\/strong> du plateau.<br \/>\nAnamaria Vartolomei, plus classique, confie de son c\u00f4t\u00e9 qu\u2019elle<br \/>\nvoulait devenir <strong>actrice<\/strong>. Mais le ton change vite<br \/>\nlorsque <a href=\"https:\/\/www.closermag.fr\/tv_tele_realite\/films-pour-adultes-yann-barthes-nage-en-plein-malaise-un-ange-passe-dans-quotidien-3577924\" target=\"_blank\" rel=\"noopener\"><br \/>\nYann Barth\u00e8s<\/a> lance la question qui fait toujours mouche :<br \/>\n\u2018\u2018Quelle est votre <strong>insulte pr\u00e9f\u00e9r\u00e9e<br \/>\n?<\/strong>\u201d<\/p>\n<p>\u2018\u2018Bouffon\u2019\u2019 contre<br \/>\n\u2018\u2018Grognasse\u2019\u2019 : le clash en direct de Quotidien<\/p>\n<p data-start=\"1116\" data-end=\"1473\">L\u00e9a Drucker, dans un sourire,<br \/>\nl\u00e2che sans d\u00e9tour : \u2018\u2018<strong>C\u2019est un bouffon<\/strong>.\u201d De quoi surprendre<br \/>\nYann Barth\u00e8s qui r\u00e9plique amus\u00e9 : \u2018\u2018Oh, c\u2019est <strong>mignon<\/strong> \u00e7a ! Quand vous \u00eates tr\u00e8s<br \/>\n<strong>\u00e9nerv\u00e9e<\/strong>, vous dites, <strong>oh, un bouffon<br \/>\n?<\/strong>\u201d Ce \u00e0 quoi l\u2019actrice confirme : \u2018\u2018\u00c7a peut arriver.\u201d De son c\u00f4t\u00e9, Anamaria<br \/>\nVartolomei n\u2019y va pas de main morte et balance : \u2018\u2018<strong>Grognasse<\/strong>.\u201d<\/p>\n<p data-start=\"1475\" data-end=\"1895\">La situation dans<br \/>\nQuotidien prend une <strong>tournure<\/strong> encore plus<br \/>\n<strong>piquante<\/strong> lorsqu\u2019un disque du groupe <a href=\"https:\/\/www.closermag.fr\/people\/la-question-de-ma-vie-dapres-lea-salame-craque-sur-france-inter-entre-silence-rires-et-larmes-3560559\" target=\"_blank\" rel=\"noopener\"><br \/>\nFeu! Chatterton<\/a>, que les deux com\u00e9diennes se<br \/>\n<strong>disputaient<\/strong>, devient pr\u00e9texte \u00e0 un petit<br \/>\n<strong>clash<\/strong>. Anamaria Vartolomei lance \u00e0 L\u00e9a Drucker :<br \/>\n\u2018\u2018<strong>Grognasse<\/strong>.\u201d L\u2019int\u00e9ress\u00e9e r\u00e9plique aussit\u00f4t du<br \/>\ntac au tac : \u2018\u2018<strong>Bouffonne<\/strong>.\u201d Une passe d\u2019armes qui a provoqu\u00e9<br \/>\nl\u2019hilarit\u00e9 de Yann Barth\u00e8s et du public.<\/p>\n<p>Des<br \/>\nr\u00e9ponses franches et spontan\u00e9es de L\u00e9a Drucker et Anamaria<br \/>\nVartolomei face \u00e0 Yann Barth\u00e8s<\/p>\n<p data-start=\"194\" data-end=\"529\">Lors de l\u2019interview rafale, Yann<br \/>\nBarth\u00e8s a lanc\u00e9 : \u2018\u2018Est-ce que<br \/>\nvous pouvez vous <strong>d\u00e9crire en deux mots<\/strong> ?\u201d L\u00e9a<br \/>\nDrucker a r\u00e9pondu sans d\u00e9tour : \u2018\u2018<strong>D\u00e9sordonn\u00e9e et enthousiaste<\/strong>.\u201d Anamaria<br \/>\nVartolomei a choisi la simplicit\u00e9 : \u2018\u2018<strong>En construction<\/strong>. Il y a deux<br \/>\nmots.\u201d<\/p>\n<p data-start=\"531\" data-end=\"890\">Un peu plus tard, l\u2019animateur<br \/>\npose une autre question d\u00e9cisive : \u2018\u2018Si vous \u00e9tiez <strong>pr\u00e9sidente de la R\u00e9publique<\/strong>,<br \/>\nque feriez-vous en premier ?\u201d L\u00e9a Drucker r\u00e9pond avec gravit\u00e9<br \/>\n: \u2018\u2018<strong>J\u2019\u00e9couterais<\/strong>.\u2019\u2019 Tandis qu\u2019Anamaria,<br \/>\nfid\u00e8le \u00e0 son temp\u00e9rament, tranche : \u2018\u2018Euh\u2026 <strong>J\u2019agirais<\/strong>.\u201d Deux visions<br \/>\ntr\u00e8s diff\u00e9rentes mais tout aussi r\u00e9v\u00e9latrices de leurs<br \/>\npersonnalit\u00e9s.<\/p>\n","protected":false},"excerpt":{"rendered":"C\u2019\u00e9tait une s\u00e9quence aussi inattendue qu\u2019hilarante sur le plateau de Quotidien ce vendredi 12 septembre. Yann Barth\u00e8s recevait&hellip;\n","protected":false},"author":2,"featured_media":386417,"comment_status":"","ping_status":"","sticky":false,"template":"","format":"standard","meta":{"footnotes":""},"categories":[1356],"tags":[548,58,59,1011,27,1404,252,1364,1405],"class_list":{"0":"post-386416","1":"post","2":"type-post","3":"status-publish","4":"format-standard","5":"has-post-thumbnail","7":"category-television","8":"tag-article-simple","9":"tag-divertissement","10":"tag-entertainment","11":"tag-fr","12":"tag-france","13":"tag-quotidien","14":"tag-television","15":"tag-tv","16":"tag-yann-barthes"},"share_on_mastodon":{"url":"https:\/\/pubeurope.com\/@fr\/115193818944135429","error":""},"_links":{"self":[{"href":"https:\/\/www.europesays.com\/fr\/wp-json\/wp\/v2\/posts\/386416","targetHints":{"allow":["GET"]}}],"collection":[{"href":"https:\/\/www.europesays.com\/fr\/wp-json\/wp\/v2\/posts"}],"about":[{"href":"https:\/\/www.europesays.com\/fr\/wp-json\/wp\/v2\/types\/post"}],"author":[{"embeddable":true,"href":"https:\/\/www.europesays.com\/fr\/wp-json\/wp\/v2\/users\/2"}],"replies":[{"embeddable":true,"href":"https:\/\/www.europesays.com\/fr\/wp-json\/wp\/v2\/comments?post=386416"}],"version-history":[{"count":0,"href":"https:\/\/www.europesays.com\/fr\/wp-json\/wp\/v2\/posts\/386416\/revisions"}],"wp:featuredmedia":[{"embeddable":true,"href":"https:\/\/www.europesays.com\/fr\/wp-json\/wp\/v2\/media\/386417"}],"wp:attachment":[{"href":"https:\/\/www.europesays.com\/fr\/wp-json\/wp\/v2\/media?parent=386416"}],"wp:term":[{"taxonomy":"category","embeddable":true,"href":"https:\/\/www.europesays.com\/fr\/wp-json\/wp\/v2\/categories?post=386416"},{"taxonomy":"post_tag","embeddable":true,"href":"https:\/\/www.europesays.com\/fr\/wp-json\/wp\/v2\/tags?post=386416"}],"curies":[{"name":"wp","href":"https:\/\/api.w.org\/{rel}","templated":true}]}}