{"id":386418,"date":"2025-09-12T23:02:12","date_gmt":"2025-09-12T23:02:12","guid":{"rendered":"https:\/\/www.europesays.com\/fr\/386418\/"},"modified":"2025-09-12T23:02:12","modified_gmt":"2025-09-12T23:02:12","slug":"surprise-en-plein-mariage-a-cannes-slimane-debarque-pour-interpreter-la-chanson-la-plus-romantique-de-son-repertoire","status":"publish","type":"post","link":"https:\/\/www.europesays.com\/fr\/386418\/","title":{"rendered":"Surprise en plein mariage \u00e0 Cannes ! Slimane d\u00e9barque pour interpr\u00e9ter la chanson la plus romantique de son r\u00e9pertoire"},"content":{"rendered":"<p>            <img loading=\"lazy\" decoding=\"async\" src=\"https:\/\/www.europesays.com\/fr\/wp-content\/uploads\/2025\/09\/15559a7e4ed390c9-35x35-1.jpg\" class=\"author-article-picture\" width=\"35\" height=\"35\"\/><\/p>\n<p>                Par<br \/>\n                                    Tiffany Iacomacci<br \/>\n                                                    | R\u00e9dactrice<\/p>\n<p>\n                Ils se sont s\u00e9par\u00e9s \u00e0 la suite d\u2019une tromperie ? Passionn\u00e9e par la vie des people, raconter leurs histoires a \u00e9t\u00e9 une \u00e9vidence. Conna\u00eetre la derni\u00e8re actualit\u00e9 de la famille royale ? Cela fait \u00e9galement partie des plaisirs de Tiffany. Curieuse de nature, elle ne se tient jamais loin des r\u00e9seaux sociaux afin d\u2019\u00eatre s\u00fbre de ne rien manquer concernant ses c\u00e9l\u00e9brit\u00e9s pr\u00e9f\u00e9r\u00e9es.\n            <\/p>\n<p>\n    Slimane a surpris des fans jeudi 11 septembre. Comme d\u00e9voil\u00e9 sur une vid\u00e9o partag\u00e9e sur le compte Instagram de \u00ab\u00a0Purepeople\u00a0\u00bb, le chanteur se trouvait sur la plage de Cannes \u00e0 l\u2019occasion d\u2019une soir\u00e9e exceptionnelle : un mariage. Un moment hors du temps pour les deux tourtereaux durant lequel Slimane a interpr\u00e9t\u00e9 son tube de l\u2019Eurovision intitul\u00e9 \u00ab\u00a0Mon amour\u00a0\u00bb.\n<\/p>\n<p>                            <img loading=\"lazy\" decoding=\"async\" class=\"player-thumbnail\" src=\"https:\/\/www.europesays.com\/fr\/wp-content\/uploads\/2025\/09\/4c3eb7f8ef2db9a1-580x326-2.jpg\" width=\"580\" height=\"326\"\/><\/p>\n<p>                    Surprise en plein mariage \u00e0 Cannes ! Slimane d\u00e9barque pour interpr\u00e9ter la chanson la plus romantique de son r\u00e9pertoire<\/p>\n<p>La suite apr\u00e8s la publicit\u00e9<\/p>\n<p>C\u2019est une incroyable surprise qui a \u00e9t\u00e9 r\u00e9serv\u00e9e \u00e0 deux jeunes mari\u00e9s.<strong> Ils profitaient d\u2019une soir\u00e9e sur la plage de Cannes, les pieds dans le sable, lorsqu&rsquo;un invit\u00e9 surprise a d\u00e9barqu\u00e9 avec son micro. <\/strong>Il s\u2019agit de <a href=\"https:\/\/www.purepeople.com\/people\/slimane_p547128\" rel=\"nofollow noopener\" target=\"_blank\">Slimane<\/a>, chanteur r\u00e9v\u00e9l\u00e9 dans l\u2019\u00e9mission The Voice en 2016. C\u2019est depuis l\u2019arri\u00e8re-salle que ce dernier a d\u00e9but\u00e9 sa chanson avant de s\u2019\u00e9quiper afin de pouvoir les rejoindre sur la plage. De leur c\u00f4t\u00e9, les mari\u00e9s ont \u00e9t\u00e9 tr\u00e8s surpris, ne s\u2019attendant pas une seconde \u00e0 voir l\u2019interpr\u00e8te du morceau venir le chanteur devant eux, en chair et en os.<\/p>\n<p>Pour cette occasion sp\u00e9ciale, il a choisi d\u2019interpr\u00e9ter le morceau Mon amour, une ballade triste et romantique qu\u2019il avait d\u00e9voil\u00e9e lorsqu\u2019il a <a href=\"https:\/\/www.purepeople.com\/article\/eurovision-2024-ce-qu-il-faut-savoir-sur-le-concours-qui-sera-diffuse-sur-france-2_a519996\/1\" rel=\"nofollow noopener\" target=\"_blank\">repr\u00e9sent\u00e9 la France au concours de l\u2019Eurovision en 2024.<\/a><strong> Dans une vid\u00e9o partag\u00e9e sur le compte Instagram de <\/strong><strong>Purepeople<\/strong><strong>, on peut voir Slimane interpr\u00e9ter sa chanson sous les yeux des invit\u00e9s \u00e9mus. <\/strong>Tous sont r\u00e9unis autour des mari\u00e9s qui dansent un slow et on peut voir que la jeune femme a un grand sourire aux l\u00e8vres. Un moment hors du temps pour le couple mais aussi pour leurs invit\u00e9s qui ont pu en profiter pleinement.<\/p>\n<p>Slimane : un chanteur proche de ses fans mais un papa avant tout<\/p>\n<p>Slimane n\u2019oublie pas d\u2019\u00eatre pr\u00e9sent pour ses fans d\u00e8s qu\u2019il en a l\u2019occasion. <strong>Toutefois, avant d\u2019\u00eatre un artiste tr\u00e8s appr\u00e9ci\u00e9, il est un papa qui passe le maximum de son temps avec sa petite fille pr\u00e9nomm\u00e9e Esmeralda.<\/strong> Sur ses r\u00e9seaux sociaux,<a href=\"https:\/\/www.purepeople.com\/article\/la-silhouette-de-slimane-toujours-plus-affinee-les-videos-parlent-delles-memes_a542313\/1\" rel=\"nofollow noopener\" target=\"_blank\"> l\u2019artiste de 35 ans partage sa transformation physique,<\/a> qui ne cesse d\u2019\u00e9blouir ses fans, mais pas que. Ce mercredi 10 septembre, c\u2019est dans sa story Instagram qu\u2019il a partag\u00e9 une adorable vid\u00e9o dans laquelle on pouvait le voir avec sa fille. P\u00e8re et fille ont pass\u00e9 un moment de complicit\u00e9 \u00e0 pr\u00e9parer \u00e0 manger et qui a ravit les internautes. Il s\u2019agit de la deuxi\u00e8me en seulement quelques jours puisque, le 7 septembre dernier, Slimane avait d\u00e9j\u00e0 montr\u00e9 qu\u2019il pr\u00e9parait un g\u00e2teau avec Esmeralda.<\/p>\n<p>Apr\u00e8s la pluie vient le beau temps. Ces derniers mois, Slimane s\u2019est montr\u00e9 tr\u00e8s discret. Le chanteur, arriv\u00e9 quatri\u00e8me au concours de l\u2019Eurovision 2024, a travers\u00e9 une p\u00e9riode difficile. Il se trouvait en tourn\u00e9e pour son Cupidon Tour lorsqu&rsquo;on des<a href=\"https:\/\/www.purepeople.com\/article\/slimane-en-pleine-tournee-lenquete-qui-pese-sur-lui-a-refait-surface_a533752\/1\" rel=\"nofollow noopener\" target=\"_blank\"> techniciens de son \u00e9quipe a d\u00e9pos\u00e9 plainte pour harc\u00e8lement sexuel.<\/a><strong> L&rsquo;artiste de 35 ans a alors fait le choix de se retirer de la vie m\u00e9diatique mais il n\u2019oubliait pas de partager quelques moments de son quotidien parfois.<\/strong> Ce sont les plus pr\u00e9cieux qu\u2019il souhaitait d\u00e9voiler \u00e0 ses fans et ceux-ci \u00e9taient avec sa fille. Le visage d\u2019Esmeralda toujours bien cach\u00e9, Slimane profite de chaque instant en sa compagnie.\u00a0<br \/>\u00a0<\/p>\n<p>Slimane transform\u00e9 : loin de la lumi\u00e8re, retour \u00e0 l\u2019essentiel avec sa fille Esmeralda<\/p>\n","protected":false},"excerpt":{"rendered":"Par Tiffany Iacomacci | R\u00e9dactrice Ils se sont s\u00e9par\u00e9s \u00e0 la suite d\u2019une tromperie ? Passionn\u00e9e par la&hellip;\n","protected":false},"author":2,"featured_media":386419,"comment_status":"","ping_status":"","sticky":false,"template":"","format":"standard","meta":{"footnotes":""},"categories":[1355],"tags":[58,59,1011,27,1361,873],"class_list":{"0":"post-386418","1":"post","2":"type-post","3":"status-publish","4":"format-standard","5":"has-post-thumbnail","7":"category-musique","8":"tag-divertissement","9":"tag-entertainment","10":"tag-fr","11":"tag-france","12":"tag-music","13":"tag-musique"},"share_on_mastodon":{"url":"https:\/\/pubeurope.com\/@fr\/115193822908916969","error":""},"_links":{"self":[{"href":"https:\/\/www.europesays.com\/fr\/wp-json\/wp\/v2\/posts\/386418","targetHints":{"allow":["GET"]}}],"collection":[{"href":"https:\/\/www.europesays.com\/fr\/wp-json\/wp\/v2\/posts"}],"about":[{"href":"https:\/\/www.europesays.com\/fr\/wp-json\/wp\/v2\/types\/post"}],"author":[{"embeddable":true,"href":"https:\/\/www.europesays.com\/fr\/wp-json\/wp\/v2\/users\/2"}],"replies":[{"embeddable":true,"href":"https:\/\/www.europesays.com\/fr\/wp-json\/wp\/v2\/comments?post=386418"}],"version-history":[{"count":0,"href":"https:\/\/www.europesays.com\/fr\/wp-json\/wp\/v2\/posts\/386418\/revisions"}],"wp:featuredmedia":[{"embeddable":true,"href":"https:\/\/www.europesays.com\/fr\/wp-json\/wp\/v2\/media\/386419"}],"wp:attachment":[{"href":"https:\/\/www.europesays.com\/fr\/wp-json\/wp\/v2\/media?parent=386418"}],"wp:term":[{"taxonomy":"category","embeddable":true,"href":"https:\/\/www.europesays.com\/fr\/wp-json\/wp\/v2\/categories?post=386418"},{"taxonomy":"post_tag","embeddable":true,"href":"https:\/\/www.europesays.com\/fr\/wp-json\/wp\/v2\/tags?post=386418"}],"curies":[{"name":"wp","href":"https:\/\/api.w.org\/{rel}","templated":true}]}}