{"id":386424,"date":"2025-09-12T23:05:16","date_gmt":"2025-09-12T23:05:16","guid":{"rendered":"https:\/\/www.europesays.com\/fr\/386424\/"},"modified":"2025-09-12T23:05:16","modified_gmt":"2025-09-12T23:05:16","slug":"amine-harit-va-etre-prete-en-turquie","status":"publish","type":"post","link":"https:\/\/www.europesays.com\/fr\/386424\/","title":{"rendered":"Amine Harit va \u00eatre pr\u00eat\u00e9 en Turquie"},"content":{"rendered":"<p>Mais Amine Harit savait ses jours compt\u00e9s \u00e0 l\u2019OM. L\u2019\u00e9t\u00e9 s\u2019est \u00e9coul\u00e9, plusieurs march\u00e9s se sont referm\u00e9s les uns apr\u00e8s les autres, sans que l\u2019international marocain ne trouve preneur. Jusqu\u2019\u00e0 ce vendredi, donc.<\/p>\n<p>Comme indiqu\u00e9 par Foot Mercato et confirm\u00e9 par nos soins, un accord a \u00e9t\u00e9 trouv\u00e9 avec le club stambouliote de Basaksehir pour un pr\u00eat avec option d\u2019achat de l\u2019ancien Nantais qui ne figurait pas sur <a href=\"https:\/\/www.laprovence.com\/article\/om\/3977201257895114\/direct-laprovence-om-lorient-avant-le-real-et-le-psg-les-olympiens-recoivent-les-merlus-au-velodrome-suivez-lavant-match\" target=\"_blank\" rel=\"nofollow noopener\">la feuille de match de la rencontre face \u00e0 Lorient<\/a>.<\/p>\n<p>Le mercato en Turquie vit actuellement ses derniers instants\u2026<\/p>\n","protected":false},"excerpt":{"rendered":"Mais Amine Harit savait ses jours compt\u00e9s \u00e0 l\u2019OM. L\u2019\u00e9t\u00e9 s\u2019est \u00e9coul\u00e9, plusieurs march\u00e9s se sont referm\u00e9s les&hellip;\n","protected":false},"author":2,"featured_media":386425,"comment_status":"","ping_status":"","sticky":false,"template":"","format":"standard","meta":{"footnotes":""},"categories":[9],"tags":[17,25105,1086,1011,27,50951,1434,149,35152,60,3496],"class_list":{"0":"post-386424","1":"post","2":"type-post","3":"status-publish","4":"format-standard","5":"has-post-thumbnail","7":"category-sports","8":"tag-17","9":"tag-amine","10":"tag-etre","11":"tag-fr","12":"tag-france","13":"tag-harit","14":"tag-mercato","15":"tag-om","16":"tag-prete","17":"tag-sports","18":"tag-turquie"},"share_on_mastodon":{"url":"https:\/\/pubeurope.com\/@fr\/115193834793009238","error":""},"_links":{"self":[{"href":"https:\/\/www.europesays.com\/fr\/wp-json\/wp\/v2\/posts\/386424","targetHints":{"allow":["GET"]}}],"collection":[{"href":"https:\/\/www.europesays.com\/fr\/wp-json\/wp\/v2\/posts"}],"about":[{"href":"https:\/\/www.europesays.com\/fr\/wp-json\/wp\/v2\/types\/post"}],"author":[{"embeddable":true,"href":"https:\/\/www.europesays.com\/fr\/wp-json\/wp\/v2\/users\/2"}],"replies":[{"embeddable":true,"href":"https:\/\/www.europesays.com\/fr\/wp-json\/wp\/v2\/comments?post=386424"}],"version-history":[{"count":0,"href":"https:\/\/www.europesays.com\/fr\/wp-json\/wp\/v2\/posts\/386424\/revisions"}],"wp:featuredmedia":[{"embeddable":true,"href":"https:\/\/www.europesays.com\/fr\/wp-json\/wp\/v2\/media\/386425"}],"wp:attachment":[{"href":"https:\/\/www.europesays.com\/fr\/wp-json\/wp\/v2\/media?parent=386424"}],"wp:term":[{"taxonomy":"category","embeddable":true,"href":"https:\/\/www.europesays.com\/fr\/wp-json\/wp\/v2\/categories?post=386424"},{"taxonomy":"post_tag","embeddable":true,"href":"https:\/\/www.europesays.com\/fr\/wp-json\/wp\/v2\/tags?post=386424"}],"curies":[{"name":"wp","href":"https:\/\/api.w.org\/{rel}","templated":true}]}}