{"id":386426,"date":"2025-09-12T23:06:10","date_gmt":"2025-09-12T23:06:10","guid":{"rendered":"https:\/\/www.europesays.com\/fr\/386426\/"},"modified":"2025-09-12T23:06:10","modified_gmt":"2025-09-12T23:06:10","slug":"comme-avec-loana-et-pierre-palmade-le-retour-de-matthieu-delormeau-avec-cyril-hanouna-fait-craindre-le-pire","status":"publish","type":"post","link":"https:\/\/www.europesays.com\/fr\/386426\/","title":{"rendered":"\u201cComme avec Loana et Pierre Palmade\u2026\u201d : le retour de Matthieu Delormeau avec Cyril Hanouna fait craindre le pire"},"content":{"rendered":"<p data-start=\"247\" data-end=\"604\">Il a fait son grand<br \/>\n<strong>retour<\/strong> \u00e0 la t\u00e9l\u00e9vision : <a href=\"https:\/\/www.closermag.fr\/tv_tele_realite\/matthieu-delormeau-de-retour-dans-tbt9-apres-avoir-accuse-gilles-verdez-dhomophobie-et-lambiance-est-pesante-3578856\" rel=\"nofollow noopener\" target=\"_blank\"><br \/>\nMatthieu Delormeau<\/a>, ex-chroniqueur embl\u00e9matique de<br \/>\nTPMP, a<br \/>\n<strong>rejoint<\/strong> le nouveau talk-show de <a href=\"https:\/\/www.closermag.fr\/people\/une-video-limite-porno-matthieu-delormeau-fait-amende-honorable-face-a-cyril-hanouna-3578887\" rel=\"nofollow noopener\" target=\"_blank\"><br \/>\nCyril Hanouna<\/a>, TBT9<br \/>\nsur W9. Une <strong>rentr\u00e9e<\/strong> m\u00e9diatique qui marque aussi<br \/>\ncelle de l\u2019animateur quelques mois apr\u00e8s la <strong>fermeture de<br \/>\nC8<\/strong> et <strong>l\u2019arr\u00eat brutal de Touche pas \u00e0 mon poste.<\/strong><\/p>\n<p data-start=\"606\" data-end=\"953\">Mais ce come-back suscite d\u00e9j\u00e0<br \/>\nla <strong>pol\u00e9mique<\/strong>. <strong>Affaibli<\/strong> par une<br \/>\nann\u00e9e marqu\u00e9e par les <strong>pol\u00e9miques autour de la drogue, les<br \/>\nd\u00e9rapages et des gardes \u00e0 vue,<\/strong> Matthieu Delormeau divise.<br \/>\nFaut-il lui offrir une telle exposition <strong>m\u00e9diatique<\/strong><br \/>\nalors qu\u2019il traverse une p\u00e9riode de <strong>fragilit\u00e9<\/strong> ?<br \/>\nPour <a href=\"https:\/\/www.closermag.fr\/people\/quatre-fois-par-semaine-vincent-mc-doom-se-confie-sur-les-abus-sexuels-dont-il-a-ete-victime-a-ladolescence-3263316\" rel=\"nofollow noopener\" target=\"_blank\"><br \/>\nVincent McDoom<\/a>, ancien visage de La Ferme C\u00e9l\u00e9brit\u00e9s, la r\u00e9ponse est sans appel :<br \/>\nnon.<\/p>\n<p>Matthieu Delormeau : un retour<br \/>\npr\u00e9cipit\u00e9 qui rappelle de tristes pr\u00e9c\u00e9dents<\/p>\n<p data-start=\"1021\" data-end=\"1467\">Dans une interview donn\u00e9e au<br \/>\nYoutubeur Aaron avec 2 A, Vincent McDoom s\u2019inqui\u00e8te ouvertement de<br \/>\nce choix. \u2018\u2018Des personnes qui<br \/>\nont des <strong>probl\u00e8mes<\/strong>, et visiblement assez<br \/>\n<strong>graves<\/strong>, comme ce qu\u2019on est en train de voir avec<br \/>\nMatthieu Delormeau, \u00e7a me rappelle \u00e9norm\u00e9ment un <strong>Matthieu<br \/>\nDelormeau<\/strong> qui disait des <strong>saloperies<\/strong> sur<br \/>\n<strong>Loana.<\/strong>\u201d l\u00e2che-t-il sans d\u00e9tour. Pour lui,<br \/>\nCyril Hanouna prend un risque <strong>dangereux<\/strong> en mettant<br \/>\nen avant un chroniqueur encore trop <strong>fragile<\/strong>.<\/p>\n<p data-start=\"1469\" data-end=\"1937\">La comparaison est s\u00e9v\u00e8re mais<br \/>\nassum\u00e9e. \u2018\u2018On l\u2019a fait avec<br \/>\n<a href=\"https:\/\/www.closermag.fr\/people\/loana-au-plus-mal-apres-les-grosses-inquietudes-sur-son-etat-de-sante-elle-publie-une-photo-sans-equivoque-3578793\" rel=\"nofollow noopener\" target=\"_blank\"><br \/>\nLoana<\/a> et on l\u2019a fait avec beaucoup d\u2019autres personnes. Et moi<br \/>\nje trouve que ce n\u2019est <strong>pas de la bonne t\u00e9l\u00e9, c\u2019est de la<br \/>\nt\u00e9l\u00e9 trash<\/strong>.\u201d accuse Vincent McDoom. Et d\u2019ajouter un<br \/>\nparall\u00e8le encore plus lourd. \u2018\u2018On a vu le probl\u00e8me avec <a href=\"https:\/\/www.closermag.fr\/people\/pierre-palmade-deux-ans-apres-son-accident-un-enorme-bouleversement-juridique-3560433\" rel=\"nofollow noopener\" target=\"_blank\"><br \/>\nPierre Palmade<\/a>. Il <strong>tombe encore, et il<br \/>\nrevient<\/strong>. Tu vois ce que je veux dire ?\u201d Autrement<br \/>\ndit, un <strong>cycle destructeur<\/strong> que la t\u00e9l\u00e9vision, en<br \/>\nqu\u00eate de <strong>buzz<\/strong>, alimente plus qu\u2019elle ne<br \/>\nsoigne.<\/p>\n<p>Quand<br \/>\nla t\u00e9l\u00e9 nourrit la fragilit\u00e9 des stars comme Loana ou Pierre<br \/>\nPalmade<\/p>\n<p data-start=\"1995\" data-end=\"2411\">Au-del\u00e0 du cas de Matthieu<br \/>\nDelormeau, c\u2019est toute la <strong>responsabilit\u00e9 du petit<br \/>\n\u00e9cran<\/strong> qui est point\u00e9e du doigt. Vincent McDoom d\u00e9nonce une<br \/>\nlogique de spectacle qui exploite la <strong>vuln\u00e9rabilit\u00e9<\/strong><br \/>\ndes personnalit\u00e9s publiques au lieu de les prot\u00e9ger.<br \/>\n\u2018\u2018C\u2019est faire du<br \/>\n<strong>buzz<\/strong> avec la <strong>maladie<\/strong> de<br \/>\nquelqu\u2019un, c\u2019est aussi <strong>foutre la personne dans un<br \/>\nprobl\u00e8me<\/strong>. Finalement, c\u2019est <strong>non-assistance \u00e0<br \/>\npersonne en danger.<\/strong>\u201d regrette-t-il.<\/p>\n<p data-start=\"2413\" data-end=\"2773\">Les <strong>histoires<br \/>\nr\u00e9currentes de Loana ou les d\u00e9boires de Pierre Palmade<\/strong><br \/>\nsont venus rappeler \u00e0 quel point une surexposition peut acc\u00e9l\u00e9rer<br \/>\nles <strong>chutes<\/strong>. Dans ce contexte, le retour de<br \/>\nMatthieu Delormeau s\u2019inscrit dans une tendance<br \/>\n<strong>inqui\u00e9tante<\/strong> o\u00f9 la t\u00e9l\u00e9vision met en avant des<br \/>\npersonnes <strong>fragiles<\/strong>.<\/p>\n","protected":false},"excerpt":{"rendered":"Il a fait son grand retour \u00e0 la t\u00e9l\u00e9vision : Matthieu Delormeau, ex-chroniqueur embl\u00e9matique de TPMP, a rejoint&hellip;\n","protected":false},"author":2,"featured_media":386427,"comment_status":"","ping_status":"","sticky":false,"template":"","format":"standard","meta":{"footnotes":""},"categories":[8],"tags":[548,1083,58,59,1011,27,13033,7830,1250],"class_list":{"0":"post-386426","1":"post","2":"type-post","3":"status-publish","4":"format-standard","5":"has-post-thumbnail","7":"category-divertissement","8":"tag-article-simple","9":"tag-cyril-hanouna","10":"tag-divertissement","11":"tag-entertainment","12":"tag-fr","13":"tag-france","14":"tag-loana","15":"tag-matthieu-delormeau","16":"tag-pierre-palmade"},"share_on_mastodon":{"url":"https:\/\/pubeurope.com\/@fr\/115193838567441364","error":""},"_links":{"self":[{"href":"https:\/\/www.europesays.com\/fr\/wp-json\/wp\/v2\/posts\/386426","targetHints":{"allow":["GET"]}}],"collection":[{"href":"https:\/\/www.europesays.com\/fr\/wp-json\/wp\/v2\/posts"}],"about":[{"href":"https:\/\/www.europesays.com\/fr\/wp-json\/wp\/v2\/types\/post"}],"author":[{"embeddable":true,"href":"https:\/\/www.europesays.com\/fr\/wp-json\/wp\/v2\/users\/2"}],"replies":[{"embeddable":true,"href":"https:\/\/www.europesays.com\/fr\/wp-json\/wp\/v2\/comments?post=386426"}],"version-history":[{"count":0,"href":"https:\/\/www.europesays.com\/fr\/wp-json\/wp\/v2\/posts\/386426\/revisions"}],"wp:featuredmedia":[{"embeddable":true,"href":"https:\/\/www.europesays.com\/fr\/wp-json\/wp\/v2\/media\/386427"}],"wp:attachment":[{"href":"https:\/\/www.europesays.com\/fr\/wp-json\/wp\/v2\/media?parent=386426"}],"wp:term":[{"taxonomy":"category","embeddable":true,"href":"https:\/\/www.europesays.com\/fr\/wp-json\/wp\/v2\/categories?post=386426"},{"taxonomy":"post_tag","embeddable":true,"href":"https:\/\/www.europesays.com\/fr\/wp-json\/wp\/v2\/tags?post=386426"}],"curies":[{"name":"wp","href":"https:\/\/api.w.org\/{rel}","templated":true}]}}