{"id":386430,"date":"2025-09-12T23:08:17","date_gmt":"2025-09-12T23:08:17","guid":{"rendered":"https:\/\/www.europesays.com\/fr\/386430\/"},"modified":"2025-09-12T23:08:17","modified_gmt":"2025-09-12T23:08:17","slug":"fnac-darty-menace-de-passer-sous-le-controle-du-chinois-jd-com","status":"publish","type":"post","link":"https:\/\/www.europesays.com\/fr\/386430\/","title":{"rendered":"Fnac Darty menac\u00e9 de passer sous le contr\u00f4le du chinois JD.com"},"content":{"rendered":"<p><strong>D\u00c9CRYPTAGE <\/strong>&#8211; Bercy demande des informations au g\u00e9ant de l\u2019e-commerce asiatique, apr\u00e8s son OPA lanc\u00e9e sur Ceconomy, qui d\u00e9tient 22% du distributeur fran\u00e7ais.<\/p>\n<p class=\"fig-paragraph\">Un g\u00e9ant chinois de l\u2019e-commerce bient\u00f4t au capital de\u00a0<a href=\"http:\/\/www.lefigaro.fr\/conjoncture\/amende-record-pour-fnac-darty-la-traque-aux-mauvais-payeurs-continue-20250805\" data-fig-type=\"Article\" data-gtm-custom-categorie=\"navigation\" data-gtm-custom-action=\"crossclick\" data-gtm-custom-label=\"Contextuel\" data-gtm-event=\"customEventSPE\" data-fig-domain=\"LEFIGARO\" target=\"_blank\" rel=\"noopener\">Fnac Darty<\/a>\u00a0? Le sc\u00e9nario, en bonne voie de se r\u00e9aliser, inqui\u00e8te \u00e0 Bercy. M\u00eame si le gouvernement ne fait que g\u00e9rer les affaires courantes, il s\u2019attelle \u00e0 retarder l\u2019op\u00e9ration. Mercredi, le minist\u00e8re de l\u2019\u00c9conomie a adress\u00e9 \u00e0\u00a0<a href=\"http:\/\/www.lefigaro.fr\/flash-eco\/le-geant-chinois-jd-com-realise-une-grosse-acquisition-en-allemagne-20250731\" data-fig-type=\"NewsFlash\" data-gtm-custom-categorie=\"navigation\" data-gtm-custom-action=\"crossclick\" data-gtm-custom-label=\"Contextuel\" data-gtm-event=\"customEventSPE\" data-fig-domain=\"LEFIGARO\" target=\"_blank\" rel=\"noopener\">JD.com<\/a>\u00a0une lettre lui enjoignant de fournir davantage d\u2019informations sur ses ambitions en France et en Europe, ainsi que sur sa strat\u00e9gie d\u2019investissement, comme l\u2019ont r\u00e9v\u00e9l\u00e9 Les\u00a0\u00c9chos.<\/p>\n<p class=\"fig-paragraph\">D\u00e9sireux de prendre pied en Europe, le groupe chinois a lanc\u00e9 fin juillet une OPA sur le distributeur allemand Ceconomy, le valorisant 2,2\u00a0milliards d\u2019euros. Or ce dernier n\u2019est pas seulement le plus grand distributeur de produits \u00e9lectroniques en Europe, \u00e0 la t\u00eate de quelque 1000 magasins MediaMarkt et Saturn en Allemagne, en Espagne et en Italie. C\u2019est aussi le deuxi\u00e8me actionnaire de Fnac Darty depuis le rachat des parts de la\u00a0<a href=\"http:\/\/www.lefigaro.fr\/medias\/la-famille-pinault-entre-au-capital-du-groupe-d-edition-les-nouveaux-editeurs-20250203\" data-fig-type=\"NewsFlash\" data-gtm-custom-categorie=\"navigation\" data-gtm-custom-action=\"crossclick\" data-gtm-custom-label=\"Contextuel\" data-gtm-event=\"customEventSPE\" data-fig-domain=\"LEFIGARO\" target=\"_blank\" rel=\"noopener\">famille Pinault\u00a0<\/a>en 2017.<\/p>\n<p class=\"fig-paragraph\">Ceconomy d\u00e9tient aujourd\u2019hui 22% du distributeur fran\u00e7ais, en a longtemps\u2026<\/p>\n<p class=\"fig-premium-paywall__infos\">\n        Cet article est r\u00e9serv\u00e9 aux abonn\u00e9s.        Il vous reste 84% \u00e0 d\u00e9couvrir.\n    <\/p>\n<p>                <img  data- alt=\"Le Figaro\" class=\"fig-img--complete fig-img\"\/><\/p>\n<p class=\"fig-premium-paywall__title\">Vous avez envie de lire la suite ?<\/p>\n<p class=\"fig-premium-paywall__subtitle\">D\u00e9bloquez tous les articles imm\u00e9diatement.<\/p>\n<p class=\"fig-premium-paywall__connect\">\n                D\u00e9j\u00e0 abonn\u00e9\u00a0?                <a class=\"fig-premium-paywall__connect-link\" href=\"https:\/\/connect.lefigaro.fr\/login?client=horizon_web&amp;type=main&amp;redirect_uri=https%3A%2F%2Fwww.lefigaro.fr%2Fsocietes%2Ffnac-darty-menace-de-passer-sous-le-controle-du-chinois-jd-com-20250912\" data-js-gtm=\"{&quot;customCategorie&quot;: &quot;conversion&quot;, &quot;customAction&quot;: &quot;before_Landing_Connexion_paywall_auto&quot;, &quot;customLabel&quot;: &quot;bGVmaWdhcm8uZnJfXzFmMDhmZDNmLTU0NDctNmZmMC1iYWRjLTBiYjMyZjUxNzRkNV9fQXJ0aWNsZQ==_Fnac Darty menac\u00e9 de passer sous le contr\u00f4le du chinois JD.com_71&quot;, &quot;customIDSPE&quot;: &quot;bGVmaWdhcm8uZnJfXzFmMDhmZDNmLTU0NDctNmZmMC1iYWRjLTBiYjMyZjUxNzRkNV9fQXJ0aWNsZQ==&quot;, &quot;event&quot;: &quot;customEventSPE&quot;}\" target=\"_blank\" rel=\"noopener\"><br \/>\n                    Connectez-vous<br \/>\n                <\/a>\n            <\/p>\n","protected":false},"excerpt":{"rendered":"D\u00c9CRYPTAGE &#8211; Bercy demande des informations au g\u00e9ant de l\u2019e-commerce asiatique, apr\u00e8s son OPA lanc\u00e9e sur Ceconomy, qui&hellip;\n","protected":false},"author":2,"featured_media":386431,"comment_status":"","ping_status":"","sticky":false,"template":"","format":"standard","meta":{"footnotes":""},"categories":[6],"tags":[35,16679,33,34,13553,1011,27,42546],"class_list":{"0":"post-386430","1":"post","2":"type-post","3":"status-publish","4":"format-standard","5":"has-post-thumbnail","7":"category-economie","8":"tag-business","9":"tag-darty","10":"tag-economie","11":"tag-economy","12":"tag-fnac","13":"tag-fr","14":"tag-france","15":"tag-jd-com"},"share_on_mastodon":{"url":"https:\/\/pubeurope.com\/@fr\/115193846531589139","error":""},"_links":{"self":[{"href":"https:\/\/www.europesays.com\/fr\/wp-json\/wp\/v2\/posts\/386430","targetHints":{"allow":["GET"]}}],"collection":[{"href":"https:\/\/www.europesays.com\/fr\/wp-json\/wp\/v2\/posts"}],"about":[{"href":"https:\/\/www.europesays.com\/fr\/wp-json\/wp\/v2\/types\/post"}],"author":[{"embeddable":true,"href":"https:\/\/www.europesays.com\/fr\/wp-json\/wp\/v2\/users\/2"}],"replies":[{"embeddable":true,"href":"https:\/\/www.europesays.com\/fr\/wp-json\/wp\/v2\/comments?post=386430"}],"version-history":[{"count":0,"href":"https:\/\/www.europesays.com\/fr\/wp-json\/wp\/v2\/posts\/386430\/revisions"}],"wp:featuredmedia":[{"embeddable":true,"href":"https:\/\/www.europesays.com\/fr\/wp-json\/wp\/v2\/media\/386431"}],"wp:attachment":[{"href":"https:\/\/www.europesays.com\/fr\/wp-json\/wp\/v2\/media?parent=386430"}],"wp:term":[{"taxonomy":"category","embeddable":true,"href":"https:\/\/www.europesays.com\/fr\/wp-json\/wp\/v2\/categories?post=386430"},{"taxonomy":"post_tag","embeddable":true,"href":"https:\/\/www.europesays.com\/fr\/wp-json\/wp\/v2\/tags?post=386430"}],"curies":[{"name":"wp","href":"https:\/\/api.w.org\/{rel}","templated":true}]}}