{"id":386434,"date":"2025-09-12T23:10:14","date_gmt":"2025-09-12T23:10:14","guid":{"rendered":"https:\/\/www.europesays.com\/fr\/386434\/"},"modified":"2025-09-12T23:10:14","modified_gmt":"2025-09-12T23:10:14","slug":"violences-et-outrages-devant-le-commissariat-de-pau-quatre-manifestants-condamnes-ce-vendredi","status":"publish","type":"post","link":"https:\/\/www.europesays.com\/fr\/386434\/","title":{"rendered":"Violences et outrages devant le commissariat de Pau\u00a0: quatre manifestants condamn\u00e9s ce vendredi"},"content":{"rendered":"<p>    La r\u00e9daction vous conseille<\/p>\n<p>Ce vendredi, quatre pr\u00e9venus sont <a href=\"https:\/\/www.larepubliquedespyrenees.fr\/faits-divers\/justice\/bloquons-tout-a-pau-trois-autres-manifestants-juges-ce-vendredi-en-comparution-immediate-25888486.php\" target=\"_blank\" rel=\"follow nofollow noopener\">jug\u00e9s en comparution imm\u00e9diate<\/a> pour \u00eatre rest\u00e9 dans l\u2019attroupement malgr\u00e9 les sommations, pour des violences sur les forces de l\u2019ordre, des outrages et m\u00eame des r\u00e9bellions. Le parquet entend se montrer inflexible. \u00ab\u00a0S\u2019il y a de nouvelles manifestations, chaque fait contre des policiers ou des gendarmes sera poursuivi en comparution imm\u00e9diate.\u00a0\u00bb<\/p>\n<p>\u00ab\u00a0Faire un exemple\u00a0\u00bb<\/p>\n<p>Le premier \u00e0 passer, c\u2019est Xavier, un trentenaire auquel il est reproch\u00e9, notamment d\u2019avoir mis un coup d\u2019\u00e9paule \u00e0 un policier. \u00ab\u00a0Il m\u2019a regard\u00e9 droit dans les yeux, c\u2019\u00e9tait un regard de d\u00e9fi\u00a0\u00bb, dira le policier. Le manifestant aurait ensuite tent\u00e9 de r\u00e9sister \u00e0 son interpellation.<\/p>\n<p>Le pr\u00e9venu reconna\u00eet avoir cri\u00e9 \u00ab\u00a0Tout le monde d\u00e9teste la police\u00a0\u00bb, \u00ab\u00a0pris dans l\u2019ambiance\u00a0\u00bb de la manifestation et plaide \u00ab\u00a0un geste involontaire\u00a0\u00bb. Ce vendeur conseiller en animalerie explique avoir suivi le cort\u00e8ge. \u00ab\u00a0Je n\u2019\u00e9tais pas venu pour en d\u00e9coudre.\u00a0\u00bb Le procureur Rodolphe Jarry, \u00ab\u00a0effar\u00e9 par ses explications\u00a0\u00bb, r\u00e9clame 4 mois de prison ferme sous bracelet \u00e9lectronique.<\/p>\n<p>        <img decoding=\"async\" id=\"25899096\" src=\"https:\/\/www.europesays.com\/fr\/wp-content\/uploads\/2025\/09\/rep-12001-hd178253.jpg\" alt=\"Peu apr\u00e8s 16\u00a0h\u00a030, la tension a explos\u00e9 rue O\u2019Quin lors de la manifestation \u00ab\u00a0Bloquons tout\u00a0\u00bb.\" itemprop=\"contentURL\"\/><\/p>\n<p>    Peu apr\u00e8s 16\u00a0h\u00a030, la tension a explos\u00e9 rue O\u2019Quin lors de la manifestation \u00ab\u00a0Bloquons tout\u00a0\u00bb.<\/p>\n<p>A.\u00a0Torrent<\/p>\n<p>\u00ab\u00a0Ce que demande le procureur, ce n\u2019est pas de rendre la justice, mais de faire un exemple pour les prochaines manifestations\u00a0\u00bb, r\u00e9torque en d\u00e9fense Me Virginie Lambert. Elle obtient la relaxe sur la r\u00e9bellion mais pas sur les violences. Xavier est condamn\u00e9 \u00e0 4 mois de prison avec sursis, un stage de citoyennet\u00e9.<\/p>\n<p>Pierrafeu ou viking\u00a0?<\/p>\n<p>Carrure plus large, Lucas est poursuivi pour avoir jet\u00e9 un b\u00e2ton \u00e0 la t\u00eate d\u2019un policier. Le projectile a rebondi sur la visi\u00e8re de son casque. Il a ensuite d\u00e9tal\u00e9, avant d\u2019\u00eatre rattrap\u00e9 vers le parking de Verdun, o\u00f9 il a outrag\u00e9 des policiers, les traitant de \u00ab\u00a0baltringues\u00a0\u00bb, lors de son interpellation.<\/p>\n<p>    \u00ab\u00a0La journ\u00e9e a \u00e9t\u00e9 longue\u00a0\u00bb<br \/>\n\u00ab\u00a0On y \u00e9tait depuis 5 heures du matin\u00a0\u00bb, rappelle le commissaire de la police en tenue qui a veill\u00e9 \u00e0 \u00ab\u00a0encadrer une manifestation spontan\u00e9e, non d\u00e9clar\u00e9e et tr\u00e8s d\u00e9sorganis\u00e9e\u00a0\u00bb. \u00ab\u00a0On a tout mis en \u0153uvre pour que \u00e7a se passe bien.\u00a0\u00bb Le tribunal lui demande s\u2019il se souvient des outrages qui sont reproch\u00e9s \u00e0 un des pr\u00e9venus. \u00ab\u00a0La journ\u00e9e a \u00e9t\u00e9 tellement longue et je me suis tellement fait insulter que je ne suis pas en mesure de rappeler les propos qu\u2019il a pu tenir.\u00a0\u00bb<\/p>\n<p>Avant que \u00e7a ne d\u00e9g\u00e9n\u00e8re, levant son t-shirt face aux policiers, il avait frapp\u00e9 son ventre avec son b\u00e2ton, \u00ab\u00a0un peu comme les vikings, en mode guerrier\u00a0\u00bb, a-t-il pu justifier. \u00ab\u00a0Le b\u00e2ton, je l\u2019ai jet\u00e9 par \u00e9nervement mais je n\u2019ai pas vis\u00e9 le policier\u00a0\u00bb, tente le pr\u00e9venu. \u00ab\u00a0Ce n\u2019est pas une petite branche, c\u2019est un gourdin\u00a0! s\u2019agace Me Gr\u00e9goire Barreau, l\u2019avocat du policier. C\u2019est plus une attaque de Pierrafeu que de Viking. Il va jeter ce gourdin au visage du premier policier venu.\u00a0\u00bb<\/p>\n<p>Six mois de prison ferme sous bracelet \u00e9lectronique et un stage de citoyennet\u00e9 sont requis. \u00ab\u00a0Il n\u2019a pas voulu le blesser\u00a0\u00bb, oppose Me Lambert, en d\u00e9fense. \u00ab\u00a0Je ne dis pas que c\u2019est bien, je regrette quand m\u00eame, je ne suis pas quelqu\u2019un de violent\u00a0\u00bb, l\u00e2che le pr\u00e9venu, boucher en reconversion professionnelle. Il est condamn\u00e9 \u00e0 6 mois de prison avec sursis et un stage de citoyennet\u00e9.<\/p>\n<p>\u00ab\u00a0Rien ne bouge quand on est calme\u00a0\u00bb<\/p>\n<p>Jade, 24\u00a0ans, se pr\u00e9sente \u00e0 son tour. Saisonni\u00e8re dans l\u2019agriculture, elle vit avec ses chiens dans son camion \u00e0 Oloron. C\u2019est parce que \u00ab\u00a0rien ne bouge quand on est calme\u00a0\u00bb, que cette habitu\u00e9e des manifestations reconna\u00eet avoir \u00ab\u00a0p\u00e9t\u00e9 les plombs\u00a0\u00bb. B\u00e2ton en main, elle a insult\u00e9 toute la journ\u00e9e les forces de l\u2019ordre et jet\u00e9 des \u00ab\u00a0\u0153ufs pourris\u00a0\u00bb et une canette de bi\u00e8re \u00ab\u00a0en pleine t\u00eate\u00a0\u00bb des gendarmes mobiles, en faction devant la pr\u00e9fecture.<\/p>\n<p>    La r\u00e9daction vous conseille<\/p>\n<p>Un \u00ab\u00a0trop-plein d\u2019\u00e9nervement\u00a0\u00bb dirig\u00e9 particuli\u00e8rement sur une jeune militaire, \u00ab\u00a0deux ans plus jeune qu\u2019elle\u00a0\u00bb note la vice-procureur B\u00e9atrice Bioux. Le commissaire Homar Ajdid, t\u00e9moin des faits, relate \u00ab\u00a0une hostilit\u00e9 constante et une volont\u00e9 d\u2019humilier\u00a0\u00bb. Jade a m\u00eame pris une photo de la militaire outrag\u00e9e, \u00ab\u00a0pour garder un souvenir, \u00e7a me faisait plaisir\u00a0\u00bb.<\/p>\n<p>\u00ab\u00a0J\u2019aurais pu faire autrement mais j\u2019avais des choses \u00e0 revendiquer\u00a0\u00bb ajoute celle qui voulait ainsi d\u00e9noncer \u00ab\u00a0les bavures polici\u00e8res\u00a0\u00bb et promet \u00ab\u00a0de faire diff\u00e9remment la prochaine fois\u00a0\u00bb. Son avocat Me Ludovic Tardy, minimisant les violences, conteste les 4 mois ferme am\u00e9nageables requis pour cette jeune femme sans ant\u00e9c\u00e9dent. Le tribunal s\u2019en tient \u00e0 6 mois de prison avec sursis et un stage de citoyennet\u00e9.<\/p>\n<p>Croquettes et jets de projectiles<\/p>\n<p>Enfin, il y a Robin, 28\u00a0ans, jardinier \u00e0 son compte dans un village de l\u2019Ouest-B\u00e9arn. Il est venu manifester avec sa compagne avec comme slogan\u00a0: \u00ab\u00a0Pour des croquettes moins ch\u00e8res\u00a0\u00bb. Un trait d\u2019humour qui tranche avec les faits. Ignorant les sommations devant le commissariat, il a jet\u00e9 sa fameuse pancarte, \u00ab\u00a0par r\u00e9flexe\u00a0\u00bb dit-il, sur les policiers avant de prendre la fuite. Puis il est revenu vers un groupe de fonctionnaires \u00ab\u00a0affair\u00e9s et de dos\u00a0\u00bb. L\u00e0, \u00ab\u00a0il a arm\u00e9 son bras et jet\u00e9 une bombe de peinture\u00a0\u00bb. Un officier, non casqu\u00e9, a \u00e9t\u00e9 atteint au niveau du cou.<\/p>\n<p>\u00ab\u00a0Nous n\u2019\u00e9tions plus sur la baisse revendiqu\u00e9e du prix des croquettes\u2026\u00a0\u00bb commente le vice-procureur S\u00e9bastien Baraldi. Il requiert 4 mois ferme am\u00e9nageables. \u00ab\u00a0Il n\u2019est pas venu casser du flic\u00a0! affirme Me Florence Brus.  S\u2019il revient, c\u2019est parce que sa femme est en train de se faire interpeller\u00a0\u00bb. Le tribunal l\u2019a relax\u00e9 des faits de r\u00e9bellion lors de son interpellation. Pour le reste, Robin s\u2019en sort avec 4 mois de prison avec sursis et un stage de citoyennet\u00e9<\/p>\n","protected":false},"excerpt":{"rendered":"La r\u00e9daction vous conseille Ce vendredi, quatre pr\u00e9venus sont jug\u00e9s en comparution imm\u00e9diate pour \u00eatre rest\u00e9 dans l\u2019attroupement&hellip;\n","protected":false},"author":2,"featured_media":386435,"comment_status":"","ping_status":"","sticky":false,"template":"","format":"standard","meta":{"footnotes":""},"categories":[4],"tags":[11,1011,27,12,25],"class_list":{"0":"post-386434","1":"post","2":"type-post","3":"status-publish","4":"format-standard","5":"has-post-thumbnail","7":"category-france","8":"tag-actualites","9":"tag-fr","10":"tag-france","11":"tag-news","12":"tag-republique-francaise"},"share_on_mastodon":{"url":"https:\/\/pubeurope.com\/@fr\/115193854593355479","error":""},"_links":{"self":[{"href":"https:\/\/www.europesays.com\/fr\/wp-json\/wp\/v2\/posts\/386434","targetHints":{"allow":["GET"]}}],"collection":[{"href":"https:\/\/www.europesays.com\/fr\/wp-json\/wp\/v2\/posts"}],"about":[{"href":"https:\/\/www.europesays.com\/fr\/wp-json\/wp\/v2\/types\/post"}],"author":[{"embeddable":true,"href":"https:\/\/www.europesays.com\/fr\/wp-json\/wp\/v2\/users\/2"}],"replies":[{"embeddable":true,"href":"https:\/\/www.europesays.com\/fr\/wp-json\/wp\/v2\/comments?post=386434"}],"version-history":[{"count":0,"href":"https:\/\/www.europesays.com\/fr\/wp-json\/wp\/v2\/posts\/386434\/revisions"}],"wp:featuredmedia":[{"embeddable":true,"href":"https:\/\/www.europesays.com\/fr\/wp-json\/wp\/v2\/media\/386435"}],"wp:attachment":[{"href":"https:\/\/www.europesays.com\/fr\/wp-json\/wp\/v2\/media?parent=386434"}],"wp:term":[{"taxonomy":"category","embeddable":true,"href":"https:\/\/www.europesays.com\/fr\/wp-json\/wp\/v2\/categories?post=386434"},{"taxonomy":"post_tag","embeddable":true,"href":"https:\/\/www.europesays.com\/fr\/wp-json\/wp\/v2\/tags?post=386434"}],"curies":[{"name":"wp","href":"https:\/\/api.w.org\/{rel}","templated":true}]}}